{"id":354880,"date":"2017-11-27T00:01:58","date_gmt":"2017-11-27T06:01:58","guid":{"rendered":"http:\/\/www.diarioimagen.net\/?p=354880"},"modified":"2017-11-27T00:10:46","modified_gmt":"2017-11-27T06:10:46","slug":"la-noche-blanca-en-merida-se-realizara-el-sabado-2-de-diciembre-con-147-eventos-en-65-sedes","status":"publish","type":"post","link":"https:\/\/www.diarioimagen.net\/?p=354880","title":{"rendered":"La Noche Blanca en M\u00e9rida se realizar\u00e1 el s\u00e1bado 2 de diciembre con 147 eventos en 65 sedes"},"content":{"rendered":"<h2>De cinco estrellas<\/h2>\n<h5>Victoria Gonz\u00e1lez Prado<\/h5>\n<p>&nbsp;<\/p>\n<ul>\n<li><em><strong>El famoso hotel <\/strong><\/em><strong>The Fhesham Dubl\u00edn<\/strong><em><strong>, hoy <\/strong><\/em><strong>Riu Plaza<\/strong><em><strong>, celebr\u00f3 su 200 aniversario y\u00a0 present\u00f3 las mejoras y modernizaci\u00f3n<\/strong><\/em><\/li>\n<li><em><strong>El Aeropuerto Internacional Hermanos Serd\u00e1n de Puebla registr\u00f3 un incremento de usuarios de 32.2 por ciento \u00a0<\/strong><\/em><\/li>\n<li><em><strong>La aerol\u00ednea de bandera canadiense contrat\u00f3 el sistema completo para la gesti\u00f3n de pasajeros de <\/strong><\/em><strong>Amadeus<\/strong><em><strong>\u00a0<\/strong><\/em><\/li>\n<li><em><strong>Interjet ofrecer\u00e1 descuentos hasta del 50 por ciento para viajar en rutas nacionales e internacionales, hoy, en el <\/strong><\/em><strong>Cyber Monday<\/strong><\/li>\n<\/ul>\n<p>&nbsp;<\/p>\n<div id=\"attachment_354881\" style=\"width: 470px\" class=\"wp-caption aligncenter\"><a href=\"http:\/\/www.diarioimagen.net\/?attachment_id=354881\" rel=\"attachment wp-att-354881\"><img loading=\"lazy\" decoding=\"async\" aria-describedby=\"caption-attachment-354881\" class=\"size-large wp-image-354881\" src=\"http:\/\/www.diarioimagen.net\/wp-content\/uploads\/2017\/11\/turismo-3259-460x259.jpg\" alt=\"\" width=\"460\" height=\"259\" srcset=\"https:\/\/www.diarioimagen.net\/wp-content\/uploads\/2017\/11\/turismo-3259-460x259.jpg 460w, https:\/\/www.diarioimagen.net\/wp-content\/uploads\/2017\/11\/turismo-3259-240x135.jpg 240w, https:\/\/www.diarioimagen.net\/wp-content\/uploads\/2017\/11\/turismo-3259-235x132.jpg 235w, https:\/\/www.diarioimagen.net\/wp-content\/uploads\/2017\/11\/turismo-3259-202x114.jpg 202w, https:\/\/www.diarioimagen.net\/wp-content\/uploads\/2017\/11\/turismo-3259-350x196.jpg 350w, https:\/\/www.diarioimagen.net\/wp-content\/uploads\/2017\/11\/turismo-3259-220x123.jpg 220w, https:\/\/www.diarioimagen.net\/wp-content\/uploads\/2017\/11\/turismo-3259-237x132.jpg 237w, https:\/\/www.diarioimagen.net\/wp-content\/uploads\/2017\/11\/turismo-3259.jpg 480w\" sizes=\"auto, (max-width: 460px) 100vw, 460px\" \/><\/a><p id=\"caption-attachment-354881\" class=\"wp-caption-text\">M\u00e9rida estar\u00e1 de fiesta una vez m\u00e1s\u00a0 con la Noche Blanca.<\/p><\/div>\n<p>&nbsp;<\/p>\n<p>Una vez m\u00e1s se llevar\u00e1 a cabo la novena edici\u00f3n de la Noche Blanca en M\u00e9rida, que ha marcado un precedente en la forma de hacer cultura, en ella convergen el arte, belleza y la convivencia ciudadana. La fiesta se realizar\u00e1 el pr\u00f3ximo s\u00e1bado 2 de diciembre de las 8:00 de la noche a las 02:00 de la ma\u00f1ana.<\/p>\n<p>La Noche Blanca tendr\u00e1 un interesante programa de 147 eventos, en 65 sedes y la participaci\u00f3n de m\u00e1s de 600 artistas.<\/p>\n<p>La cartelera incluir\u00e1 la participaci\u00f3n de <b>Mait\u00e9 Hontel\u00e9<\/b>, trompetista holandesa especializada en m\u00fasica caribe\u00f1a; <b>Francisco C\u00e9spedes<\/b>,\u00a0 <b>Mario Bautista<\/b>, arpista y la cantante <b>Ver\u00f3nica Valerio<\/b>, el violinista <b>Roberto Jurado<\/b>, el percusionista <b>Bryan Flores<\/b>, la cantante <b>Mar\u00eda Teresa G\u00f3mez<\/b>, entre otros.<\/p>\n<p>La Noche Blanca se transforma en una sinergia con museos, centros culturales emergentes, parques, espacios gastron\u00f3micos y todo tipo de manifestaciones de arte. Este evento abre la reflexi\u00f3n sobre la toma del espacio p\u00fablico como una forma de hacer y democratizar la cultura. Se promueve la sustentabilidad, el arte urbano e impulso a los creadores locales.<\/p>\n<p>Se llevar\u00e1 a cabo en el marco de los festejos de la declaratoria de M\u00e9rida como Capital Americana de la Cultura por segunda ocasi\u00f3n. Actualmente este evento es una de las experiencias exitosas que han posicionado a M\u00e9rida a nivel internacional.<\/p>\n<p>A la fecha, m\u00e1s de 320 mil personas de todas las edades han acudido por lo menos a una de las siete jornadas de la Noche Blanca, en las cuales se organizaron 919 actividades, entre espect\u00e1culos programados y exposiciones que se exhibieron en m\u00e1s de 400 sedes de la ciudad.<\/p>\n<p>De esta forma M\u00e9rida se proyecta como referente tur\u00edstico y cultural a nivel nacional e internacional, adem\u00e1s reitera su compromiso con los ciudadanos de ofrecerles la mejor oferta art\u00edstica.<\/p>\n<p>\u2730\u2730\u2730\u2730\u2730 El famoso hotel Riu Plaza The Fhesham Dubl\u00edn celebr\u00f3 su 200 Aniversario con una singular fiesta que sirvi\u00f3 para presentar el hist\u00f3rico hotel tras las mejoras y modernizaci\u00f3n que ha desarrollado\u00a0en los \u00faltimos meses.<\/p>\n<p>El director del hotel, <b>Paul McCracken<\/b>, destac\u00f3 en su discurso que esta fecha marca el inicio de una nueva era para el hotel que entr\u00f3 a formar parte de la cadena hotelera.<\/p>\n<p>El inmueble se<b> <\/b>visti\u00f3 de gala para presentar a un selecto grupo de socios comerciales, colegas y amigos su mejor servicio y las novedades que presenta en cuanto a espacios para eventos y reuniones, mejoras en las habitaciones, bares y restaurantes; as\u00ed como nueva decoraci\u00f3n en las zonas comunes.<\/p>\n<p>Destaca entre los cambios la obra de arte que ahora preside el lobby, una obra artesanal compuesta por m\u00e1s de 400 piezas de vidrio que hace un homenaje a Irlanda a trav\u00e9s de sus flores m\u00e1s emblem\u00e1ticas.<\/p>\n<p>Actualmente el hotel cuenta con 322 habitaciones pero en febrero se ampliar\u00e1n a un total de 340. El <i>Gresham<\/i> ha hospedado a las m\u00e1s glamurosas estrellas de cine y a los dirigentes internacionales m\u00e1s poderosos. Muestra de aquellos a\u00f1os de gloria, son las suites que todav\u00eda hoy mantienen los nombres de <b>Grace Kelly<\/b>, <b>Elizabeth Taylor<\/b> o el presidente <b>Eisenhower<\/b>.<\/p>\n<p>Cuando la cadena hotelera se hizo con el edificio en septiembre de 2016, tom\u00f3 la decisi\u00f3n de mantener el nombre del hotel por respeto a su dilatada historia y a la importancia que tiene para la ciudad y su gente. Al mismo tiempo, se decidi\u00f3 a introducir una serie de mejoras y actualizaciones para devolver al hotel los servicios y decoraci\u00f3n de un cuatro estrellas de calidad.<\/p>\n<p>La presentaci\u00f3n del nuevo hotel en Dublin coincide con la modernizaci\u00f3n y <i>upgrade<\/i> de la misma calle O\u2019Connell, arteria principal de la ciudad que en los \u00faltimos a\u00f1os ha sido objeto de inversiones en infraestructuras y negocios, como el Luas, el nuevo sistema de tren que pasar\u00e1 justo frente al hotel y que tambi\u00e9n aportar\u00e1 modernidad, conectividad y calidad a la zona.<\/p>\n<p>Es el segundo hotel de la l\u00ednea Plaza en Europa, junto al de Berlin inaugurado septiembre de 2015, y el sexto de la marca.<\/p>\n<p>\u2730\u2730\u2730\u2730\u2730 <i>Air Canada<\/i> contrat\u00f3 el sistema completo para la gesti\u00f3n de pasajeros de <i>Amadeus,<\/i> <i>Alt\u00e9a<\/i> (PSS), que incluye soluciones para la gesti\u00f3n de reservas, inventario y control de salidas. Una vez que est\u00e9 totalmente implantada, la plataforma <i>Alt\u00e9a<\/i> permitir\u00e1 a la aerol\u00ednea mejorar la experiencia de sus clientes gracias a un servicio m\u00e1s homog\u00e9neo y personalizado basado en las preferencias y caracter\u00edsticas individuales, explotar nuevas oportunidades de generaci\u00f3n de ingresos y elevar la eficiencia de sus operaciones.<\/p>\n<p>Para fomentar la expansi\u00f3n internacional la compa\u00f1\u00eda a\u00e9rea, <i>Alt\u00e9a<\/i> facilitar\u00e1 a la aerol\u00ednea una integraci\u00f3n m\u00e1s estrecha con sus socios de c\u00f3digo compartido y con <i>Star Alliance,<\/i> alianza en la que m\u00e1s de dos tercios de sus miembros tambi\u00e9n son usuarios de <i>Alt\u00e9a.<\/i><\/p>\n<p>Adem\u00e1s, la aerol\u00ednea adoptar\u00e1 otras soluciones tecnol\u00f3gicas de <i>Amadeus,<\/i> como <i>Anytime Merchandising, Customer Experience Management, Payments, Revenue Integrity, Group Management<\/i> y <i>Passenger Recovery<\/i>. Con la implantaci\u00f3n de <i>Amadeus Anytime Merchandising<\/i>, <i>Air Canada<\/i> podr\u00e1 ofrecer a sus clientes ofertas personalizadas en funci\u00f3n de sus preferencias individuales.<\/p>\n<p>Concretamente, la combinaci\u00f3n de <i>Alt\u00e9a <\/i>y <i>Anytime Merchandising<\/i> garantizar\u00e1 a la compa\u00f1\u00eda a\u00e9rea que est\u00e1 perfectamente equipada para abordar diferentes iniciativas sectoriales que est\u00e1n evolucionando, como el est\u00e1ndar <i>New Distribution Capability<\/i> (NDC) de IATA.<\/p>\n<p>\u2730\u2730\u2730\u2730\u2730 Interjet ofrecer\u00e1 descuentos hasta del 50 por ciento para viajar en rutas nacionales e internacionales y en todos los canales de venta durante el <i>Cyber Monday,<\/i> a celebrarse el d\u00eda de hoy.<\/p>\n<p>Las ofertas son v\u00e1lidas para viajar del 27 de noviembre de 2017 al 28 de febrero de 2018 en temporada baja y contraflujos de temporada alta. Tambi\u00e9n participan los viajes de <i>Interjet Vacations<\/i>: lo mejor del cielo y la tierra para viajar con todos los gastos incluidos; transporte, hotel, alimentos y cruceros a destinos seleccionados.<\/p>\n<p><em><a href=\"mailto:victoriagprado@gmail.com\" target=\"_blank\" rel=\"noopener noreferrer\">victoriagprado@gmail.com<\/a><\/em><br \/>\n<em> Twitter: <a href=\"https:\/\/twitter.com\/victoriagprado\" target=\"_blank\" rel=\"noopener noreferrer\">@victoriagprado<\/a><\/em><\/p>\n","protected":false},"excerpt":{"rendered":"<p>Una vez m\u00e1s se llevar\u00e1 a cabo la novena edici\u00f3n de la Noche Blanca en M\u00e9rida, que ha marcado un precedente en la forma de hacer cultura, en ella convergen el arte, belleza y la convivencia ciudadana. La fiesta se realizar\u00e1 el pr\u00f3ximo s\u00e1bado 2 de diciembre de las 8:00 de la noche a las 02:00 de la ma\u00f1ana.<\/p>\n","protected":false},"author":1,"featured_media":354881,"comment_status":"open","ping_status":"open","sticky":false,"template":"","format":"standard","meta":{"_monsterinsights_skip_tracking":false,"_monsterinsights_sitenote_active":false,"_monsterinsights_sitenote_note":"","_monsterinsights_sitenote_category":0,"footnotes":""},"categories":[11],"tags":[107,43681,106],"class_list":["post-354880","post","type-post","status-publish","format-standard","has-post-thumbnail","hentry","category-turismo","tag-de-cinco-estrellas","tag-turismo","tag-victoria-gonzalez-prado"],"_links":{"self":[{"href":"https:\/\/www.diarioimagen.net\/index.php?rest_route=\/wp\/v2\/posts\/354880","targetHints":{"allow":["GET"]}}],"collection":[{"href":"https:\/\/www.diarioimagen.net\/index.php?rest_route=\/wp\/v2\/posts"}],"about":[{"href":"https:\/\/www.diarioimagen.net\/index.php?rest_route=\/wp\/v2\/types\/post"}],"author":[{"embeddable":true,"href":"https:\/\/www.diarioimagen.net\/index.php?rest_route=\/wp\/v2\/users\/1"}],"replies":[{"embeddable":true,"href":"https:\/\/www.diarioimagen.net\/index.php?rest_route=%2Fwp%2Fv2%2Fcomments&post=354880"}],"version-history":[{"count":0,"href":"https:\/\/www.diarioimagen.net\/index.php?rest_route=\/wp\/v2\/posts\/354880\/revisions"}],"wp:featuredmedia":[{"embeddable":true,"href":"https:\/\/www.diarioimagen.net\/index.php?rest_route=\/wp\/v2\/media\/354881"}],"wp:attachment":[{"href":"https:\/\/www.diarioimagen.net\/index.php?rest_route=%2Fwp%2Fv2%2Fmedia&parent=354880"}],"wp:term":[{"taxonomy":"category","embeddable":true,"href":"https:\/\/www.diarioimagen.net\/index.php?rest_route=%2Fwp%2Fv2%2Fcategories&post=354880"},{"taxonomy":"post_tag","embeddable":true,"href":"https:\/\/www.diarioimagen.net\/index.php?rest_route=%2Fwp%2Fv2%2Ftags&post=354880"}],"curies":[{"name":"wp","href":"https:\/\/api.w.org\/{rel}","templated":true}]}}