{"id":354907,"date":"2017-11-27T00:07:17","date_gmt":"2017-11-27T06:07:17","guid":{"rendered":"http:\/\/www.diarioimagen.net\/?p=354907"},"modified":"2017-11-27T00:10:06","modified_gmt":"2017-11-27T06:10:06","slug":"no-se-confundan","status":"publish","type":"post","link":"https:\/\/www.diarioimagen.net\/?p=354907","title":{"rendered":"No se confundan"},"content":{"rendered":"<h2>Detr\u00e1s del Poder<\/h2>\n<h5>Jos\u00e9 Antonio L\u00f3pez Sosa<\/h5>\n<p>&nbsp;<\/p>\n<p>M\u00e1s o menos esto quiso decir el presidente Pe\u00f1a Nieto cuando la opini\u00f3n p\u00fablica, pens\u00f3 que las palabras de Luis Videgaray significaron un destape a Jos\u00e9 Antonio Meade.<\/p>\n<p>Exactamente, ello ser\u00eda como confundir a Uruguay con Paraguay o, al estado de Jalisco con el estado de Lagos de Moreno.<\/p>\n<p>La realidad es que a la vieja usanza, la candidatura presidencial del PRI no ser\u00e1 definida con un proceso democr\u00e1tico tal como lo ha presumido su presidente nacional, ser\u00e1 por instrucci\u00f3n presidencial, as\u00ed, como en los a\u00f1os setenta del siglo pasado.<\/p>\n<p>Me parece que quienes est\u00e1n confundidos son precisamente los pol\u00edticos de las \u00e9lites pri\u00edstas, no alcanzan a entender que maquillen como maquillen su proceso interno, una muy buena parte de la ciudadan\u00eda no conf\u00eda ya en su partido.<\/p>\n<p>Qu\u00e9 no se confunda el presidente Pe\u00f1a y su equipo, esta ha sido una de las peores administraciones federales en los \u00faltimos cien a\u00f1os, un costo muy alto que tendr\u00e1n que pagar precisamente en a\u00f1o entrante en las urnas.<\/p>\n<p>La carrera presidencial apenas empieza pero sea el nombre que fuere, el PRI dificilmente podr\u00e1 repetir, es muy complicado que pueda ganar de nuevo la Presidencia de la Rep\u00fablica y eso al final del d\u00eda, detr\u00e1s de los aplausos infundados, el Presidente de la Rep\u00fablica lo sabe y lo conoce bien.<\/p>\n<p>En efecto se\u00f1or Presidente, no nos confundiremos, sabemos bien los alcances del nuevo PRI, como aquellos de Borge, Duarte, Moreira. Conocemos como sociedad los usos y costumbres del nuevo PRI, a veces peores que el viejo PRI.<\/p>\n<p>No se confundan se\u00f1ores, el PRI no cambia, dir\u00eda yo.<\/p>\n<p><em><a href=\"http:\/\/www.lopezsosa.com\" target=\"_blank\" rel=\"noopener noreferrer\">ww.lopezsosa.com<\/a><br \/>\n<a href=\"mailto:joseantonio@lopezsosa.com\" target=\"_blank\" rel=\"noopener noreferrer\">joseantonio@lopezsosa.com<\/a><br \/>\n<a href=\"http:\/\/twitter.com\/joseantonio1977\" target=\"_blank\" rel=\"noopener noreferrer\">@joseantonio1977<\/a><\/em><\/p>\n","protected":false},"excerpt":{"rendered":"<p><span style=\"color: #005497;\"><strong>Jos\u00e9 Antonio L\u00f3pez Sosa<\/strong><\/span><\/p>\n","protected":false},"author":1,"featured_media":0,"comment_status":"open","ping_status":"open","sticky":false,"template":"","format":"standard","meta":{"_monsterinsights_skip_tracking":false,"_monsterinsights_sitenote_active":false,"_monsterinsights_sitenote_note":"","_monsterinsights_sitenote_category":0,"footnotes":""},"categories":[637],"tags":[638,43690,43674],"class_list":["post-354907","post","type-post","status-publish","format-standard","hentry","category-jose-antonio-lopez-sosa","tag-detras-del-poder","tag-jose-antonio-lopez-sosa","tag-opinion"],"_links":{"self":[{"href":"https:\/\/www.diarioimagen.net\/index.php?rest_route=\/wp\/v2\/posts\/354907","targetHints":{"allow":["GET"]}}],"collection":[{"href":"https:\/\/www.diarioimagen.net\/index.php?rest_route=\/wp\/v2\/posts"}],"about":[{"href":"https:\/\/www.diarioimagen.net\/index.php?rest_route=\/wp\/v2\/types\/post"}],"author":[{"embeddable":true,"href":"https:\/\/www.diarioimagen.net\/index.php?rest_route=\/wp\/v2\/users\/1"}],"replies":[{"embeddable":true,"href":"https:\/\/www.diarioimagen.net\/index.php?rest_route=%2Fwp%2Fv2%2Fcomments&post=354907"}],"version-history":[{"count":0,"href":"https:\/\/www.diarioimagen.net\/index.php?rest_route=\/wp\/v2\/posts\/354907\/revisions"}],"wp:attachment":[{"href":"https:\/\/www.diarioimagen.net\/index.php?rest_route=%2Fwp%2Fv2%2Fmedia&parent=354907"}],"wp:term":[{"taxonomy":"category","embeddable":true,"href":"https:\/\/www.diarioimagen.net\/index.php?rest_route=%2Fwp%2Fv2%2Fcategories&post=354907"},{"taxonomy":"post_tag","embeddable":true,"href":"https:\/\/www.diarioimagen.net\/index.php?rest_route=%2Fwp%2Fv2%2Ftags&post=354907"}],"curies":[{"name":"wp","href":"https:\/\/api.w.org\/{rel}","templated":true}]}}