{"id":354923,"date":"2017-11-28T00:07:14","date_gmt":"2017-11-28T06:07:14","guid":{"rendered":"http:\/\/www.diarioimagen.net\/?p=354923"},"modified":"2017-11-28T22:35:57","modified_gmt":"2017-11-29T04:35:57","slug":"el-rumbo-economico-es-correcto-asegura-pena-nieto","status":"publish","type":"post","link":"https:\/\/www.diarioimagen.net\/?p=354923","title":{"rendered":"El rumbo econ\u00f3mico es correcto: Pe\u00f1a Nieto"},"content":{"rendered":"<ul>\n<li><strong><em>Inversiones en M\u00e9xico lo demuestran<\/em><\/strong><\/li>\n<\/ul>\n<p>&nbsp;<\/p>\n<div id=\"attachment_354924\" style=\"width: 470px\" class=\"wp-caption aligncenter\"><img loading=\"lazy\" decoding=\"async\" aria-describedby=\"caption-attachment-354924\" class=\"wp-image-354924 size-large\" src=\"http:\/\/www.diarioimagen.net\/wp-content\/uploads\/2017\/11\/PE\u00d1A28-poortal-460x360.jpg\" alt=\"\" width=\"460\" height=\"360\" srcset=\"https:\/\/www.diarioimagen.net\/wp-content\/uploads\/2017\/11\/PE\u00d1A28-poortal-460x360.jpg 460w, https:\/\/www.diarioimagen.net\/wp-content\/uploads\/2017\/11\/PE\u00d1A28-poortal-240x188.jpg 240w, https:\/\/www.diarioimagen.net\/wp-content\/uploads\/2017\/11\/PE\u00d1A28-poortal.jpg 700w\" sizes=\"auto, (max-width: 460px) 100vw, 460px\" \/><p id=\"caption-attachment-354924\" class=\"wp-caption-text\">La confianza de inversionistas en M\u00e9xico es una clara se\u00f1al de que el rumbo econ\u00f3mico es el correcto, destac\u00f3 Enrique Pe\u00f1a Nieto.<\/p><\/div>\n<p>&nbsp;<\/p>\n<p>En los \u00faltimos 5 a\u00f1os, la inversi\u00f3n extranjera directa acumulada ha superado los 163 mil millones de d\u00f3lares, 54 por ciento m\u00e1s que en el mismo periodo de la administraci\u00f3n anterior, afirm\u00f3 el presidente Enrique Pe\u00f1a Nieto.<\/p>\n<p>Asever\u00f3 que dicha inversi\u00f3n tambi\u00e9n supera en casi cuatro por ciento la meta establecida en el Plan Nacional de Desarrollo 2013-2018, faltando m\u00e1s de un a\u00f1o para que concluya el presente gobierno.<\/p>\n<p>\u201cQue las empresas nacionales y extranjeras sigan invirtiendo en M\u00e9xico es una clara se\u00f1al de que el rumbo econ\u00f3mico es el correcto\u201d, resalt\u00f3 el mandatario federal durante el anuncio de inversi\u00f3n de Grupo Modelo de 14 mil millones de pesos que anunci\u00f3 Grupo Modelo en el estado de Hidalgo.<\/p>\n<p>Indic\u00f3 que a pesar de los desaf\u00edos que present\u00f3 este a\u00f1o en diversos rubros, \u201ccon mucho orgullo, hoy podemos decir que 2017 tuvo un saldo favorable para la econom\u00eda mexicana y seguiremos trabajando para que 2018 sea a\u00fan mejor\u201d.<\/p>\n<p>Reconoci\u00f3 la confianza de los empresarios, \u201cm\u00e1s a\u00fan cuando en los \u00faltimos 12 meses enfrentamos un ambiente complejo, incierto y lleno de retos\u201d, como la incertidumbre por las elecciones en Estados Unidos, la volatilidad por ajustes en el costo de los energ\u00e9ticos y el impacto de los desastres naturales recientes.<\/p>\n<p>En este marco, Pe\u00f1a Nieto destac\u00f3 el anuncio de que durante el tercer trimestre del a\u00f1o en curso se registr\u00f3 la llegada de cinco mil 700 millones de d\u00f3lares de inversi\u00f3n extranjera directa, 32 por ciento m\u00e1s que el monto del mismo periodo del a\u00f1o anterior.<\/p>\n<p>Acompa\u00f1ado por integrantes de su gabinete y directivos de la empresa cervecera, el jefe del Ejecutivo federal afirm\u00f3 que \u201choy la econom\u00eda avanza porque emprendimos medidas oportunas y adecuadas\u201d.<\/p>\n<p>Enfatiz\u00f3 que se privilegi\u00f3 la estabilidad macroecon\u00f3mica, se avanz\u00f3 de manera decidida en la implementaci\u00f3n de las reformas econ\u00f3micas, y se complementaron las pol\u00edticas p\u00fablicas de car\u00e1cter estructural, con medidas coyunturales encaminadas a superar los retos de 2017.<\/p>\n<p>El presidente destac\u00f3 que la nueva planta de Grupo Modelo que se construir\u00e1 en el municipio de Apan, Hidalgo, beneficiar\u00e1 a la econom\u00eda mexicana porque las familias de Hidalgo y sus alrededores tendr\u00e1n m\u00e1s oportunidades para crecer.<\/p>\n<p>Asimismo, generar\u00e1 m\u00e1s de dos mil empleos directos y cerca de 10 mil indirectos, tanto en su fase de construcci\u00f3n como en la de operaci\u00f3n, y porque impulsa el desarrollo de un nuevo polo industrial en el centro del pa\u00eds, aprovechando el mejoramiento en la infraestructura de comunicaciones.<\/p>\n<p>Resalt\u00f3 que tambi\u00e9n ayudar\u00e1 a consolidar a la industria cervecera mexicana como una de las m\u00e1s importantes, competitivas y din\u00e1micas a nivel mundial, pues en 2016, la cerveza fue el principal producto agroindustrial de exportaci\u00f3n, con una participaci\u00f3n equivalente a 20 por ciento del total que exporta el pa\u00eds.<\/p>\n<p>Con ello, M\u00e9xico se posicion\u00f3 como el principal exportador de cerveza a nivel mundial, y que \u201cgracias al talento de las 55 mil mujeres y hombres que trabajan en la industria, somos el cuarto productor global de cerveza s\u00f3lo despu\u00e9s de China, Estados Unidos y Brasil\u201d, abund\u00f3.<\/p>\n<p>Por su parte, el secretario de Econom\u00eda, Ildefonso Guajardo Villarreal, afirm\u00f3 que la industria cervecera juega un papel fundamental en un marco de fortalecimiento de econom\u00eda cerrada, pero de crecimiento arm\u00f3nico en el desarrollo sustentable del pa\u00eds.<\/p>\n<p>En el marco del anuncio de inversi\u00f3n de Grupo Modelo, por 14 mil millones de pesos en una nueva planta en Apan, Hidalgo, dijo que en esta administraci\u00f3n se han anunciado seis plantas cerveceras en el pa\u00eds.<\/p>\n<p>En la residencia oficial de Los Pinos, Guajardo Villarreal destac\u00f3 que la inversi\u00f3n acumulada s\u00f3lo en este sexenio en nuevas plantas cerveceras, incluyendo latas, es de cinco mil millones de d\u00f3lares.<\/p>\n","protected":false},"excerpt":{"rendered":"<p>En los \u00faltimos 5 a\u00f1os, la inversi\u00f3n extranjera directa acumulada ha superado los 163 mil millones de d\u00f3lares, 54 por ciento m\u00e1s que en el mismo periodo de la administraci\u00f3n anterior, afirm\u00f3 el presidente Enrique Pe\u00f1a Nieto.<\/p>\n","protected":false},"author":5,"featured_media":354925,"comment_status":"open","ping_status":"open","sticky":false,"template":"","format":"standard","meta":{"_monsterinsights_skip_tracking":false,"_monsterinsights_sitenote_active":false,"_monsterinsights_sitenote_note":"","_monsterinsights_sitenote_category":0,"footnotes":""},"categories":[3],"tags":[68258,1275,18,4926,42,26964,43673,68257,68301],"class_list":["post-354923","post","type-post","status-publish","format-standard","has-post-thumbnail","hentry","category-nacional","tag-apan","tag-economia","tag-enrique-pena-nieto","tag-grupo-modelo","tag-hidalgo","tag-ildefonso-guajardo-villarreal","tag-nacional","tag-rumbo-economico-es-correcto","tag-rumnbo"],"_links":{"self":[{"href":"https:\/\/www.diarioimagen.net\/index.php?rest_route=\/wp\/v2\/posts\/354923","targetHints":{"allow":["GET"]}}],"collection":[{"href":"https:\/\/www.diarioimagen.net\/index.php?rest_route=\/wp\/v2\/posts"}],"about":[{"href":"https:\/\/www.diarioimagen.net\/index.php?rest_route=\/wp\/v2\/types\/post"}],"author":[{"embeddable":true,"href":"https:\/\/www.diarioimagen.net\/index.php?rest_route=\/wp\/v2\/users\/5"}],"replies":[{"embeddable":true,"href":"https:\/\/www.diarioimagen.net\/index.php?rest_route=%2Fwp%2Fv2%2Fcomments&post=354923"}],"version-history":[{"count":0,"href":"https:\/\/www.diarioimagen.net\/index.php?rest_route=\/wp\/v2\/posts\/354923\/revisions"}],"wp:featuredmedia":[{"embeddable":true,"href":"https:\/\/www.diarioimagen.net\/index.php?rest_route=\/wp\/v2\/media\/354925"}],"wp:attachment":[{"href":"https:\/\/www.diarioimagen.net\/index.php?rest_route=%2Fwp%2Fv2%2Fmedia&parent=354923"}],"wp:term":[{"taxonomy":"category","embeddable":true,"href":"https:\/\/www.diarioimagen.net\/index.php?rest_route=%2Fwp%2Fv2%2Fcategories&post=354923"},{"taxonomy":"post_tag","embeddable":true,"href":"https:\/\/www.diarioimagen.net\/index.php?rest_route=%2Fwp%2Fv2%2Ftags&post=354923"}],"curies":[{"name":"wp","href":"https:\/\/api.w.org\/{rel}","templated":true}]}}