{"id":354956,"date":"2017-11-28T00:10:25","date_gmt":"2017-11-28T06:10:25","guid":{"rendered":"http:\/\/www.diarioimagen.net\/?p=354956"},"modified":"2017-11-27T23:54:18","modified_gmt":"2017-11-28T05:54:18","slug":"acciones-para-fortalecer-paz-y-erradicar-la-pobreza","status":"publish","type":"post","link":"https:\/\/www.diarioimagen.net\/?p=354956","title":{"rendered":"Acciones para\u00a0fortalecer paz\u00a0y erradicar\u00a0la pobreza"},"content":{"rendered":"<h2>Arco Norte<\/h2>\n<h5>Jos\u00e9 Luis Monta\u00f1ez Aguilar<\/h5>\n<p>&nbsp;<\/p>\n<p><a href=\"http:\/\/www.diarioimagen.net\/?attachment_id=354974\" rel=\"attachment wp-att-354974\"><img loading=\"lazy\" decoding=\"async\" class=\"aligncenter size-large wp-image-354974\" src=\"http:\/\/www.diarioimagen.net\/wp-content\/uploads\/2017\/11\/arco-3260-460x259.jpg\" alt=\"\" width=\"460\" height=\"259\" srcset=\"https:\/\/www.diarioimagen.net\/wp-content\/uploads\/2017\/11\/arco-3260-460x259.jpg 460w, https:\/\/www.diarioimagen.net\/wp-content\/uploads\/2017\/11\/arco-3260-240x135.jpg 240w, https:\/\/www.diarioimagen.net\/wp-content\/uploads\/2017\/11\/arco-3260-235x132.jpg 235w, https:\/\/www.diarioimagen.net\/wp-content\/uploads\/2017\/11\/arco-3260-202x114.jpg 202w, https:\/\/www.diarioimagen.net\/wp-content\/uploads\/2017\/11\/arco-3260-350x196.jpg 350w, https:\/\/www.diarioimagen.net\/wp-content\/uploads\/2017\/11\/arco-3260-220x123.jpg 220w, https:\/\/www.diarioimagen.net\/wp-content\/uploads\/2017\/11\/arco-3260-237x132.jpg 237w, https:\/\/www.diarioimagen.net\/wp-content\/uploads\/2017\/11\/arco-3260.jpg 480w\" sizes=\"auto, (max-width: 460px) 100vw, 460px\" \/><\/a><\/p>\n<p>&nbsp;<\/p>\n<p>Alfredo Del Mazo destac\u00f3 que el Estado de M\u00e9xico se suma a los Objetivos de Desarrollo Sostenible (ODS) de la Agenda 2030, para que los mexiquenses tengan mejores oportunidades econ\u00f3micas y sociales, adem\u00e1s de cuidar el medio ambiente. Mencion\u00f3 que los objetivos de esta iniciativa ser\u00e1n tomados en cuenta en el Plan Estatal de Desarrollo del Estado de M\u00e9xico 2017-2023, para que se construya a partir de la visi\u00f3n de \u00e9sta. Dijo que al sumarse a los objetivos de la Agenda 2030, se trabaja para fortalecer la paz, erradicar la pobreza, alcanzar la igualdad de g\u00e9nero y el empoderamiento de las mujeres y las ni\u00f1as, as\u00ed como tener un desarrollo econ\u00f3mico sostenible. Por ello, Alfredo Del Mazo tom\u00f3 protesta a los integrantes del Consejo Estatal de la Agenda 2030 para el Desarrollo Sostenible del Estado de M\u00e9xico, con lo que se suma la entidad a 13 estados m\u00e1s del pa\u00eds, que han adoptado esta iniciativa. Detall\u00f3 que la finalidad de este Consejo es generar y poner en marcha estrategias y programas que permitan alcanzar las metas de la Agenda 2030, as\u00ed como evaluarlas y darles seguimiento.<\/p>\n<p style=\"text-align: center;\"><b>Se cumplen cien a\u00f1os de impartici\u00f3n de justicia laboral en el Edomex<\/b><\/p>\n<p>\u00a0El Estado de M\u00e9xico celebra 100 a\u00f1os de realizar la funci\u00f3n de impartir justicia laboral pronta, expedita, completa e imparcial a trav\u00e9s de las Juntas Locales de Conciliaci\u00f3n y Arbitraje, se\u00f1al\u00f3 Mar\u00eda Mercedes Col\u00edn Guadarrama, secretaria del Trabajo. Indic\u00f3 que las Juntas han contribuido al fortalecimiento y mantenimiento de la paz social, al garantizar los derechos y las conquistas laborales de los mexiquenses en estos 100 a\u00f1os y de m\u00e1s de 7.6 millones de trabajadores en la actualidad.\u00a0 Afirm\u00f3 que esto se ha logrado a trav\u00e9s del di\u00e1logo y concertaci\u00f3n para solucionar los conflictos colectivos; mayor crecimiento y desarrollo econ\u00f3mico; fomento a la inversi\u00f3n y mayor competitividad; incremento de la productividad y permanente generaci\u00f3n de empleo. Col\u00edn Guadarrama reconoci\u00f3 a los sectores laboral y empresarial, as\u00ed como a los patrones y trabajadores mexiquenses, que han tenido la voluntad y el inter\u00e9s en resolver sus diferencias y conflictos.<\/p>\n<p><em><a href=\"mailto:montanezaguilar@gmail.com\" target=\"_blank\" rel=\"noopener noreferrer\">montanezaguilar@gmail.com<\/a><\/em><\/p>\n","protected":false},"excerpt":{"rendered":"<p><span style=\"color: #005497;\">Jos\u00e9 Luis Monta\u00f1ez Aguilar<\/span><br \/>\n<br \/>\nAlfredo Del Mazo destac\u00f3 que el Estado de M\u00e9xico se suma a los Objetivos de Desarrollo Sostenible (ODS) de la Agenda 2030, para que los mexiquenses tengan mejores oportunidades econ\u00f3micas y sociales, adem\u00e1s de cuidar el medio ambiente.<\/p>\n","protected":false},"author":1,"featured_media":354974,"comment_status":"open","ping_status":"open","sticky":false,"template":"","format":"standard","meta":{"_monsterinsights_skip_tracking":false,"_monsterinsights_sitenote_active":false,"_monsterinsights_sitenote_note":"","_monsterinsights_sitenote_category":0,"footnotes":""},"categories":[5],"tags":[2505,13284,43675,54579],"class_list":["post-354956","post","type-post","status-publish","format-standard","has-post-thumbnail","hentry","category-estado-de-mexico","tag-alfredo-del-mazo-maza","tag-arco-norte","tag-estado-de-mexico","tag-jose-luis-montanez"],"_links":{"self":[{"href":"https:\/\/www.diarioimagen.net\/index.php?rest_route=\/wp\/v2\/posts\/354956","targetHints":{"allow":["GET"]}}],"collection":[{"href":"https:\/\/www.diarioimagen.net\/index.php?rest_route=\/wp\/v2\/posts"}],"about":[{"href":"https:\/\/www.diarioimagen.net\/index.php?rest_route=\/wp\/v2\/types\/post"}],"author":[{"embeddable":true,"href":"https:\/\/www.diarioimagen.net\/index.php?rest_route=\/wp\/v2\/users\/1"}],"replies":[{"embeddable":true,"href":"https:\/\/www.diarioimagen.net\/index.php?rest_route=%2Fwp%2Fv2%2Fcomments&post=354956"}],"version-history":[{"count":0,"href":"https:\/\/www.diarioimagen.net\/index.php?rest_route=\/wp\/v2\/posts\/354956\/revisions"}],"wp:featuredmedia":[{"embeddable":true,"href":"https:\/\/www.diarioimagen.net\/index.php?rest_route=\/wp\/v2\/media\/354974"}],"wp:attachment":[{"href":"https:\/\/www.diarioimagen.net\/index.php?rest_route=%2Fwp%2Fv2%2Fmedia&parent=354956"}],"wp:term":[{"taxonomy":"category","embeddable":true,"href":"https:\/\/www.diarioimagen.net\/index.php?rest_route=%2Fwp%2Fv2%2Fcategories&post=354956"},{"taxonomy":"post_tag","embeddable":true,"href":"https:\/\/www.diarioimagen.net\/index.php?rest_route=%2Fwp%2Fv2%2Ftags&post=354956"}],"curies":[{"name":"wp","href":"https:\/\/api.w.org\/{rel}","templated":true}]}}