{"id":354982,"date":"2017-11-28T00:09:49","date_gmt":"2017-11-28T06:09:49","guid":{"rendered":"http:\/\/www.diarioimagen.net\/?p=354982"},"modified":"2017-11-27T23:16:01","modified_gmt":"2017-11-28T05:16:01","slug":"asume-gonzalez-anaya-en-hacienda","status":"publish","type":"post","link":"https:\/\/www.diarioimagen.net\/?p=354982","title":{"rendered":"Asume\u00a0Gonz\u00e1lez\u00a0Anaya en\u00a0Hacienda"},"content":{"rendered":"<ul>\n<li><em><b>Trevi\u00f1o, a Pemex<\/b><\/em><\/li>\n<\/ul>\n<p>&nbsp;<\/p>\n<div id=\"attachment_354992\" style=\"width: 470px\" class=\"wp-caption aligncenter\"><a href=\"http:\/\/www.diarioimagen.net\/?attachment_id=354992\" rel=\"attachment wp-att-354992\"><img loading=\"lazy\" decoding=\"async\" aria-describedby=\"caption-attachment-354992\" class=\"size-large wp-image-354992\" src=\"http:\/\/www.diarioimagen.net\/wp-content\/uploads\/2017\/11\/hacienda-3260-460x259.jpg\" alt=\"\" width=\"460\" height=\"259\" srcset=\"https:\/\/www.diarioimagen.net\/wp-content\/uploads\/2017\/11\/hacienda-3260-460x259.jpg 460w, https:\/\/www.diarioimagen.net\/wp-content\/uploads\/2017\/11\/hacienda-3260-240x135.jpg 240w, https:\/\/www.diarioimagen.net\/wp-content\/uploads\/2017\/11\/hacienda-3260-235x132.jpg 235w, https:\/\/www.diarioimagen.net\/wp-content\/uploads\/2017\/11\/hacienda-3260-202x114.jpg 202w, https:\/\/www.diarioimagen.net\/wp-content\/uploads\/2017\/11\/hacienda-3260-350x196.jpg 350w, https:\/\/www.diarioimagen.net\/wp-content\/uploads\/2017\/11\/hacienda-3260-220x123.jpg 220w, https:\/\/www.diarioimagen.net\/wp-content\/uploads\/2017\/11\/hacienda-3260-237x132.jpg 237w, https:\/\/www.diarioimagen.net\/wp-content\/uploads\/2017\/11\/hacienda-3260.jpg 480w\" sizes=\"auto, (max-width: 460px) 100vw, 460px\" \/><\/a><p id=\"caption-attachment-354992\" class=\"wp-caption-text\">Jos\u00e9 Antonio Gonz\u00e1lez Anaya, nuevo titular de Hacienda.<\/p><\/div>\n<p>&nbsp;<\/p>\n<p>El nuevo titular de la Secretar\u00eda de Hacienda y Cr\u00e9dito P\u00fablico (SHCP), Jos\u00e9 Antonio Gonz\u00e1lez Anaya, dijo que se mantendr\u00e1n pol\u00edticas hacendarias prudentes y s\u00f3lidas para continuar con la estabilidad que se ha logrado en los \u00faltimos a\u00f1os.<\/p>\n<p>En conferencia, en las oficinas de la Secretar\u00eda de Hacienda, el funcionario federal destac\u00f3 que regresa a la dependencia en la que trabaj\u00f3 poco m\u00e1s de una d\u00e9cada, con el objetivo de apuntalar la fortaleza de la econom\u00eda de las familias.<\/p>\n<p>\u201cEste nuevo reto lo asumo con doble emoci\u00f3n, porque voy a suceder a un funcionario de \u00e9poca, a un extraordinario mexicano y a un gran amigo\u201d, Jos\u00e9 Antonio Meade Kuribre\u00f1a, quien ejecut\u00f3 una impecable conducci\u00f3n macroecon\u00f3mica durante el \u00faltimo a\u00f1o al frente de la SHCP, pese al entorno econ\u00f3mico global.<\/p>\n<p>Y es que, a\u00f1adi\u00f3, el Reino Unido anunci\u00f3 su salida de la Uni\u00f3n Europea, bajaron los precios del petr\u00f3leo, se tuvo un menor crecimiento de las principales econom\u00edas del mundo, incertidumbre derivada de la relaci\u00f3n con Estados Unidos y recientemente, las consecuencias de los desastres naturales. En ese sentido, dijo el encargado de las finanzas p\u00fablicas del pa\u00eds, \u201cla incertidumbre sigue presente, pero con pol\u00edticas econ\u00f3micas adecuadas la econom\u00eda mexicana ha demostrado ser fuerte y resistente\u201d.<\/p>\n<p>As\u00ed, explic\u00f3, se continuar\u00e1 con \u201clas pol\u00edticas hacendarias promotoras, prudentes y s\u00f3lidas que usted ha implementado, para dar continuidad a las pol\u00edticas de estabilidad que se han logrado con enorme disciplina y esfuerzo en los \u00faltimos a\u00f1os\u201d.<\/p>\n<p>Al frente de la SHCP, Gonz\u00e1lez Anaya fortalecer\u00e1 la estabilidad macroecon\u00f3mica y el buen funcionamiento de los mercados financieros, finanzas p\u00fablicas sanas con un manejo prudente del endeudamiento, se ejercer\u00e1 el presupuesto de forma transparente, eficiente, oportuna y en estricto apego a la ley.\u00ad<\/p>\n","protected":false},"excerpt":{"rendered":"<p>El nuevo titular de la Secretar\u00eda de Hacienda y Cr\u00e9dito P\u00fablico (SHCP), Jos\u00e9 Antonio Gonz\u00e1lez Anaya, dijo que se mantendr\u00e1n pol\u00edticas hacendarias prudentes y s\u00f3lidas para continuar con la estabilidad que se ha logrado en los \u00faltimos a\u00f1os.<\/p>\n","protected":false},"author":1,"featured_media":354992,"comment_status":"open","ping_status":"open","sticky":false,"template":"","format":"standard","meta":{"_monsterinsights_skip_tracking":false,"_monsterinsights_sitenote_active":false,"_monsterinsights_sitenote_note":"","_monsterinsights_sitenote_category":0,"footnotes":""},"categories":[8],"tags":[43673,1101],"class_list":["post-354982","post","type-post","status-publish","format-standard","has-post-thumbnail","hentry","category-finanzas","tag-nacional","tag-secretaria-de-hacienda-y-credito-publico"],"_links":{"self":[{"href":"https:\/\/www.diarioimagen.net\/index.php?rest_route=\/wp\/v2\/posts\/354982","targetHints":{"allow":["GET"]}}],"collection":[{"href":"https:\/\/www.diarioimagen.net\/index.php?rest_route=\/wp\/v2\/posts"}],"about":[{"href":"https:\/\/www.diarioimagen.net\/index.php?rest_route=\/wp\/v2\/types\/post"}],"author":[{"embeddable":true,"href":"https:\/\/www.diarioimagen.net\/index.php?rest_route=\/wp\/v2\/users\/1"}],"replies":[{"embeddable":true,"href":"https:\/\/www.diarioimagen.net\/index.php?rest_route=%2Fwp%2Fv2%2Fcomments&post=354982"}],"version-history":[{"count":0,"href":"https:\/\/www.diarioimagen.net\/index.php?rest_route=\/wp\/v2\/posts\/354982\/revisions"}],"wp:featuredmedia":[{"embeddable":true,"href":"https:\/\/www.diarioimagen.net\/index.php?rest_route=\/wp\/v2\/media\/354992"}],"wp:attachment":[{"href":"https:\/\/www.diarioimagen.net\/index.php?rest_route=%2Fwp%2Fv2%2Fmedia&parent=354982"}],"wp:term":[{"taxonomy":"category","embeddable":true,"href":"https:\/\/www.diarioimagen.net\/index.php?rest_route=%2Fwp%2Fv2%2Fcategories&post=354982"},{"taxonomy":"post_tag","embeddable":true,"href":"https:\/\/www.diarioimagen.net\/index.php?rest_route=%2Fwp%2Fv2%2Ftags&post=354982"}],"curies":[{"name":"wp","href":"https:\/\/api.w.org\/{rel}","templated":true}]}}