{"id":355025,"date":"2017-11-28T00:02:14","date_gmt":"2017-11-28T06:02:14","guid":{"rendered":"http:\/\/www.diarioimagen.net\/?p=355025"},"modified":"2017-11-27T23:24:46","modified_gmt":"2017-11-28T05:24:46","slug":"autodestape","status":"publish","type":"post","link":"https:\/\/www.diarioimagen.net\/?p=355025","title":{"rendered":"Autodestape"},"content":{"rendered":"<h2>Folclor urbano<\/h2>\n<h5>Salvador Estrada<\/h5>\n<p>&nbsp;<\/p>\n<p>El camino estaba nublado y se ve\u00eda lejos la monta\u00f1a, pero lleg\u00f3 el viento del mando y se aclar\u00f3 el panorama para los caminantes hacia Los Pinos.<br \/>\nEn una ceremonia en Los Pinos, el Presidente anunci\u00f3 la renuncia de Jos\u00e9 Antonio Meade a la Secretar\u00eda de Hacienda y tambi\u00e9n dio a conocer cambios en su gabinete. Y le dese\u00f3 suerte en su nueva responsabilidad, sin especificarla.<\/p>\n<p>Y Jos\u00e9 Antonio Meade aprovech\u00f3 el momento y se autodestap\u00f3,\u00a0al dar a conocer a los medios su deseo de ser precandidato pri\u00edsta a la Presidencia de la Rep\u00fablica.<\/p>\n<p>Ahora, despu\u00e9s del autodestape, hay que esperar unos d\u00edas para que el aspirante se registre y ser precandidato por el PRI a la Presidencia de la Rep\u00fablica. Tambi\u00e9n hay que esperar si no hay m\u00e1s precandidatos. Falta saber si habr\u00e1 precampa\u00f1a o va esperar Meade la fecha de campa\u00f1a electoral para entrar en acci\u00f3n. Para ello, se debe esperar a febrero y que el Consejo de Delegados y Delegadas lo postule como candidato oficial. El ritual pri\u00edsta ya lo ve como el pr\u00f3ximo Presidente de M\u00e9xico. Y la cargada no se hizo esperar.<\/p>\n<p>La Confederaci\u00f3n Nacional Campesina, la Confederaci\u00f3n de Trabajadores de M\u00e9xico y la Confederaci\u00f3n de Organizaciones Populares, as\u00ed como los sectores femenil, juvenil y territorial avalan su postura.<\/p>\n<p>Meade ser\u00e1 el segundo candidato que\u00a0sale de Hacienda. El primero fue Jos\u00e9 L\u00f3pez Portillo, y gan\u00f3 f\u00e1cil, porque en ese entonces era el \u00fanico candidato que se registr\u00f3 y no tuvo oponentes a la Presidencia de M\u00e9xico, pero ahora, Meade va tener contrincantes y no la tendr\u00e1 tan f\u00e1cil.<\/p>\n<p>Andr\u00e9s Manuel L\u00f3pez Obrador, por Morena, es el m\u00e1s cercano rival que tendr\u00eda Meade, aunque faltan algunos m\u00e1s que podr\u00edan tambi\u00e9n tener posibilidades de triunfo electoral, ya sean candidatos de los \u00a0partidos o un independiente.<\/p>\n<p>Jos\u00e9 Antonio Meade ser\u00e1 un candidato externo del PRI, porque no es miembro del partido, y ser\u00e1 aceptado porque se modificaron los estatutos, sobre todo que quitaron el candado para que quien fuera elegido ya no tendr\u00eda que cumplir con diez a\u00f1os de militancia.<\/p>\n<p>Ahora, los aduladores dar\u00e1n a conocer todos los m\u00e9ritos que tiene el ex secretario de Hacienda, que es un buen padre de familia, que es cat\u00f3lico y cumple con su religi\u00f3n, como los mexicanos, que tambi\u00e9n son creyentes, que es inteligente, culto y un excelente economista y van a exponer su curr\u00edculum para resaltar sus conocimientos profesionales y bla-bla-bla y uy y uy y casi lo van a canonizar de lo bueno que es. En esta administraci\u00f3n pri\u00edsta fue secretario de Relaciones Exteriores, de Sedesol y titular de Hacienda. Tambi\u00e9n fue secretario de Hacienda en el gobierno de Felipe Calder\u00f3n.<\/p>\n<p>Bueno, el camino ya se aclar\u00f3 el \u201ctapado\u201d ya se conoce y el ritual volver\u00e1 a ser el mismo en el mundo pri\u00edsta y la oposici\u00f3n va empezar a combatirlo y en julio del a\u00f1o pr\u00f3ximo un nuevo presidente estar\u00e1 al frente del pa\u00eds, pero \u00bfser\u00e1 tricolor, azul \u00a0o moreno?<\/p>\n<p><em><a href=\"mailto:chavasec@yahoo.com.mx\" target=\"_blank\" rel=\"noopener noreferrer\">chavasec@yahoo.com.mx<\/a><\/em><\/p>\n","protected":false},"excerpt":{"rendered":"<p><span style=\"color: #005497;\"><strong>Salvador Estrada<\/strong><\/span><\/p>\n","protected":false},"author":3,"featured_media":0,"comment_status":"open","ping_status":"open","sticky":false,"template":"","format":"standard","meta":{"_monsterinsights_skip_tracking":false,"_monsterinsights_sitenote_active":false,"_monsterinsights_sitenote_note":"","_monsterinsights_sitenote_category":0,"footnotes":""},"categories":[41601],"tags":[41599,43674,41600],"class_list":["post-355025","post","type-post","status-publish","format-standard","hentry","category-salvador-estrada-opinion","tag-folclor-urbano","tag-opinion","tag-salvador-estrada"],"_links":{"self":[{"href":"https:\/\/www.diarioimagen.net\/index.php?rest_route=\/wp\/v2\/posts\/355025","targetHints":{"allow":["GET"]}}],"collection":[{"href":"https:\/\/www.diarioimagen.net\/index.php?rest_route=\/wp\/v2\/posts"}],"about":[{"href":"https:\/\/www.diarioimagen.net\/index.php?rest_route=\/wp\/v2\/types\/post"}],"author":[{"embeddable":true,"href":"https:\/\/www.diarioimagen.net\/index.php?rest_route=\/wp\/v2\/users\/3"}],"replies":[{"embeddable":true,"href":"https:\/\/www.diarioimagen.net\/index.php?rest_route=%2Fwp%2Fv2%2Fcomments&post=355025"}],"version-history":[{"count":0,"href":"https:\/\/www.diarioimagen.net\/index.php?rest_route=\/wp\/v2\/posts\/355025\/revisions"}],"wp:attachment":[{"href":"https:\/\/www.diarioimagen.net\/index.php?rest_route=%2Fwp%2Fv2%2Fmedia&parent=355025"}],"wp:term":[{"taxonomy":"category","embeddable":true,"href":"https:\/\/www.diarioimagen.net\/index.php?rest_route=%2Fwp%2Fv2%2Fcategories&post=355025"},{"taxonomy":"post_tag","embeddable":true,"href":"https:\/\/www.diarioimagen.net\/index.php?rest_route=%2Fwp%2Fv2%2Ftags&post=355025"}],"curies":[{"name":"wp","href":"https:\/\/api.w.org\/{rel}","templated":true}]}}