{"id":355043,"date":"2017-11-28T00:07:39","date_gmt":"2017-11-28T06:07:39","guid":{"rendered":"http:\/\/www.diarioimagen.net\/?p=355043"},"modified":"2017-11-28T00:02:16","modified_gmt":"2017-11-28T06:02:16","slug":"insta-agustin-carstens-a-cuidar-mas-la-inflacion","status":"publish","type":"post","link":"https:\/\/www.diarioimagen.net\/?p=355043","title":{"rendered":"Insta Agust\u00edn Carstens a cuidar m\u00e1s la inflaci\u00f3n"},"content":{"rendered":"<ul>\n<li><strong><em>Recomendaci\u00f3n al pr\u00f3ximo Presidente<\/em><\/strong><\/li>\n<\/ul>\n<p>&nbsp;<\/p>\n<div id=\"attachment_355077\" style=\"width: 470px\" class=\"wp-caption aligncenter\"><a href=\"http:\/\/www.diarioimagen.net\/?attachment_id=355077\" rel=\"attachment wp-att-355077\"><img loading=\"lazy\" decoding=\"async\" aria-describedby=\"caption-attachment-355077\" class=\"size-large wp-image-355077\" src=\"http:\/\/www.diarioimagen.net\/wp-content\/uploads\/2017\/11\/carstens-3260-460x259.jpg\" alt=\"\" width=\"460\" height=\"259\" srcset=\"https:\/\/www.diarioimagen.net\/wp-content\/uploads\/2017\/11\/carstens-3260-460x259.jpg 460w, https:\/\/www.diarioimagen.net\/wp-content\/uploads\/2017\/11\/carstens-3260-240x135.jpg 240w, https:\/\/www.diarioimagen.net\/wp-content\/uploads\/2017\/11\/carstens-3260-235x132.jpg 235w, https:\/\/www.diarioimagen.net\/wp-content\/uploads\/2017\/11\/carstens-3260-202x114.jpg 202w, https:\/\/www.diarioimagen.net\/wp-content\/uploads\/2017\/11\/carstens-3260-350x196.jpg 350w, https:\/\/www.diarioimagen.net\/wp-content\/uploads\/2017\/11\/carstens-3260-220x123.jpg 220w, https:\/\/www.diarioimagen.net\/wp-content\/uploads\/2017\/11\/carstens-3260-237x132.jpg 237w, https:\/\/www.diarioimagen.net\/wp-content\/uploads\/2017\/11\/carstens-3260.jpg 480w\" sizes=\"auto, (max-width: 460px) 100vw, 460px\" \/><\/a><p id=\"caption-attachment-355077\" class=\"wp-caption-text\">Bajo Agust\u00edn Carstens, la inflaci\u00f3n ha promediado 3.8 por ciento, aproximadamente la mitad del nivel de su predecesor, Guillermo Ortiz.<\/p><\/div>\n<p>&nbsp;<\/p>\n<p>El gobernador saliente del Banco de M\u00e9xico (Banxico), Agust\u00edn Carstens, advirti\u00f3 al pr\u00f3ximo Presidente que ser\u00eda muy dif\u00edcil y contraproducente intentar cambiar el mandato exclusivo de inflaci\u00f3n del instituto central.<\/p>\n<p>La segunda mayor econom\u00eda de Am\u00e9rica Latina elegir\u00e1 un nuevo presidente en julio de 2018. Despu\u00e9s de m\u00e1s de tres d\u00e9cadas de tecn\u00f3cratas de libre mercado, los mexicanos podr\u00edan elegir un l\u00edder que haya amenazado con implementar cambios en el modelo econ\u00f3mico de M\u00e9xico y uno que podr\u00eda buscar otorgarle al banco central mandatos adicionales, como empleo o crecimiento.<\/p>\n<p>El actual l\u00edder en las encuestas, Andr\u00e9s Manuel L\u00f3pez Obrador, reconoci\u00f3 hace poco la importancia de la autonom\u00eda del banco central para ayudar a controlar la inflaci\u00f3n.<\/p>\n<p>En una entrevista, Carstens dijo que conf\u00eda en que todos los candidatos presidenciales respeten la independencia del banco central.<\/p>\n<p>\u201cLo que ha dado margen para una autonom\u00eda s\u00f3lida es el hecho de que la gente quiere tener una instituci\u00f3n dentro del Estado cuyo \u00fanico mandato sea mantener la inflaci\u00f3n baja y estable\u201d, dijo Carstens. \u201cCambiar ese mandato, social y pol\u00edticamente, ser\u00eda muy dif\u00edcil\u201d.<\/p>\n<p>Bajo Carstens, la inflaci\u00f3n ha promediado 3.8 por ciento, aproximadamente la mitad del nivel de su predecesor, Guillermo Ortiz.<\/p>\n<p>Cuando las presiones inflacionarias emergieron en los \u00faltimos dos a\u00f1os, los estrategas de pol\u00edtica monetaria liderados por Carstens aumentaron la tasa en 4 puntos porcentuales hasta junio, la mayor cantidad entre los principales bancos que fijan tasas a nivel mundial.<\/p>\n<p>Si bien la inflaci\u00f3n se ubica a m\u00e1s del doble del objetivo de 3 por ciento del banco central, la junta pronostica que la tasa anual caer\u00e1 el pr\u00f3ximo a\u00f1o, en una comparaci\u00f3n m\u00e1s favorable que incluye un alza del precio de la gasolina a comienzos de 2017.<\/p>\n<p>Carstens, que se desempe\u00f1\u00f3 como Secretario de Hacienda antes de asumir el control de Banxico en 2010, dijo que los pr\u00f3ximos dos o tres gobiernos de M\u00e9xico enfrentar\u00e1n el desaf\u00edo de aumentar los ingresos fiscales de la naci\u00f3n a la luz de la obligaci\u00f3n de gastar en necesidades sociales como salud, educaci\u00f3n y seguridad.<\/p>\n","protected":false},"excerpt":{"rendered":"<p>El gobernador saliente del Banco de M\u00e9xico (Banxico), Agust\u00edn Carstens, advirti\u00f3 al pr\u00f3ximo Presidente que ser\u00eda muy dif\u00edcil y contraproducente intentar cambiar el mandato exclusivo de inflaci\u00f3n del instituto central.<\/p>\n","protected":false},"author":3,"featured_media":355077,"comment_status":"open","ping_status":"open","sticky":false,"template":"","format":"standard","meta":{"_monsterinsights_skip_tracking":false,"_monsterinsights_sitenote_active":false,"_monsterinsights_sitenote_note":"","_monsterinsights_sitenote_category":0,"footnotes":""},"categories":[8],"tags":[23098,68302,43678,932],"class_list":["post-355043","post","type-post","status-publish","format-standard","has-post-thumbnail","hentry","category-finanzas","tag-agustin-carstens-carstens","tag-cuidar","tag-finanzas","tag-inflacion"],"_links":{"self":[{"href":"https:\/\/www.diarioimagen.net\/index.php?rest_route=\/wp\/v2\/posts\/355043","targetHints":{"allow":["GET"]}}],"collection":[{"href":"https:\/\/www.diarioimagen.net\/index.php?rest_route=\/wp\/v2\/posts"}],"about":[{"href":"https:\/\/www.diarioimagen.net\/index.php?rest_route=\/wp\/v2\/types\/post"}],"author":[{"embeddable":true,"href":"https:\/\/www.diarioimagen.net\/index.php?rest_route=\/wp\/v2\/users\/3"}],"replies":[{"embeddable":true,"href":"https:\/\/www.diarioimagen.net\/index.php?rest_route=%2Fwp%2Fv2%2Fcomments&post=355043"}],"version-history":[{"count":0,"href":"https:\/\/www.diarioimagen.net\/index.php?rest_route=\/wp\/v2\/posts\/355043\/revisions"}],"wp:featuredmedia":[{"embeddable":true,"href":"https:\/\/www.diarioimagen.net\/index.php?rest_route=\/wp\/v2\/media\/355077"}],"wp:attachment":[{"href":"https:\/\/www.diarioimagen.net\/index.php?rest_route=%2Fwp%2Fv2%2Fmedia&parent=355043"}],"wp:term":[{"taxonomy":"category","embeddable":true,"href":"https:\/\/www.diarioimagen.net\/index.php?rest_route=%2Fwp%2Fv2%2Fcategories&post=355043"},{"taxonomy":"post_tag","embeddable":true,"href":"https:\/\/www.diarioimagen.net\/index.php?rest_route=%2Fwp%2Fv2%2Ftags&post=355043"}],"curies":[{"name":"wp","href":"https:\/\/api.w.org\/{rel}","templated":true}]}}