{"id":355072,"date":"2017-11-28T00:07:50","date_gmt":"2017-11-28T06:07:50","guid":{"rendered":"http:\/\/www.diarioimagen.net\/?p=355072"},"modified":"2017-11-28T00:18:20","modified_gmt":"2017-11-28T06:18:20","slug":"en-suteym-naucalpan-hay-estabilidad-y-paz-laboral-afirma-tomas-palomares","status":"publish","type":"post","link":"https:\/\/www.diarioimagen.net\/?p=355072","title":{"rendered":"En SUTEyM Naucalpan hay estabilidad y paz laboral, afirma Tom\u00e1s Palomares"},"content":{"rendered":"<ul>\n<li><strong><em>Primer informe de actividades<\/em><\/strong><\/li>\n<\/ul>\n<p>&nbsp;<\/p>\n<div id=\"attachment_355101\" style=\"width: 470px\" class=\"wp-caption aligncenter\"><a href=\"http:\/\/www.diarioimagen.net\/?attachment_id=355101\" rel=\"attachment wp-att-355101\"><img loading=\"lazy\" decoding=\"async\" aria-describedby=\"caption-attachment-355101\" class=\"size-large wp-image-355101\" src=\"http:\/\/www.diarioimagen.net\/wp-content\/uploads\/2017\/11\/NAUCALPAN-3260-460x259.jpg\" alt=\"\" width=\"460\" height=\"259\" srcset=\"https:\/\/www.diarioimagen.net\/wp-content\/uploads\/2017\/11\/NAUCALPAN-3260-460x259.jpg 460w, https:\/\/www.diarioimagen.net\/wp-content\/uploads\/2017\/11\/NAUCALPAN-3260-240x135.jpg 240w, https:\/\/www.diarioimagen.net\/wp-content\/uploads\/2017\/11\/NAUCALPAN-3260-235x132.jpg 235w, https:\/\/www.diarioimagen.net\/wp-content\/uploads\/2017\/11\/NAUCALPAN-3260-202x114.jpg 202w, https:\/\/www.diarioimagen.net\/wp-content\/uploads\/2017\/11\/NAUCALPAN-3260-350x196.jpg 350w, https:\/\/www.diarioimagen.net\/wp-content\/uploads\/2017\/11\/NAUCALPAN-3260-220x123.jpg 220w, https:\/\/www.diarioimagen.net\/wp-content\/uploads\/2017\/11\/NAUCALPAN-3260-237x132.jpg 237w, https:\/\/www.diarioimagen.net\/wp-content\/uploads\/2017\/11\/NAUCALPAN-3260.jpg 480w\" sizes=\"auto, (max-width: 460px) 100vw, 460px\" \/><\/a><p id=\"caption-attachment-355101\" class=\"wp-caption-text\">Tom\u00e1s Palomares Parra destac\u00f3 los alcances obtenidos con la reciente firma del convenio de sueldo y prestaciones 2017 con el ayuntamiento y el Organismo de Agua Potable Alcantarillado y Saneamiento.<\/p><\/div>\n<p>&nbsp;<\/p>\n<p><strong>Naucalpan, Estado de M\u00e9xico<\/strong>.- El Sindicato \u00danico de Trabajadores del Estado y sus Municipios (SUTEyM) secci\u00f3n Naucalpan, est\u00e1 m\u00e1s unido y fortalecido que nunca, asegur\u00f3 secretario general, Tom\u00e1s Palomares Parra, al rendir su primer informe de actividades al frente de ese importante gremio sindical.<\/p>\n<p>Palomares Parra expres\u00f3 \u00a0su absoluto rechazo a quienes intentan dividir y desestabilizar a la secci\u00f3n sindical de este municipio, al tiempo de reconocer que existe un clima de estabilidad y paz laboral que ha permitido dignificar las condiciones en que trabajan los m\u00e1s de 4 mil 200 suteymistas naucalpenses.<\/p>\n<p>Destac\u00f3 que los alcances obtenidos con la reciente firma del convenio de sueldo y prestaciones 2017 con el ayuntamiento y el Organismo de Agua Potable Alcantarillado y Saneamiento (OAPAS) \u00a0se beneficia a cada trabajador y sus familias; resalt\u00f3 que los trabajadores recibieron atenci\u00f3n y apoyo constante en sus \u00e1reas laborales, as\u00ed como la entrega en tiempo y forma de ropa y equipo de trabajo, resalt\u00f3 adem\u00e1s el incremento a 10 pesos, en el fondo de resistencia, que sin duda servir\u00e1 de un apoyo invaluable, para el servidor p\u00fablico que en su caso lo requiriera.<\/p>\n<p>Al primer informe de actividades de Tom\u00e1s Palomares Parra, asisti\u00f3 el l\u00edder moral, David Parra S\u00e1nchez, el secretario de finanzas estatal, Artemio Cruz Gonz\u00e1lez, as\u00ed como de Ren\u00e9 Palomares, responsable del Comit\u00e9 de Vigilancia e Investigaci\u00f3n.<\/p>\n<p>Durante su informe, se destac\u00f3 el buen manejo de las finanzas del sindicato de la localidad y \u00e9stas se han manejado de manera transparente y siempre en beneficio de todos y cada uno de los agremiados al sindicato.<\/p>\n<p>En representaci\u00f3n del Secretario General del SUTEYM, Lic. Herminio Cahue Calder\u00f3n; acudi\u00f3 Antonio Duarte Franco, Subsecretario de la Organizaci\u00f3n Sindical; quien felicit\u00f3 y reconoci\u00f3 el trabajo y esfuerzo del Seccional, al lograr en este a\u00f1o, la reinstalaci\u00f3n de trabajadores del OAPAS y 40 m\u00e1s en el ayuntamiento, Se\u00f1al\u00f3 que el cumplimiento de las responsabilidades debe continuar motivando y manteniendo una convicci\u00f3n firme, y un sindicalismo de la mano contigo, para realizar siempre actos en favor de los sindicalizados.<\/p>\n<p>En este acto enmarcado en el estatuto del SUTEYM, estuvieron presentes miembros del Comit\u00e9 Ejecutivo Estatal, del Comit\u00e9 de Vigilancia e Investigaci\u00f3n, invitados especiales y servidores p\u00fablicos de las diferentes \u00e1reas del municipio.<\/p>\n","protected":false},"excerpt":{"rendered":"<p> El Sindicato \u00danico de Trabajadores del Estado y sus Municipios (SUTEyM) secci\u00f3n Naucalpan, est\u00e1 m\u00e1s unido y fortalecido que nunca, asegur\u00f3 secretario general, Tom\u00e1s Palomares Parra, al rendir su primer informe de actividades al frente de ese importante gremio sindical.<\/p>\n","protected":false},"author":3,"featured_media":355101,"comment_status":"open","ping_status":"open","sticky":false,"template":"","format":"standard","meta":{"_monsterinsights_skip_tracking":false,"_monsterinsights_sitenote_active":false,"_monsterinsights_sitenote_note":"","_monsterinsights_sitenote_category":0,"footnotes":""},"categories":[35155],"tags":[43675,970,47930],"class_list":["post-355072","post","type-post","status-publish","format-standard","has-post-thumbnail","hentry","category-estado-de-mexico-estado-de-mexico","tag-estado-de-mexico","tag-naucalpan","tag-sindicato-unico-de-trabajadores-del-estado-y-sus-municipios"],"_links":{"self":[{"href":"https:\/\/www.diarioimagen.net\/index.php?rest_route=\/wp\/v2\/posts\/355072","targetHints":{"allow":["GET"]}}],"collection":[{"href":"https:\/\/www.diarioimagen.net\/index.php?rest_route=\/wp\/v2\/posts"}],"about":[{"href":"https:\/\/www.diarioimagen.net\/index.php?rest_route=\/wp\/v2\/types\/post"}],"author":[{"embeddable":true,"href":"https:\/\/www.diarioimagen.net\/index.php?rest_route=\/wp\/v2\/users\/3"}],"replies":[{"embeddable":true,"href":"https:\/\/www.diarioimagen.net\/index.php?rest_route=%2Fwp%2Fv2%2Fcomments&post=355072"}],"version-history":[{"count":0,"href":"https:\/\/www.diarioimagen.net\/index.php?rest_route=\/wp\/v2\/posts\/355072\/revisions"}],"wp:featuredmedia":[{"embeddable":true,"href":"https:\/\/www.diarioimagen.net\/index.php?rest_route=\/wp\/v2\/media\/355101"}],"wp:attachment":[{"href":"https:\/\/www.diarioimagen.net\/index.php?rest_route=%2Fwp%2Fv2%2Fmedia&parent=355072"}],"wp:term":[{"taxonomy":"category","embeddable":true,"href":"https:\/\/www.diarioimagen.net\/index.php?rest_route=%2Fwp%2Fv2%2Fcategories&post=355072"},{"taxonomy":"post_tag","embeddable":true,"href":"https:\/\/www.diarioimagen.net\/index.php?rest_route=%2Fwp%2Fv2%2Ftags&post=355072"}],"curies":[{"name":"wp","href":"https:\/\/api.w.org\/{rel}","templated":true}]}}