{"id":355130,"date":"2017-11-29T00:14:31","date_gmt":"2017-11-29T06:14:31","guid":{"rendered":"http:\/\/www.diarioimagen.net\/?p=355130"},"modified":"2017-11-29T00:21:44","modified_gmt":"2017-11-29T06:21:44","slug":"detienen-por-secuestro-a-hermana-de-el-z40","status":"publish","type":"post","link":"https:\/\/www.diarioimagen.net\/?p=355130","title":{"rendered":"Detienen por\u00a0secuestro a la\u00a0hermana de\u00a0\u201cEl Z40\u201d"},"content":{"rendered":"<ul>\n<li><em><b>En Nuevo Laredo<\/b><\/em><\/li>\n<\/ul>\n<p>&nbsp;<\/p>\n<div id=\"attachment_355131\" style=\"width: 470px\" class=\"wp-caption aligncenter\"><img loading=\"lazy\" decoding=\"async\" aria-describedby=\"caption-attachment-355131\" class=\"wp-image-355131 size-large\" src=\"http:\/\/www.diarioimagen.net\/wp-content\/uploads\/2017\/11\/HERMANA29-PORTAL-460x268.jpg\" alt=\"\" width=\"460\" height=\"268\" srcset=\"https:\/\/www.diarioimagen.net\/wp-content\/uploads\/2017\/11\/HERMANA29-PORTAL-460x268.jpg 460w, https:\/\/www.diarioimagen.net\/wp-content\/uploads\/2017\/11\/HERMANA29-PORTAL-240x140.jpg 240w, https:\/\/www.diarioimagen.net\/wp-content\/uploads\/2017\/11\/HERMANA29-PORTAL.jpg 480w\" sizes=\"auto, (max-width: 460px) 100vw, 460px\" \/><p id=\"caption-attachment-355131\" class=\"wp-caption-text\">Ana Isabel \u201cN\u201d, responsable del delito de secuestro, es hermana de \u201cEl Z40\u201d y de \u201cEl Z42\u201d<\/p><\/div>\n<p>&nbsp;<\/p>\n<p>Elementos de la Procuradur\u00eda General de Justicia de Tamaulipas detuvieron en Nuevo Laredo a Ana Isabel \u201cN\u201d,\u00a0 hermana de \u201cEl Z40\u201d, a quien se se\u00f1ala como responsable del delito de secuestro, cometido en noviembre del a\u00f1o pasado.<\/p>\n<p>La dependencia inform\u00f3 que el arresto se llev\u00f3 a cabo en cumplimiento de una orden de aprehensi\u00f3n, cuando la mujer fue localizada en este municipio fronterizo en un operativo durante el cual se cont\u00f3 con el apoyo del Ej\u00e9rcito Mexicano y la Polic\u00eda Federal.<\/p>\n<p>Refiri\u00f3 que la detenida tiene parentesco con dos l\u00edderes de una agrupaci\u00f3n de la delincuencia organizada que, de acuerdo a datos de inteligencia, viene operando principalmente en Nuevo Laredo.<\/p>\n<p>Se\u00f1al\u00f3 que dicha agrupaci\u00f3n se ha caracterizado por tener el control de diversas actividades vinculadas a la trata de personas, el contrabando, el tr\u00e1fico de personas, la extorsi\u00f3n y el secuestro, entre otros il\u00edcitos, as\u00ed como de ejercer desapariciones forzadas y homicidios.<\/p>\n<p style=\"text-align: center;\"><b>Parentesco criminal<\/b><\/p>\n<p>De acuerdo con funcionarios federales, la detenida es hermana de Miguel \u00c1ngel y Omar Trevi\u00f1o,<i> El Z-42<\/i>, ambos identificados como l\u00edderes de <i>Los Zetas<\/i>, agrupaci\u00f3n que, de acuerdo con datos de inteligencia, viene operando principalmente en Nuevo Laredo y que se ha caracterizado por tener el control de diversas actividades vinculadas a la trata de personas, el contrabando, tr\u00e1fico de personas, extorsi\u00f3n y secuestro, entre otros il\u00edcitos, as\u00ed como de ejercer desapariciones forzadas y homicidios.<\/p>\n<p>La Secretar\u00eda de Marina captur\u00f3 el 15 de julio de 2013, en el municipio de An\u00e1huac, Nuevo Le\u00f3n, a Miguel \u00c1ngel Trevi\u00f1o Morales, durante un operativo de precisi\u00f3n en el que no se realiz\u00f3 ni un disparo.<\/p>\n","protected":false},"excerpt":{"rendered":"<p>Elementos de la Procuradur\u00eda General de Justicia de Tamaulipas detuvieron en Nuevo Laredo a Ana Isabel \u201cN\u201d, hermana de \u201cEl Z40\u201d, a quien se se\u00f1ala como responsable del delito de secuestro, cometido en noviembre del a\u00f1o pasado.<\/p>\n","protected":false},"author":5,"featured_media":355131,"comment_status":"open","ping_status":"open","sticky":false,"template":"","format":"standard","meta":{"_monsterinsights_skip_tracking":false,"_monsterinsights_sitenote_active":false,"_monsterinsights_sitenote_note":"","_monsterinsights_sitenote_category":0,"footnotes":""},"categories":[7],"tags":[68307,1073,3722,3310,68360,68361],"class_list":["post-355130","post","type-post","status-publish","format-standard","has-post-thumbnail","hentry","category-seguridad","tag-ana-isabel-n","tag-los-zetas","tag-nuevo-laredo","tag-secuestro","tag-z40","tag-z42"],"_links":{"self":[{"href":"https:\/\/www.diarioimagen.net\/index.php?rest_route=\/wp\/v2\/posts\/355130","targetHints":{"allow":["GET"]}}],"collection":[{"href":"https:\/\/www.diarioimagen.net\/index.php?rest_route=\/wp\/v2\/posts"}],"about":[{"href":"https:\/\/www.diarioimagen.net\/index.php?rest_route=\/wp\/v2\/types\/post"}],"author":[{"embeddable":true,"href":"https:\/\/www.diarioimagen.net\/index.php?rest_route=\/wp\/v2\/users\/5"}],"replies":[{"embeddable":true,"href":"https:\/\/www.diarioimagen.net\/index.php?rest_route=%2Fwp%2Fv2%2Fcomments&post=355130"}],"version-history":[{"count":0,"href":"https:\/\/www.diarioimagen.net\/index.php?rest_route=\/wp\/v2\/posts\/355130\/revisions"}],"wp:featuredmedia":[{"embeddable":true,"href":"https:\/\/www.diarioimagen.net\/index.php?rest_route=\/wp\/v2\/media\/355131"}],"wp:attachment":[{"href":"https:\/\/www.diarioimagen.net\/index.php?rest_route=%2Fwp%2Fv2%2Fmedia&parent=355130"}],"wp:term":[{"taxonomy":"category","embeddable":true,"href":"https:\/\/www.diarioimagen.net\/index.php?rest_route=%2Fwp%2Fv2%2Fcategories&post=355130"},{"taxonomy":"post_tag","embeddable":true,"href":"https:\/\/www.diarioimagen.net\/index.php?rest_route=%2Fwp%2Fv2%2Ftags&post=355130"}],"curies":[{"name":"wp","href":"https:\/\/api.w.org\/{rel}","templated":true}]}}