{"id":355142,"date":"2017-11-29T00:07:29","date_gmt":"2017-11-29T06:07:29","guid":{"rendered":"http:\/\/www.diarioimagen.net\/?p=355142"},"modified":"2017-11-29T22:49:07","modified_gmt":"2017-11-30T04:49:07","slug":"concluira-en-10-meses-reconstruccion-de-escuelas-alfredo-del-mazo","status":"publish","type":"post","link":"https:\/\/www.diarioimagen.net\/?p=355142","title":{"rendered":"Concluir\u00e1 en 10 meses la\u00a0reconstrucci\u00f3n de escuelas"},"content":{"rendered":"<ul>\n<li><em><strong>El sismo afect\u00f3 cerca de 4 mil 900\u00a0<\/strong><\/em><\/li>\n<li><em><strong>En Edomex, la tercera parte del total nacional de planteles afectados\u00a0<\/strong><\/em><\/li>\n<\/ul>\n<p>&nbsp;<\/p>\n<div id=\"attachment_355199\" style=\"width: 470px\" class=\"wp-caption aligncenter\"><a href=\"http:\/\/www.diarioimagen.net\/?attachment_id=355199\" rel=\"attachment wp-att-355199\"><img loading=\"lazy\" decoding=\"async\" aria-describedby=\"caption-attachment-355199\" class=\"size-large wp-image-355199\" src=\"http:\/\/www.diarioimagen.net\/wp-content\/uploads\/2017\/11\/edomex-3261-460x259.jpg\" alt=\"\" width=\"460\" height=\"259\" srcset=\"https:\/\/www.diarioimagen.net\/wp-content\/uploads\/2017\/11\/edomex-3261-460x259.jpg 460w, https:\/\/www.diarioimagen.net\/wp-content\/uploads\/2017\/11\/edomex-3261-240x135.jpg 240w, https:\/\/www.diarioimagen.net\/wp-content\/uploads\/2017\/11\/edomex-3261-235x132.jpg 235w, https:\/\/www.diarioimagen.net\/wp-content\/uploads\/2017\/11\/edomex-3261-202x114.jpg 202w, https:\/\/www.diarioimagen.net\/wp-content\/uploads\/2017\/11\/edomex-3261-350x196.jpg 350w, https:\/\/www.diarioimagen.net\/wp-content\/uploads\/2017\/11\/edomex-3261-220x123.jpg 220w, https:\/\/www.diarioimagen.net\/wp-content\/uploads\/2017\/11\/edomex-3261-237x132.jpg 237w, https:\/\/www.diarioimagen.net\/wp-content\/uploads\/2017\/11\/edomex-3261.jpg 480w\" sizes=\"auto, (max-width: 460px) 100vw, 460px\" \/><\/a><p id=\"caption-attachment-355199\" class=\"wp-caption-text\">El gobernador Alfredo Del Mazo entreg\u00f3 est\u00edmulos econ\u00f3micos a los ganadores\u00a0 de la Olimpiada del Conocimiento Infantil.<\/p><\/div>\n<p>&nbsp;<\/p>\n<p><strong>Toluca, Estado de M\u00e9xico.-<\/strong> El gobernador Alfredo Del Mazo Maza inform\u00f3 que en un periodo aproximado de 10 meses, concluir\u00e1 la reconstrucci\u00f3n de aquellos planteles que registraron da\u00f1os graves o p\u00e9rdida total a causa del sismo del pasado 19 de septiembre.<\/p>\n<p>\u201cPr\u00e1cticamente todas las escuelas han regresado a clases, si bien, no en las aulas originales porque algunas de ellas fueron da\u00f1adas por el sismo, s\u00ed en algunas otras escuelas o espacios p\u00fablicos, temporalmente, en lo que se lleva a cabo este gran proceso de reconstrucci\u00f3n que tomar\u00e1 aproximadamente 10 meses, sobre todo en las escuelas que fueron afectadas y p\u00e9rdida total\u201d, precis\u00f3.<\/p>\n<p>En la entrega anual de est\u00edmulos a los alumnos ganadores del Concurso Olimpiada del Conocimiento Infantil, el Ejecutivo estatal explic\u00f3 que de las 16 mil escuelas da\u00f1adas en el pa\u00eds por el temblor, tan s\u00f3lo en la entidad mexiquense fueron cerca de 4 mil 900 los planteles afectados, lo que representa una tercera parte del total y un gran reto para las autoridades, padres de familia y la comunidad escolar.<\/p>\n<p>\u201cImplica un gran reto para el estado, un gran reto para los maestros, un gran reto para los padres de familia y un gran reto para las autoridades educativas\u201d, afirm\u00f3.<\/p>\n<p>En la Sala de Conciertos Felipe Villanueva, Del Mazo Maza reconoci\u00f3 el trabajo que padres de familia y la comunidad escolar han emprendido para que todos los alumnos regresaran a clases, pese a que algunos fueron reubicados en otras escuelas o en espacios p\u00fablicos.<\/p>\n<p>El gobernador mexiquense, junto con el secretario de Educaci\u00f3n,\u00a0 Juan Mill\u00e1n M\u00e1rquez, entreg\u00f3 est\u00edmulos econ\u00f3micos a los 277 ganadores\u00a0 de la Olimpiada del Conocimiento Infantil,\u00a0 y dijo que estos menores\u00a0 son un ejemplo para otros estudiantes y para la sociedad, pues demostraron que lo m\u00e1s importante para alcanzar un sue\u00f1o es trabajar duro.<\/p>\n<p>Ante alumnos de educaci\u00f3n b\u00e1sica, padres de familia y maestros, Alfredo Del Mazo se\u00f1al\u00f3 que estos apoyos\u00a0 permitir\u00e1n a los escolares seguir estudiando y aplicar su talento en el ramo que m\u00e1s les guste y reiter\u00f3 que su administraci\u00f3n los seguir\u00e1 apoyando.<\/p>\n<p>\u201cQue sigan siendo ejemplo hacia adentro de sus escuelas, que sigan siendo ejemplo hacia afuera, a los dem\u00e1s alumnos, y que sigan siendo ejemplo de aspiraci\u00f3n y sobre todo de que cuando hay sue\u00f1os y uno se pone metas claras y se decide a lograrlas, se pueden alcanzar\u201d, les expres\u00f3 a los ganadores.<\/p>\n<p>Tambi\u00e9n, instruy\u00f3 al secretario de Educaci\u00f3n a realizar las gestiones correspondientes para que los galardonados de este certamen, de las generaciones 2012, 2013, 2014, 2015 y 2016, puedan concursar y obtener adem\u00e1s otras becas.<\/p>\n<p>El titular de Educaci\u00f3n, Juan Mill\u00e1n, explic\u00f3 que los ganadores de este concurso aplicaron pruebas en materias como matem\u00e1ticas, historia, ciencias naturales o espa\u00f1ol, y que todos tienen un promedio superior a 9.0.<\/p>\n","protected":false},"excerpt":{"rendered":"<p>El gobernador Alfredo Del Mazo Maza inform\u00f3 que en un periodo aproximado de 10 meses, concluir\u00e1 la reconstrucci\u00f3n de aquellos planteles que registraron da\u00f1os graves o p\u00e9rdida total a causa del sismo del pasado 19 de septiembre.<\/p>\n","protected":false},"author":5,"featured_media":355199,"comment_status":"open","ping_status":"open","sticky":false,"template":"","format":"standard","meta":{"_monsterinsights_skip_tracking":false,"_monsterinsights_sitenote_active":false,"_monsterinsights_sitenote_note":"","_monsterinsights_sitenote_category":0,"footnotes":""},"categories":[5],"tags":[207,43675,68319],"class_list":["post-355142","post","type-post","status-publish","format-standard","has-post-thumbnail","hentry","category-estado-de-mexico","tag-escuelas","tag-estado-de-mexico","tag-juan-millan-marquez"],"_links":{"self":[{"href":"https:\/\/www.diarioimagen.net\/index.php?rest_route=\/wp\/v2\/posts\/355142","targetHints":{"allow":["GET"]}}],"collection":[{"href":"https:\/\/www.diarioimagen.net\/index.php?rest_route=\/wp\/v2\/posts"}],"about":[{"href":"https:\/\/www.diarioimagen.net\/index.php?rest_route=\/wp\/v2\/types\/post"}],"author":[{"embeddable":true,"href":"https:\/\/www.diarioimagen.net\/index.php?rest_route=\/wp\/v2\/users\/5"}],"replies":[{"embeddable":true,"href":"https:\/\/www.diarioimagen.net\/index.php?rest_route=%2Fwp%2Fv2%2Fcomments&post=355142"}],"version-history":[{"count":0,"href":"https:\/\/www.diarioimagen.net\/index.php?rest_route=\/wp\/v2\/posts\/355142\/revisions"}],"wp:featuredmedia":[{"embeddable":true,"href":"https:\/\/www.diarioimagen.net\/index.php?rest_route=\/wp\/v2\/media\/355199"}],"wp:attachment":[{"href":"https:\/\/www.diarioimagen.net\/index.php?rest_route=%2Fwp%2Fv2%2Fmedia&parent=355142"}],"wp:term":[{"taxonomy":"category","embeddable":true,"href":"https:\/\/www.diarioimagen.net\/index.php?rest_route=%2Fwp%2Fv2%2Fcategories&post=355142"},{"taxonomy":"post_tag","embeddable":true,"href":"https:\/\/www.diarioimagen.net\/index.php?rest_route=%2Fwp%2Fv2%2Ftags&post=355142"}],"curies":[{"name":"wp","href":"https:\/\/api.w.org\/{rel}","templated":true}]}}