{"id":355218,"date":"2017-11-29T00:10:09","date_gmt":"2017-11-29T06:10:09","guid":{"rendered":"http:\/\/www.diarioimagen.net\/?p=355218"},"modified":"2017-11-29T00:20:33","modified_gmt":"2017-11-29T06:20:33","slug":"paro-de-pilotos-afecto-a-10-mil-pasajeros-de-aeromexico","status":"publish","type":"post","link":"https:\/\/www.diarioimagen.net\/?p=355218","title":{"rendered":"Paro de pilotos afect\u00f3 a 10 mil pasajeros de Aerom\u00e9xico"},"content":{"rendered":"<ul>\n<li><em><b>Se cancelaron 59 vuelos y dos se retrasaron<\/b><\/em><\/li>\n<\/ul>\n<p>&nbsp;<\/p>\n<div id=\"attachment_355219\" style=\"width: 470px\" class=\"wp-caption aligncenter\"><a href=\"http:\/\/www.diarioimagen.net\/?attachment_id=355219\" rel=\"attachment wp-att-355219\"><img loading=\"lazy\" decoding=\"async\" aria-describedby=\"caption-attachment-355219\" class=\"size-large wp-image-355219\" src=\"http:\/\/www.diarioimagen.net\/wp-content\/uploads\/2017\/11\/paro-3261-460x259.jpg\" alt=\"\" width=\"460\" height=\"259\" srcset=\"https:\/\/www.diarioimagen.net\/wp-content\/uploads\/2017\/11\/paro-3261-460x259.jpg 460w, https:\/\/www.diarioimagen.net\/wp-content\/uploads\/2017\/11\/paro-3261-240x135.jpg 240w, https:\/\/www.diarioimagen.net\/wp-content\/uploads\/2017\/11\/paro-3261-235x132.jpg 235w, https:\/\/www.diarioimagen.net\/wp-content\/uploads\/2017\/11\/paro-3261-202x114.jpg 202w, https:\/\/www.diarioimagen.net\/wp-content\/uploads\/2017\/11\/paro-3261-350x196.jpg 350w, https:\/\/www.diarioimagen.net\/wp-content\/uploads\/2017\/11\/paro-3261-220x123.jpg 220w, https:\/\/www.diarioimagen.net\/wp-content\/uploads\/2017\/11\/paro-3261-237x132.jpg 237w, https:\/\/www.diarioimagen.net\/wp-content\/uploads\/2017\/11\/paro-3261.jpg 480w\" sizes=\"auto, (max-width: 460px) 100vw, 460px\" \/><\/a><p id=\"caption-attachment-355219\" class=\"wp-caption-text\">La protesta que inici\u00f3 debido al despido injustificado de un piloto de Aerom\u00e9xico,\u00a0 afect\u00f3 a m\u00e1s de 40 vuelos de la aerol\u00ednea.<\/p><\/div>\n<p>&nbsp;<\/p>\n<p>La Procuradur\u00eda Federal del Consumidor inform\u00f3 que hasta la tarde de ayer la afectaci\u00f3n por el paro de pilotos de Aerom\u00e9xico fue mayor a 10 mil pasajeros y 59 vuelos cancelados.<\/p>\n<p>En entrevista, Mar\u00eda de los \u00c1ngeles Jasso Cisneros, subprocuradora de servicios de Profeco, se\u00f1al\u00f3 que esta cifra de perjuicios podr\u00eda aumentar, ya que se est\u00e1 recabando toda la informaci\u00f3n disponible.<\/p>\n<p>La funcionaria se\u00f1al\u00f3 que hasta el momento la aerol\u00ednea ha cumplido con el mandato de la nueva ley de aviaci\u00f3n, que implica cambios de vuelos sin costo y asistencia en alimentos.<\/p>\n<p>Expuso que los afectados pueden acudir a los m\u00f3dulos de atenci\u00f3n de la Profeco en la terminal a\u00e9rea para resolver su situaci\u00f3n, ya sea que el vuelo haya sido cancelado o est\u00e9 demorado.<\/p>\n<p>La funcionaria detall\u00f3 que el primer paso es que los pasajeros afectados acudan al m\u00f3dulo de la aerol\u00ednea, para obtener una soluci\u00f3n inmediata.<\/p>\n<p>En caso de que no se ofrezca una respuesta satisfactoria, el consumidor puede acudir a los m\u00f3dulos de la Profeco instalados en el AICM, donde se informa al interesado sobre sus derechos y a conciliar con la aerol\u00ednea.<\/p>\n<p>El siguiente paso, debido a que es un problema imputable, la aerol\u00ednea debe ofrecer en determinados casos hospedaje a los pasajeros. \u201cEl consumidor s\u00ed se est\u00e1 viendo afectado, para ello se les tiene que otorgar un 25 por ciento de indemnizaci\u00f3n\u201d, argument\u00f3.<\/p>\n<p>En \u00faltima instancia, si Aerom\u00e9xico no dio una soluci\u00f3n de manera inmediata y el consumidor opta por comprar otro vuelo e irse, no pierde sus derechos, los mantiene y puede presentar m\u00e1s tarde su queja ante la Profeco en la delegaci\u00f3n correspondiente o a trav\u00e9s de Concilianet.<\/p>\n<p>Jasso Cisneros ofreci\u00f3 los n\u00fameros telef\u00f3nicos 5568-8722 y 01-800-468-8722, y a trav\u00e9s de Concilianet en www.concilianet.profeco.gob.mx.<\/p>\n","protected":false},"excerpt":{"rendered":"<p>La Procuradur\u00eda Federal del Consumidor inform\u00f3 que hasta la tarde de ayer la afectaci\u00f3n por el paro de pilotos de Aerom\u00e9xico fue mayor a 10 mil pasajeros y 59 vuelos cancelados. En entrevista, Mar\u00eda de los \u00c1ngeles Jasso Cisneros, subprocuradora de servicios de Profeco, se\u00f1al\u00f3 que esta cifra de perjuicios podr\u00eda aumentar, ya que se est\u00e1 recabando toda la informaci\u00f3n disponible.<\/p>\n","protected":false},"author":1,"featured_media":355219,"comment_status":"open","ping_status":"open","sticky":false,"template":"","format":"standard","meta":{"_monsterinsights_skip_tracking":false,"_monsterinsights_sitenote_active":false,"_monsterinsights_sitenote_note":"","_monsterinsights_sitenote_category":0,"footnotes":""},"categories":[3],"tags":[3607,436,43673,68365,16291,67019,29423,356],"class_list":["post-355218","post","type-post","status-publish","format-standard","has-post-thumbnail","hentry","category-nacional","tag-aeromexico","tag-aicm","tag-nacional","tag-paajeros","tag-paro","tag-pilotos","tag-procuraduria-federal-del-consumidor","tag-profeco"],"_links":{"self":[{"href":"https:\/\/www.diarioimagen.net\/index.php?rest_route=\/wp\/v2\/posts\/355218","targetHints":{"allow":["GET"]}}],"collection":[{"href":"https:\/\/www.diarioimagen.net\/index.php?rest_route=\/wp\/v2\/posts"}],"about":[{"href":"https:\/\/www.diarioimagen.net\/index.php?rest_route=\/wp\/v2\/types\/post"}],"author":[{"embeddable":true,"href":"https:\/\/www.diarioimagen.net\/index.php?rest_route=\/wp\/v2\/users\/1"}],"replies":[{"embeddable":true,"href":"https:\/\/www.diarioimagen.net\/index.php?rest_route=%2Fwp%2Fv2%2Fcomments&post=355218"}],"version-history":[{"count":0,"href":"https:\/\/www.diarioimagen.net\/index.php?rest_route=\/wp\/v2\/posts\/355218\/revisions"}],"wp:featuredmedia":[{"embeddable":true,"href":"https:\/\/www.diarioimagen.net\/index.php?rest_route=\/wp\/v2\/media\/355219"}],"wp:attachment":[{"href":"https:\/\/www.diarioimagen.net\/index.php?rest_route=%2Fwp%2Fv2%2Fmedia&parent=355218"}],"wp:term":[{"taxonomy":"category","embeddable":true,"href":"https:\/\/www.diarioimagen.net\/index.php?rest_route=%2Fwp%2Fv2%2Fcategories&post=355218"},{"taxonomy":"post_tag","embeddable":true,"href":"https:\/\/www.diarioimagen.net\/index.php?rest_route=%2Fwp%2Fv2%2Ftags&post=355218"}],"curies":[{"name":"wp","href":"https:\/\/api.w.org\/{rel}","templated":true}]}}