{"id":355240,"date":"2017-11-29T00:09:12","date_gmt":"2017-11-29T06:09:12","guid":{"rendered":"http:\/\/www.diarioimagen.net\/?p=355240"},"modified":"2017-11-29T22:49:27","modified_gmt":"2017-11-30T04:49:27","slug":"urge-hacer-de-la-justicia-una-realidad-viva-perez-juarez","status":"publish","type":"post","link":"https:\/\/www.diarioimagen.net\/?p=355240","title":{"rendered":"Urge hacer de la justicia una\u00a0realidad viva: P\u00e9rez Ju\u00e1rez"},"content":{"rendered":"<ul>\n<li><em><b>Inauguran Cuarto Taller de Cooperaci\u00f3n Procesal Internacional<\/b><\/em><\/li>\n<\/ul>\n<h6>Jos\u00e9 Luis Monta\u00f1ez<\/h6>\n<p>&nbsp;<\/p>\n<div id=\"attachment_355242\" style=\"width: 470px\" class=\"wp-caption aligncenter\"><a href=\"http:\/\/www.diarioimagen.net\/?attachment_id=355242\" rel=\"attachment wp-att-355242\"><img loading=\"lazy\" decoding=\"async\" aria-describedby=\"caption-attachment-355242\" class=\"wp-image-355242 size-large\" src=\"http:\/\/www.diarioimagen.net\/wp-content\/uploads\/2017\/11\/tribunal-3261-460x259.jpg\" alt=\"\" width=\"460\" height=\"259\" srcset=\"https:\/\/www.diarioimagen.net\/wp-content\/uploads\/2017\/11\/tribunal-3261-460x259.jpg 460w, https:\/\/www.diarioimagen.net\/wp-content\/uploads\/2017\/11\/tribunal-3261-240x135.jpg 240w, https:\/\/www.diarioimagen.net\/wp-content\/uploads\/2017\/11\/tribunal-3261-235x132.jpg 235w, https:\/\/www.diarioimagen.net\/wp-content\/uploads\/2017\/11\/tribunal-3261-202x114.jpg 202w, https:\/\/www.diarioimagen.net\/wp-content\/uploads\/2017\/11\/tribunal-3261-350x196.jpg 350w, https:\/\/www.diarioimagen.net\/wp-content\/uploads\/2017\/11\/tribunal-3261-220x123.jpg 220w, https:\/\/www.diarioimagen.net\/wp-content\/uploads\/2017\/11\/tribunal-3261-237x132.jpg 237w, https:\/\/www.diarioimagen.net\/wp-content\/uploads\/2017\/11\/tribunal-3261.jpg 480w\" sizes=\"auto, (max-width: 460px) 100vw, 460px\" \/><\/a><p id=\"caption-attachment-355242\" class=\"wp-caption-text\">El presidente del TSJCDMX, \u00c1lvaro Augusto P\u00e9rez Ju\u00e1rez, particip\u00f3 en el\u00a0Cuarto taller de cooperaci\u00f3n procesal internacional, realizado en la SRE, con la presencia del titular de la SRE, Luis Videgaray Caso.<\/p><\/div>\n<p>&nbsp;<\/p>\n<p>El presidente del Tribunal Superior de Justicia de la Ciudad de M\u00e9xico (TSJCDMX), magistrado \u00c1lvaro Augusto P\u00e9rez Ju\u00e1rez, subray\u00f3 la importancia de hacer de la justicia una realidad viva y tangible para todos, a trav\u00e9s del debido proceso, as\u00ed como de garantizar los derechos de los integrantes de la familia y el inter\u00e9s superior del ni\u00f1o, y puntualiz\u00f3 que la protecci\u00f3n integral de las personas no se limita a una jurisdicci\u00f3n o territorio.<\/p>\n<p>Al pronunciar un discurso en la inauguraci\u00f3n del\u00a0Cuarto taller de cooperaci\u00f3n procesal internacional, abund\u00f3 en que tambi\u00e9n hay la responsabilidad de garantizar los derechos de la sociedad bajo el principio\u00a0pro-persona, el cual es una realidad constitucional.<\/p>\n<p>En la Secretar\u00eda de Relaciones Exteriores (SRE), el magistrado dijo que la justicia tiene como noble labor resolver aquellas controversias que son m\u00e1s cercanas a las personas, y que la cooperaci\u00f3n procesal internacional encuentra mecanismos para dar soluciones a aquellas controversias que no se circunscriben a una jurisdicci\u00f3n.<\/p>\n<p>\u201cEs un medio para que los conflictos en las relaciones de la sociedad se transformen en soluciones, que faciliten el desarrollo de los proyectos de vida de las partes en un ambiente de equidad y de paz social, en donde todas y todos perciban una justicia cercana que responda a sus necesidades\u201d, precis\u00f3.<\/p>\n<p>Con la presencia del titular de la SRE, Luis Videgaray Caso, P\u00e9rez Ju\u00e1rez consider\u00f3 que los proyectos que evocan la uni\u00f3n de poderes y niveles de gobierno a favor de la ciudadan\u00eda unen la responsabilidad democr\u00e1tica de consolidar una gobernanza centrada en la protecci\u00f3n integral de los derechos de las personas.<\/p>\n<p>Asimismo, record\u00f3 que el TSJCDMX se suma al proyecto de justicia cotidiana liderado por el presidente Enrique Pe\u00f1a Nieto, el cual busca solucionar problemas que son de la mayor trascendencia para las personas, entre estos, los relativos a la familia, la libertad personal, las obligaciones contractuales y el crecimiento econ\u00f3mico del pa\u00eds.<\/p>\n<p>\u201cTodo ello, bajo el entendimiento democr\u00e1tico de que la integralidad del proyecto de justicia cotidiana brinda una amplia gama de oportunidades y planes de vida\u201d, dijo.<\/p>\n<p>El tambi\u00e9n presidente del Consejo de la Judicatura de la Ciudad de M\u00e9xico explic\u00f3 que, en el marco de los talleres de cooperaci\u00f3n procesal internacional, el TSJCDMX ha participado en \u00a0nueve con casi 200 jueces y secretarios judiciales capacitados por personal de la SRE, y que, del mismo modo, el \u00f3rgano judicial capitalino imparti\u00f3 un curso sobre el sistema procesal penal acusatorio para coadyuvar con la dependencia federal y fortalecer la mejora continua de ese modelo.<\/p>\n<p>En el acto participaron, entre otros, el presidente de la Suprema Corte de Justicia de la Naci\u00f3n, Luis Mar\u00eda Aguilar Morales, y el presidente de la Comisi\u00f3n Nacional de Tribunales Superiores de Justicia de los Estados Unidos Mexicanos, magistrado Javier Medina Pe\u00f1aloza.<\/p>\n","protected":false},"excerpt":{"rendered":"<p><span style=\"color: #005497;\">Jos\u00e9 Luis Monta\u00f1ez<\/span><br \/>\n<br \/>\nEl presidente del Tribunal Superior de Justicia de la Ciudad de M\u00e9xico (TSJCDMX), magistrado \u00c1lvaro Augusto P\u00e9rez Ju\u00e1rez, subray\u00f3 la importancia de hacer de la justicia una realidad viva y tangible para todos, a trav\u00e9s del debido proceso, as\u00ed como de garantizar los derechos de los integrantes de la familia y el inter\u00e9s superior del ni\u00f1o, y puntualiz\u00f3 que la protecci\u00f3n integral de las personas no se limita a una jurisdicci\u00f3n o territorio<\/p>\n","protected":false},"author":1,"featured_media":355242,"comment_status":"open","ping_status":"open","sticky":false,"template":"","format":"standard","meta":{"_monsterinsights_skip_tracking":false,"_monsterinsights_sitenote_active":false,"_monsterinsights_sitenote_note":"","_monsterinsights_sitenote_category":0,"footnotes":""},"categories":[6],"tags":[59477,68363,7517,441,49194],"class_list":["post-355240","post","type-post","status-publish","format-standard","has-post-thumbnail","hentry","category-cd-de-mexico","tag-alvaro-augusto-perez-juarez","tag-cuarto-taller-de-cooperacion-procesal-internacional","tag-luis-videgaray-caso","tag-secretaria-de-relaciones-exteriores","tag-tribunal-superior-de-justicia-de-la-ciudad-de-mexico"],"_links":{"self":[{"href":"https:\/\/www.diarioimagen.net\/index.php?rest_route=\/wp\/v2\/posts\/355240","targetHints":{"allow":["GET"]}}],"collection":[{"href":"https:\/\/www.diarioimagen.net\/index.php?rest_route=\/wp\/v2\/posts"}],"about":[{"href":"https:\/\/www.diarioimagen.net\/index.php?rest_route=\/wp\/v2\/types\/post"}],"author":[{"embeddable":true,"href":"https:\/\/www.diarioimagen.net\/index.php?rest_route=\/wp\/v2\/users\/1"}],"replies":[{"embeddable":true,"href":"https:\/\/www.diarioimagen.net\/index.php?rest_route=%2Fwp%2Fv2%2Fcomments&post=355240"}],"version-history":[{"count":0,"href":"https:\/\/www.diarioimagen.net\/index.php?rest_route=\/wp\/v2\/posts\/355240\/revisions"}],"wp:featuredmedia":[{"embeddable":true,"href":"https:\/\/www.diarioimagen.net\/index.php?rest_route=\/wp\/v2\/media\/355242"}],"wp:attachment":[{"href":"https:\/\/www.diarioimagen.net\/index.php?rest_route=%2Fwp%2Fv2%2Fmedia&parent=355240"}],"wp:term":[{"taxonomy":"category","embeddable":true,"href":"https:\/\/www.diarioimagen.net\/index.php?rest_route=%2Fwp%2Fv2%2Fcategories&post=355240"},{"taxonomy":"post_tag","embeddable":true,"href":"https:\/\/www.diarioimagen.net\/index.php?rest_route=%2Fwp%2Fv2%2Ftags&post=355240"}],"curies":[{"name":"wp","href":"https:\/\/api.w.org\/{rel}","templated":true}]}}