{"id":355250,"date":"2017-11-29T00:09:42","date_gmt":"2017-11-29T06:09:42","guid":{"rendered":"http:\/\/www.diarioimagen.net\/?p=355250"},"modified":"2017-11-29T00:32:09","modified_gmt":"2017-11-29T06:32:09","slug":"entrega-el-dif-mi-canasta-tultitlense-a-adultos-mayores","status":"publish","type":"post","link":"https:\/\/www.diarioimagen.net\/?p=355250","title":{"rendered":"Entrega el DIF \u201cMi canasta\u00a0tultitlense\u201d a adultos mayores\u00a0\u00a0"},"content":{"rendered":"<ul>\n<li><em><b>Contribuye a la econom\u00eda familiar<\/b><\/em><\/li>\n<\/ul>\n<p>&nbsp;<\/p>\n<div id=\"attachment_355255\" style=\"width: 470px\" class=\"wp-caption aligncenter\"><a href=\"http:\/\/www.diarioimagen.net\/?attachment_id=355255\" rel=\"attachment wp-att-355255\"><img loading=\"lazy\" decoding=\"async\" aria-describedby=\"caption-attachment-355255\" class=\"size-large wp-image-355255\" src=\"http:\/\/www.diarioimagen.net\/wp-content\/uploads\/2017\/11\/TULTITLAN-3261-460x259.jpg\" alt=\"\" width=\"460\" height=\"259\" srcset=\"https:\/\/www.diarioimagen.net\/wp-content\/uploads\/2017\/11\/TULTITLAN-3261-460x259.jpg 460w, https:\/\/www.diarioimagen.net\/wp-content\/uploads\/2017\/11\/TULTITLAN-3261-240x135.jpg 240w, https:\/\/www.diarioimagen.net\/wp-content\/uploads\/2017\/11\/TULTITLAN-3261-235x132.jpg 235w, https:\/\/www.diarioimagen.net\/wp-content\/uploads\/2017\/11\/TULTITLAN-3261-202x114.jpg 202w, https:\/\/www.diarioimagen.net\/wp-content\/uploads\/2017\/11\/TULTITLAN-3261-350x196.jpg 350w, https:\/\/www.diarioimagen.net\/wp-content\/uploads\/2017\/11\/TULTITLAN-3261-220x123.jpg 220w, https:\/\/www.diarioimagen.net\/wp-content\/uploads\/2017\/11\/TULTITLAN-3261-237x132.jpg 237w, https:\/\/www.diarioimagen.net\/wp-content\/uploads\/2017\/11\/TULTITLAN-3261.jpg 480w\" sizes=\"auto, (max-width: 460px) 100vw, 460px\" \/><\/a><p id=\"caption-attachment-355255\" class=\"wp-caption-text\">El alcalde, Jorge Ad\u00e1n Barr\u00f3n Elizalde, resalt\u00f3 el trabajo para la entrega de las despensas.<\/p><\/div>\n<p>&nbsp;<\/p>\n<p><strong>Tultitl\u00e1n, Estado de M\u00e9xico.-<\/strong> Para contribuir a la econom\u00eda de las familias de Tultitl\u00e1n, el gobierno municipal, encabezado por el presidente Jorge Ad\u00e1n Barr\u00f3n Elizalde, en coordinaci\u00f3n con el Sistema Municipal para el Desarrollo Integral de la Familia (DIF) cuya presidenta honoraria es Karen S\u00e1mano, llev\u00f3 a cabo la entrega de canastas tultitlenses para beneficiar a m\u00e1s de mil 800 adultos mayores de la demarcaci\u00f3n.<\/p>\n<p>\u201cNuestros adultos mayores representan toda la experiencia en Tultitl\u00e1n, mereciendo todo nuestro respeto y cari\u00f1o, adem\u00e1s de la entrega de nuestra \u201cCanasta tultitlense\u201d con abasto sano, suficiente variedad para una buena alimentaci\u00f3n\u201d se\u00f1al\u00f3 la presidenta del DIF, Karen S\u00e1mano<\/p>\n<p>\u201cEstamos en la mejor disposici\u00f3n de atenderlos, estamos muy conscientes de que registran muchas necesidades y queremos apoyarlos en la medida de nuestras posibilidades, es un gusto estar con ustedes y convivir, buscamos el mayor bienestar para los adultos mayores y seguiremos trabajando con ustedes muy de cerca\u201d, indic\u00f3 Barr\u00f3n Elizalde.<\/p>\n<p>De igual manera, resalt\u00f3 el trabajo que ha hecho la actual administraci\u00f3n para que la entrega de las despensas sea puntual y para todos.<\/p>\n<p>Finalmente, los adultos mayores agradecieron a la Presidenta Honoraria del DIF Karen S\u00e1mano por el apoyo, por estar cercano a la gente, ya con la entrega de canastas tultitlenses servir\u00e1 para que tengan una sana alimentaci\u00f3n y sobre todo contribuir a la econom\u00eda de los mismos.<\/p>\n","protected":false},"excerpt":{"rendered":"<p>Para contribuir a la econom\u00eda de las familias de Tultitl\u00e1n, el gobierno municipal, encabezado por el presidente Jorge Ad\u00e1n Barr\u00f3n Elizalde, en coordinaci\u00f3n con el Sistema Municipal para el Desarrollo Integral de la Familia (DIF) cuya presidenta honoraria es Karen S\u00e1mano, llev\u00f3 a cabo la entrega de canastas tultitlenses para beneficiar a m\u00e1s de mil 800 adultos mayores de la demarcaci\u00f3n.<\/p>\n","protected":false},"author":1,"featured_media":355255,"comment_status":"open","ping_status":"open","sticky":false,"template":"","format":"standard","meta":{"_monsterinsights_skip_tracking":false,"_monsterinsights_sitenote_active":false,"_monsterinsights_sitenote_note":"","_monsterinsights_sitenote_category":0,"footnotes":""},"categories":[35155],"tags":[43675,48077,578],"class_list":["post-355250","post","type-post","status-publish","format-standard","has-post-thumbnail","hentry","category-estado-de-mexico-estado-de-mexico","tag-estado-de-mexico","tag-jorge-adan-barron-elizalde","tag-tultitlan"],"_links":{"self":[{"href":"https:\/\/www.diarioimagen.net\/index.php?rest_route=\/wp\/v2\/posts\/355250","targetHints":{"allow":["GET"]}}],"collection":[{"href":"https:\/\/www.diarioimagen.net\/index.php?rest_route=\/wp\/v2\/posts"}],"about":[{"href":"https:\/\/www.diarioimagen.net\/index.php?rest_route=\/wp\/v2\/types\/post"}],"author":[{"embeddable":true,"href":"https:\/\/www.diarioimagen.net\/index.php?rest_route=\/wp\/v2\/users\/1"}],"replies":[{"embeddable":true,"href":"https:\/\/www.diarioimagen.net\/index.php?rest_route=%2Fwp%2Fv2%2Fcomments&post=355250"}],"version-history":[{"count":0,"href":"https:\/\/www.diarioimagen.net\/index.php?rest_route=\/wp\/v2\/posts\/355250\/revisions"}],"wp:featuredmedia":[{"embeddable":true,"href":"https:\/\/www.diarioimagen.net\/index.php?rest_route=\/wp\/v2\/media\/355255"}],"wp:attachment":[{"href":"https:\/\/www.diarioimagen.net\/index.php?rest_route=%2Fwp%2Fv2%2Fmedia&parent=355250"}],"wp:term":[{"taxonomy":"category","embeddable":true,"href":"https:\/\/www.diarioimagen.net\/index.php?rest_route=%2Fwp%2Fv2%2Fcategories&post=355250"},{"taxonomy":"post_tag","embeddable":true,"href":"https:\/\/www.diarioimagen.net\/index.php?rest_route=%2Fwp%2Fv2%2Ftags&post=355250"}],"curies":[{"name":"wp","href":"https:\/\/api.w.org\/{rel}","templated":true}]}}