{"id":355260,"date":"2017-11-29T00:07:14","date_gmt":"2017-11-29T06:07:14","guid":{"rendered":"http:\/\/www.diarioimagen.net\/?p=355260"},"modified":"2017-11-29T00:32:39","modified_gmt":"2017-11-29T06:32:39","slug":"continua-reparto-de-apoyos-en-naucalpan","status":"publish","type":"post","link":"https:\/\/www.diarioimagen.net\/?p=355260","title":{"rendered":"Contin\u00faa reparto de apoyos en Naucalpan\u00a0"},"content":{"rendered":"<p><a href=\"http:\/\/www.diarioimagen.net\/?attachment_id=355261\" rel=\"attachment wp-att-355261\"><img loading=\"lazy\" decoding=\"async\" class=\"aligncenter size-large wp-image-355261\" src=\"http:\/\/www.diarioimagen.net\/wp-content\/uploads\/2017\/11\/NAUCALPAN-3261-460x259.jpg\" alt=\"\" width=\"460\" height=\"259\" srcset=\"https:\/\/www.diarioimagen.net\/wp-content\/uploads\/2017\/11\/NAUCALPAN-3261-460x259.jpg 460w, https:\/\/www.diarioimagen.net\/wp-content\/uploads\/2017\/11\/NAUCALPAN-3261-240x135.jpg 240w, https:\/\/www.diarioimagen.net\/wp-content\/uploads\/2017\/11\/NAUCALPAN-3261-235x132.jpg 235w, https:\/\/www.diarioimagen.net\/wp-content\/uploads\/2017\/11\/NAUCALPAN-3261-202x114.jpg 202w, https:\/\/www.diarioimagen.net\/wp-content\/uploads\/2017\/11\/NAUCALPAN-3261-350x196.jpg 350w, https:\/\/www.diarioimagen.net\/wp-content\/uploads\/2017\/11\/NAUCALPAN-3261-220x123.jpg 220w, https:\/\/www.diarioimagen.net\/wp-content\/uploads\/2017\/11\/NAUCALPAN-3261-237x132.jpg 237w, https:\/\/www.diarioimagen.net\/wp-content\/uploads\/2017\/11\/NAUCALPAN-3261.jpg 480w\" sizes=\"auto, (max-width: 460px) 100vw, 460px\" \/><\/a><\/p>\n<p>&nbsp;<\/p>\n<p><b>Naucalpan, Estado de M\u00e9xico.- <\/b>La asociaci\u00f3n civil Naucalpan es Progreso (NEPAC), contin\u00faa llevando apoyos a la gente m\u00e1s necesitada de este municipio, dijo su presidente Gustavo Parra S\u00e1nchez, quien gracias a la ayuda de las estancias federales y estatales, sigue apoyando a la poblaci\u00f3n ofreciendo pinta de banquetas, iglesias, colocaci\u00f3n de alumbrado p\u00fablico, para seguridad de transe\u00fantes, ofrece programa de verduras sin costo alguno, c\u00e1rnicos, entrega de sillas de ruedas y un programa de empleo temporal.<\/p>\n","protected":false},"excerpt":{"rendered":"<p>La asociaci\u00f3n civil Naucalpan es Progreso (NEPAC), contin\u00faa llevando apoyos a la gente m\u00e1s necesitada de este municipio, dijo su presidente Gustavo Parra S\u00e1nchez, quien gracias a la ayuda de las estancias federales y estatales, sigue apoyando a la poblaci\u00f3n ofreciendo pinta de banquetas, iglesias, colocaci\u00f3n de alumbrado p\u00fablico, para seguridad de transe\u00fantes, ofrece programa de verduras sin costo alguno, c\u00e1rnicos, entrega de sillas de ruedas y un programa de empleo temporal.<\/p>\n","protected":false},"author":1,"featured_media":355261,"comment_status":"open","ping_status":"open","sticky":false,"template":"","format":"standard","meta":{"_monsterinsights_skip_tracking":false,"_monsterinsights_sitenote_active":false,"_monsterinsights_sitenote_note":"","_monsterinsights_sitenote_category":0,"footnotes":""},"categories":[35155],"tags":[43675,53028,970,49363],"class_list":["post-355260","post","type-post","status-publish","format-standard","has-post-thumbnail","hentry","category-estado-de-mexico-estado-de-mexico","tag-estado-de-mexico","tag-gustavo-parra-sanchez","tag-naucalpan","tag-nepac"],"_links":{"self":[{"href":"https:\/\/www.diarioimagen.net\/index.php?rest_route=\/wp\/v2\/posts\/355260","targetHints":{"allow":["GET"]}}],"collection":[{"href":"https:\/\/www.diarioimagen.net\/index.php?rest_route=\/wp\/v2\/posts"}],"about":[{"href":"https:\/\/www.diarioimagen.net\/index.php?rest_route=\/wp\/v2\/types\/post"}],"author":[{"embeddable":true,"href":"https:\/\/www.diarioimagen.net\/index.php?rest_route=\/wp\/v2\/users\/1"}],"replies":[{"embeddable":true,"href":"https:\/\/www.diarioimagen.net\/index.php?rest_route=%2Fwp%2Fv2%2Fcomments&post=355260"}],"version-history":[{"count":0,"href":"https:\/\/www.diarioimagen.net\/index.php?rest_route=\/wp\/v2\/posts\/355260\/revisions"}],"wp:featuredmedia":[{"embeddable":true,"href":"https:\/\/www.diarioimagen.net\/index.php?rest_route=\/wp\/v2\/media\/355261"}],"wp:attachment":[{"href":"https:\/\/www.diarioimagen.net\/index.php?rest_route=%2Fwp%2Fv2%2Fmedia&parent=355260"}],"wp:term":[{"taxonomy":"category","embeddable":true,"href":"https:\/\/www.diarioimagen.net\/index.php?rest_route=%2Fwp%2Fv2%2Fcategories&post=355260"},{"taxonomy":"post_tag","embeddable":true,"href":"https:\/\/www.diarioimagen.net\/index.php?rest_route=%2Fwp%2Fv2%2Ftags&post=355260"}],"curies":[{"name":"wp","href":"https:\/\/api.w.org\/{rel}","templated":true}]}}