{"id":355263,"date":"2017-11-29T00:06:44","date_gmt":"2017-11-29T06:06:44","guid":{"rendered":"http:\/\/www.diarioimagen.net\/?p=355263"},"modified":"2017-11-29T00:32:48","modified_gmt":"2017-11-29T06:32:48","slug":"realizan-el-primer-foro-de-derechos-humanos-en-metepec","status":"publish","type":"post","link":"https:\/\/www.diarioimagen.net\/?p=355263","title":{"rendered":"Realizan el primer foro de\u00a0derechos humanos en Metepec"},"content":{"rendered":"<ul>\n<li><em><b>Fundamental para la convivencia arm\u00f3nica<\/b><\/em><\/li>\n<\/ul>\n<p>&nbsp;<\/p>\n<div id=\"attachment_355264\" style=\"width: 470px\" class=\"wp-caption aligncenter\"><a href=\"http:\/\/www.diarioimagen.net\/?attachment_id=355264\" rel=\"attachment wp-att-355264\"><img loading=\"lazy\" decoding=\"async\" aria-describedby=\"caption-attachment-355264\" class=\"size-large wp-image-355264\" src=\"http:\/\/www.diarioimagen.net\/wp-content\/uploads\/2017\/11\/METEPEC-3261-460x259.jpg\" alt=\"\" width=\"460\" height=\"259\" srcset=\"https:\/\/www.diarioimagen.net\/wp-content\/uploads\/2017\/11\/METEPEC-3261-460x259.jpg 460w, https:\/\/www.diarioimagen.net\/wp-content\/uploads\/2017\/11\/METEPEC-3261-240x135.jpg 240w, https:\/\/www.diarioimagen.net\/wp-content\/uploads\/2017\/11\/METEPEC-3261-235x132.jpg 235w, https:\/\/www.diarioimagen.net\/wp-content\/uploads\/2017\/11\/METEPEC-3261-202x114.jpg 202w, https:\/\/www.diarioimagen.net\/wp-content\/uploads\/2017\/11\/METEPEC-3261-350x196.jpg 350w, https:\/\/www.diarioimagen.net\/wp-content\/uploads\/2017\/11\/METEPEC-3261-220x123.jpg 220w, https:\/\/www.diarioimagen.net\/wp-content\/uploads\/2017\/11\/METEPEC-3261-237x132.jpg 237w, https:\/\/www.diarioimagen.net\/wp-content\/uploads\/2017\/11\/METEPEC-3261.jpg 480w\" sizes=\"auto, (max-width: 460px) 100vw, 460px\" \/><\/a><p id=\"caption-attachment-355264\" class=\"wp-caption-text\">El foro inici\u00f3 con la ponencia del contralor del Poder Legislativo del Estado de M\u00e9xico, Victorino Barrios D\u00e1valos.<\/p><\/div>\n<p>&nbsp;<\/p>\n<p><strong>Pueblo M\u00e1gico de Metepec, Estado de M\u00e9xico.-<\/strong>\u00a0Para el gobierno de Metepec, una cultura de paz y respeto a los derechos humanos es fundamental para la convivencia arm\u00f3nica, ante ello, se realiz\u00f3 el\u00a0Primer Foro Municipal: \u201cNuevos retos, nuevos horizontes\u201d.<\/p>\n<p>El foro inici\u00f3 con la ponencia \u201cResponsabilidad y \u00c9tica Profesional\u201d, impartida por el contralor del Poder Legislativo del Estado de M\u00e9xico, Victorino Barrios D\u00e1valos, a lo que continu\u00f3 la de \u201cDerechos Humanos y la Procuraci\u00f3n de Justicia\u201d, por el director de promoci\u00f3n de Cultura en Derechos Humanos, Prevenci\u00f3n del Delito y Servicios a la comunidad de la Procuradur\u00eda General de la Rep\u00fablica, Rodolfo Alejandro Rodr\u00edguez \u00c1lvarez.<\/p>\n<p>Durante la inauguraci\u00f3n, el secretario del Ayuntamiento, Alejandro Abad Lara Terr\u00f3n, agradeci\u00f3 a las instituciones por sumarse al importante ejercicio, donde participaron defensores municipales del Estado de M\u00e9xico, difusores voluntarios y estudiantes, en diversas conferencias magistrales.<\/p>\n<p>\u201cHace unos meses el alcalde David L\u00f3pez C\u00e1rdenas, impuls\u00f3 el primer grupo de promotores ciudadanos de los derechos con la defensa de los derechos humanos, por ello, consolidar esta actividad es un acto noble donde se fomenta la cultura del respeto in distinci\u00f3n de ning\u00fan tipo\u201d.<\/p>\n<p>El defensor municipal de los Derechos Humanos en Metepec, Jes\u00fas Dami\u00e1n Garc\u00eda, resalt\u00f3 que a lo largo del a\u00f1o se realizan actividades de promoci\u00f3n y difusi\u00f3n de los derechos humanos, logrando un ambiente sano y de respeto con toda la sociedad y grupos minoritarios.<\/p>\n<p>Tambi\u00e9n impartieron conferencias la Sexta Visitadur\u00eda General de la Comisi\u00f3n Nacional de Derechos Humanos, la Comisi\u00f3n de Derechos Humanos del Estado de M\u00e9xico, la Consejer\u00eda Jur\u00eddica de Metepec, as\u00ed como la UAEM\u00e9x y docentes.<\/p>\n","protected":false},"excerpt":{"rendered":"<p>Para el gobierno de Metepec, una cultura de paz y respeto a los derechos humanos es fundamental para la convivencia arm\u00f3nica, ante ello, se realiz\u00f3 el\u00a0Primer Foro Municipal: \u201cNuevos retos, nuevos horizontes\u201d.<\/p>\n","protected":false},"author":1,"featured_media":355264,"comment_status":"open","ping_status":"open","sticky":false,"template":"","format":"standard","meta":{"_monsterinsights_skip_tracking":false,"_monsterinsights_sitenote_active":false,"_monsterinsights_sitenote_note":"","_monsterinsights_sitenote_category":0,"footnotes":""},"categories":[35155],"tags":[68368,43675,876,68367],"class_list":["post-355263","post","type-post","status-publish","format-standard","has-post-thumbnail","hentry","category-estado-de-mexico-estado-de-mexico","tag-alejandro-abad-lara-terron","tag-estado-de-mexico","tag-metepec","tag-victorino-barrios-davalo"],"_links":{"self":[{"href":"https:\/\/www.diarioimagen.net\/index.php?rest_route=\/wp\/v2\/posts\/355263","targetHints":{"allow":["GET"]}}],"collection":[{"href":"https:\/\/www.diarioimagen.net\/index.php?rest_route=\/wp\/v2\/posts"}],"about":[{"href":"https:\/\/www.diarioimagen.net\/index.php?rest_route=\/wp\/v2\/types\/post"}],"author":[{"embeddable":true,"href":"https:\/\/www.diarioimagen.net\/index.php?rest_route=\/wp\/v2\/users\/1"}],"replies":[{"embeddable":true,"href":"https:\/\/www.diarioimagen.net\/index.php?rest_route=%2Fwp%2Fv2%2Fcomments&post=355263"}],"version-history":[{"count":0,"href":"https:\/\/www.diarioimagen.net\/index.php?rest_route=\/wp\/v2\/posts\/355263\/revisions"}],"wp:featuredmedia":[{"embeddable":true,"href":"https:\/\/www.diarioimagen.net\/index.php?rest_route=\/wp\/v2\/media\/355264"}],"wp:attachment":[{"href":"https:\/\/www.diarioimagen.net\/index.php?rest_route=%2Fwp%2Fv2%2Fmedia&parent=355263"}],"wp:term":[{"taxonomy":"category","embeddable":true,"href":"https:\/\/www.diarioimagen.net\/index.php?rest_route=%2Fwp%2Fv2%2Fcategories&post=355263"},{"taxonomy":"post_tag","embeddable":true,"href":"https:\/\/www.diarioimagen.net\/index.php?rest_route=%2Fwp%2Fv2%2Ftags&post=355263"}],"curies":[{"name":"wp","href":"https:\/\/api.w.org\/{rel}","templated":true}]}}