{"id":355380,"date":"2017-11-30T00:03:04","date_gmt":"2017-11-30T06:03:04","guid":{"rendered":"http:\/\/www.diarioimagen.net\/?p=355380"},"modified":"2017-11-29T23:02:02","modified_gmt":"2017-11-30T05:02:02","slug":"empresarios-politicos","status":"publish","type":"post","link":"https:\/\/www.diarioimagen.net\/?p=355380","title":{"rendered":"Empresarios pol\u00edticos"},"content":{"rendered":"<h2>Folclor urbano<\/h2>\n<h5>Salvador Estrada<\/h5>\n<p>&nbsp;<\/p>\n<p>Aqu\u00ed, en la Ciudad de M\u00e9xico, la Confederaci\u00f3n Patronal de la Rep\u00fablica Mexicana (Coparmex), demand\u00f3 que el salario m\u00ednimo para este a\u00f1o llegara a los 90 pesos y \u00a1nones! el m\u00ednimo subi\u00f3 8 pesos con 32 centavos, para quedar de 80 pesos con 34 centavos, en\u00a088 pesos con 36 centavos.<\/p>\n<p>Su propuesta no fue escuchada, pero al menos la Comisi\u00f3n de los Salarios M\u00ednimos lo increment\u00f3 en m\u00e1s de ocho pesos, algo nunca visto, porque el aumento que daba a\u00f1o con a\u00f1o s\u00f3lo sub\u00eda dos pesos con algunos centavitos.<\/p>\n<p>Sin embargo, ni los 90 pesos ni los 88 van a permitir hacer frente a las necesidades de los padres de familia, que para\u00a0ellos lo ideal ser\u00eda el salario diario de 200 pesos, a los que se llegar\u00eda paulatinamente, seg\u00fan los empresarios.<\/p>\n<p>Pero como aqu\u00ed no \u201cpelaron\u201d \u00a0a la Coparmex, en su demanda de aumento salarial, los empresarios de Tabasco decidieron entrarle al juego pol\u00edtico, por la v\u00eda de candidatos independientes, para ganar el poder ante \u201cel hartazgo de pol\u00edticos y funcionarios\u00a0corruptos\u201d.<\/p>\n<p>Los empresarios, ya como candidatos independientes,presentar\u00edan un proyecto que verdaderamente represente las preocupaciones de los ciudadanos, seg\u00fan dijo el presidente de la Coparmex de Tabasco, Ricardo Castellanos.<\/p>\n<p>Esta acci\u00f3n de los patrones tabasque\u00f1os la tomaron \u201cporque no estamos dispuestos a recibir pol\u00edticos que vengan a contar historias, sue\u00f1os e ideales, que posteriormente en la pr\u00e1ctica argumentan falta de presupuesto, problemas naturales o situaciones at\u00edpicas\u201d.<\/p>\n<p>Y como los pol\u00edticos \u201cson corruptos e incapaces e ineficientes, que solamente miran por sus intereses particulares y no trabajan por el bien de la entidad\u201d, los empresarios queremos dejar precedente de que en Tabasco los \u201cbuenos somos m\u00e1s\u201d.<\/p>\n<p>El l\u00edder empresarial declar\u00f3 a la prensa local que \u201cvamos a buscar y elegir, dentro de nuestras filas, a empresarios y ciudadanos, que est\u00e9n dispuestos \u00a0a gobernar por un estado que pugne y apruebe leyes que promuevan el desarrollo de la entidad y que acaben con la corrupci\u00f3n\u201d.<\/p>\n<p>Los empresarios que quieran sacar la casta, tendr\u00e1n que registrarse del 2 al 16 de diciembre pr\u00f3ximo y tendr\u00e1n que recabar 33 mil firmas, desde el uno de diciembre hasta el 6 de febrero del 2018, seg\u00fan el reglamento del Instituto Electoral y de Participaci\u00f3n Ciudadana de Tabasco.<\/p>\n<p>Integrantes de la Coparmex en esta capital tienen en sus colegas de Tabasco un ejemplo a seguir y si quieren \u00a0acabar con la corrupci\u00f3n, tendr\u00edan que entrar a la luchar pol\u00edtica. Desgraciadamente, ya no \u00a0como candidatos independientes, porque ya se acab\u00f3 el tiempo de registros.<\/p>\n<p>No \u00a0obstante, pueden sugerir iniciativas y hacerse escuchar y seguro \u00a0que se les tomar\u00e1 en cuenta, si saben presionar, y no desmayar ante sus demandas que por justas deben ser buenas \u00bfo no?<\/p>\n<p><em><a href=\"mailto:chavasec@yahoo.com.mx\" target=\"_blank\" rel=\"noopener noreferrer\">chavasec@yahoo.com.mx<\/a><\/em><\/p>\n","protected":false},"excerpt":{"rendered":"<p><span style=\"color: #005497;\"><strong>Salvador Estrada<\/strong><\/span><\/p>\n","protected":false},"author":1,"featured_media":0,"comment_status":"open","ping_status":"open","sticky":false,"template":"","format":"standard","meta":{"_monsterinsights_skip_tracking":false,"_monsterinsights_sitenote_active":false,"_monsterinsights_sitenote_note":"","_monsterinsights_sitenote_category":0,"footnotes":""},"categories":[41601],"tags":[41599,43674,41600],"class_list":["post-355380","post","type-post","status-publish","format-standard","hentry","category-salvador-estrada-opinion","tag-folclor-urbano","tag-opinion","tag-salvador-estrada"],"_links":{"self":[{"href":"https:\/\/www.diarioimagen.net\/index.php?rest_route=\/wp\/v2\/posts\/355380","targetHints":{"allow":["GET"]}}],"collection":[{"href":"https:\/\/www.diarioimagen.net\/index.php?rest_route=\/wp\/v2\/posts"}],"about":[{"href":"https:\/\/www.diarioimagen.net\/index.php?rest_route=\/wp\/v2\/types\/post"}],"author":[{"embeddable":true,"href":"https:\/\/www.diarioimagen.net\/index.php?rest_route=\/wp\/v2\/users\/1"}],"replies":[{"embeddable":true,"href":"https:\/\/www.diarioimagen.net\/index.php?rest_route=%2Fwp%2Fv2%2Fcomments&post=355380"}],"version-history":[{"count":0,"href":"https:\/\/www.diarioimagen.net\/index.php?rest_route=\/wp\/v2\/posts\/355380\/revisions"}],"wp:attachment":[{"href":"https:\/\/www.diarioimagen.net\/index.php?rest_route=%2Fwp%2Fv2%2Fmedia&parent=355380"}],"wp:term":[{"taxonomy":"category","embeddable":true,"href":"https:\/\/www.diarioimagen.net\/index.php?rest_route=%2Fwp%2Fv2%2Fcategories&post=355380"},{"taxonomy":"post_tag","embeddable":true,"href":"https:\/\/www.diarioimagen.net\/index.php?rest_route=%2Fwp%2Fv2%2Ftags&post=355380"}],"curies":[{"name":"wp","href":"https:\/\/api.w.org\/{rel}","templated":true}]}}