{"id":355396,"date":"2017-11-30T00:05:24","date_gmt":"2017-11-30T06:05:24","guid":{"rendered":"http:\/\/www.diarioimagen.net\/?p=355396"},"modified":"2017-11-29T23:37:06","modified_gmt":"2017-11-30T05:37:06","slug":"aprueban-en-tlalnepantla-programa-para-prevenir-embarazo-en-adolescentes","status":"publish","type":"post","link":"https:\/\/www.diarioimagen.net\/?p=355396","title":{"rendered":"Aprueban en Tlalnepantla programa\u00a0para prevenir embarazo en adolescentes"},"content":{"rendered":"<ul>\n<li><em><b>Campa\u00f1a de concientizaci\u00f3n<\/b><\/em><\/li>\n<\/ul>\n<p>&nbsp;<\/p>\n<div id=\"attachment_355397\" style=\"width: 470px\" class=\"wp-caption aligncenter\"><a href=\"http:\/\/www.diarioimagen.net\/?attachment_id=355397\" rel=\"attachment wp-att-355397\"><img loading=\"lazy\" decoding=\"async\" aria-describedby=\"caption-attachment-355397\" class=\"size-large wp-image-355397\" src=\"http:\/\/www.diarioimagen.net\/wp-content\/uploads\/2017\/11\/TLALNEPANTLA-3262-460x259.jpg\" alt=\"\" width=\"460\" height=\"259\" srcset=\"https:\/\/www.diarioimagen.net\/wp-content\/uploads\/2017\/11\/TLALNEPANTLA-3262-460x259.jpg 460w, https:\/\/www.diarioimagen.net\/wp-content\/uploads\/2017\/11\/TLALNEPANTLA-3262-240x135.jpg 240w, https:\/\/www.diarioimagen.net\/wp-content\/uploads\/2017\/11\/TLALNEPANTLA-3262-235x132.jpg 235w, https:\/\/www.diarioimagen.net\/wp-content\/uploads\/2017\/11\/TLALNEPANTLA-3262-202x114.jpg 202w, https:\/\/www.diarioimagen.net\/wp-content\/uploads\/2017\/11\/TLALNEPANTLA-3262-350x196.jpg 350w, https:\/\/www.diarioimagen.net\/wp-content\/uploads\/2017\/11\/TLALNEPANTLA-3262-220x123.jpg 220w, https:\/\/www.diarioimagen.net\/wp-content\/uploads\/2017\/11\/TLALNEPANTLA-3262-237x132.jpg 237w, https:\/\/www.diarioimagen.net\/wp-content\/uploads\/2017\/11\/TLALNEPANTLA-3262.jpg 480w\" sizes=\"auto, (max-width: 460px) 100vw, 460px\" \/><\/a><p id=\"caption-attachment-355397\" class=\"wp-caption-text\">La alcaldesa, Denisse Ugalde Alegr\u00eda, instruy\u00f3 generar programas transversales que sensibilicen a los adolescentes sobre la responsabilidad que implica ser padres a temprana edad.<\/p><\/div>\n<p>&nbsp;<\/p>\n<p><strong>Tlalnepantla, Estado de M\u00e9xico.-<\/strong> Para prevenir el embarazo en adolescentes, el gobierno local iniciar\u00e1 una campa\u00f1a de concientizaci\u00f3n para evitar que esta problem\u00e1tica contin\u00fae creciendo, procurando siempre el pleno respeto a los derechos humanos, sexuales y reproductivos de las j\u00f3venes.<\/p>\n<p>Durante la segunda sesi\u00f3n ordinaria del Grupo Municipal para la Prevenci\u00f3n del Embarazo en los Adolescentes, la titular del Instituto Municipal para la Igualdad y el Desarrollo de las Mujeres, IMIDM, Mar\u00eda del Carmen Ugalde Garc\u00eda, destac\u00f3 que para el gobierno municipal es una prioridad la atenci\u00f3n a este tema.<\/p>\n<p>Puntualiz\u00f3 que la alcaldesa Denisse Ugalde Alegr\u00eda ha instruido generar programas transversales que sensibilicen a los adolescentes sobre la responsabilidad que implica ser padres a temprana edad, de ah\u00ed que en esta sesi\u00f3n se haya aprobado el programa que deber\u00e1 seguirse para tal fin.<\/p>\n","protected":false},"excerpt":{"rendered":"<p>Para prevenir el embarazo en adolescentes, el gobierno local iniciar\u00e1 una campa\u00f1a de concientizaci\u00f3n para evitar que esta problem\u00e1tica contin\u00fae creciendo, procurando siempre el pleno respeto a los derechos humanos, sexuales y reproductivos de las j\u00f3venes.<\/p>\n","protected":false},"author":1,"featured_media":355397,"comment_status":"open","ping_status":"open","sticky":false,"template":"","format":"standard","meta":{"_monsterinsights_skip_tracking":false,"_monsterinsights_sitenote_active":false,"_monsterinsights_sitenote_note":"","_monsterinsights_sitenote_category":0,"footnotes":""},"categories":[35155],"tags":[45490,43675,169],"class_list":["post-355396","post","type-post","status-publish","format-standard","has-post-thumbnail","hentry","category-estado-de-mexico-estado-de-mexico","tag-denisse-ugalde-alegria","tag-estado-de-mexico","tag-tlalnepantla"],"_links":{"self":[{"href":"https:\/\/www.diarioimagen.net\/index.php?rest_route=\/wp\/v2\/posts\/355396","targetHints":{"allow":["GET"]}}],"collection":[{"href":"https:\/\/www.diarioimagen.net\/index.php?rest_route=\/wp\/v2\/posts"}],"about":[{"href":"https:\/\/www.diarioimagen.net\/index.php?rest_route=\/wp\/v2\/types\/post"}],"author":[{"embeddable":true,"href":"https:\/\/www.diarioimagen.net\/index.php?rest_route=\/wp\/v2\/users\/1"}],"replies":[{"embeddable":true,"href":"https:\/\/www.diarioimagen.net\/index.php?rest_route=%2Fwp%2Fv2%2Fcomments&post=355396"}],"version-history":[{"count":0,"href":"https:\/\/www.diarioimagen.net\/index.php?rest_route=\/wp\/v2\/posts\/355396\/revisions"}],"wp:featuredmedia":[{"embeddable":true,"href":"https:\/\/www.diarioimagen.net\/index.php?rest_route=\/wp\/v2\/media\/355397"}],"wp:attachment":[{"href":"https:\/\/www.diarioimagen.net\/index.php?rest_route=%2Fwp%2Fv2%2Fmedia&parent=355396"}],"wp:term":[{"taxonomy":"category","embeddable":true,"href":"https:\/\/www.diarioimagen.net\/index.php?rest_route=%2Fwp%2Fv2%2Fcategories&post=355396"},{"taxonomy":"post_tag","embeddable":true,"href":"https:\/\/www.diarioimagen.net\/index.php?rest_route=%2Fwp%2Fv2%2Ftags&post=355396"}],"curies":[{"name":"wp","href":"https:\/\/api.w.org\/{rel}","templated":true}]}}