{"id":355741,"date":"2017-12-05T00:09:24","date_gmt":"2017-12-05T06:09:24","guid":{"rendered":"http:\/\/www.diarioimagen.net\/?p=355741"},"modified":"2017-12-05T23:21:29","modified_gmt":"2017-12-06T05:21:29","slug":"declina-aureoles-por-mancera-para-que-encabece-el-frente","status":"publish","type":"post","link":"https:\/\/www.diarioimagen.net\/?p=355741","title":{"rendered":"El Frente, m\u00e1s vivo\u00a0que nunca: Mancera"},"content":{"rendered":"<ul>\n<li><em><strong>Urge el jefe de Gobierno a definir proceso<\/strong><\/em><\/li>\n<li><em><strong>Declina Aureoles a su favor para que encabece el FCM<\/strong><\/em><\/li>\n<\/ul>\n<h6>Jos\u00e9 Luis Monta\u00f1ez<\/h6>\n<p>&nbsp;<\/p>\n<div id=\"attachment_355844\" style=\"width: 470px\" class=\"wp-caption aligncenter\"><a href=\"http:\/\/www.diarioimagen.net\/?attachment_id=355844\" rel=\"attachment wp-att-355844\"><img loading=\"lazy\" decoding=\"async\" aria-describedby=\"caption-attachment-355844\" class=\"size-large wp-image-355844\" src=\"http:\/\/www.diarioimagen.net\/wp-content\/uploads\/2017\/12\/mancera-3265-1-460x259.jpg\" alt=\"\" width=\"460\" height=\"259\" srcset=\"https:\/\/www.diarioimagen.net\/wp-content\/uploads\/2017\/12\/mancera-3265-1-460x259.jpg 460w, https:\/\/www.diarioimagen.net\/wp-content\/uploads\/2017\/12\/mancera-3265-1-240x135.jpg 240w, https:\/\/www.diarioimagen.net\/wp-content\/uploads\/2017\/12\/mancera-3265-1-235x132.jpg 235w, https:\/\/www.diarioimagen.net\/wp-content\/uploads\/2017\/12\/mancera-3265-1-202x114.jpg 202w, https:\/\/www.diarioimagen.net\/wp-content\/uploads\/2017\/12\/mancera-3265-1-350x196.jpg 350w, https:\/\/www.diarioimagen.net\/wp-content\/uploads\/2017\/12\/mancera-3265-1-220x123.jpg 220w, https:\/\/www.diarioimagen.net\/wp-content\/uploads\/2017\/12\/mancera-3265-1-237x132.jpg 237w, https:\/\/www.diarioimagen.net\/wp-content\/uploads\/2017\/12\/mancera-3265-1.jpg 480w\" sizes=\"auto, (max-width: 460px) 100vw, 460px\" \/><\/a><p id=\"caption-attachment-355844\" class=\"wp-caption-text\">Silvano Aureoles anunci\u00f3 su declinaci\u00f3n a favor del jefe de gobierno capitalino, Miguel \u00c1ngel Mancera Espinosa.<\/p><\/div>\n<p>&nbsp;<\/p>\n<p>Luego que el Partido de la Revoluci\u00f3n Democr\u00e1tica (PRD) lo respaldara para abanderar el Frente Ciudadano por M\u00e9xico, el jefe de Gobierno capitalino, Miguel \u00c1ngel Mancera Espinosa, urgi\u00f3 al PAN definir los procedimientos para elegir al candidato de la coalici\u00f3n.<\/p>\n<p>En un pronunciamiento tras reunirse con liderazgos del sol azteca, Mancera Espinosa resalt\u00f3 que a pesar de lo que se dec\u00eda, los integrantes del PRD dieron muestra de que se pueden poner de acuerdo.<\/p>\n<p>\u00abEsa obligaci\u00f3n es la de acompa\u00f1ar al PRD en toda su toma de decisi\u00f3n y estoy seguro que eso fortalece al Frente, porque para quienes apostaban que no se iba a poner de acuerdo el PRD y que no decid\u00eda porque hab\u00eda rupturas y fracturas hoy pueden ver que hay cohesi\u00f3n y hoy pueden ver que hay un planteamiento de unidad y este planteamiento de unidad viene a fortalecer el Frente\u00bb.<\/p>\n<p>\u00abEl Frente est\u00e1 m\u00e1s vivo, ahora est\u00e1 muy claro ya aqu\u00ed el planteamiento del PRD, de que quiere construir, tan es as\u00ed que se ha podido a trav\u00e9s del di\u00e1logo, a trav\u00e9s del razonamiento y de escuchar a todas las fuerzas se ha podido construir el planteamiento que hoy se\u00a0 anunci\u00f3\u00bb.<\/p>\n<p>Despu\u00e9s de este cierre de filas en su favor, a\u00f1adi\u00f3 que sigue acompa\u00f1ar al Frente porque eso no s\u00f3lo es un privilegio sino tambi\u00e9n una obligaci\u00f3n de escuchar los planteamientos del PRD.<\/p>\n<p>Asegur\u00f3 que ese partido puede estar seguro que no va a tener ninguna digresi\u00f3n, \u00a0 y reconoci\u00f3 lo realizado por los gobernadores Graco Ram\u00edrez y Silvano Aureoles de sumar a la unidad que fortalece al PRD.<\/p>\n<p style=\"text-align: center;\"><b>Declina Aureoles por Mancera\u00a0<\/b><b>para que encabece el Frente<\/b><\/p>\n<p>El gobernador de Michoac\u00e1n, Silvano Aureoles, anunci\u00f3 ayer lunes su declinaci\u00f3n a favor del jefe de gobierno capitalino para que \u00e9ste sea el candidato presidencial del Frente Ciudadano por M\u00e9xico.<\/p>\n<p>En una reuni\u00f3n con el gobernador de Morelos, Graco Ram\u00edrez; H\u00e9ctor Serrano, operador pol\u00edtico de Mancera, y l\u00edderes de corrientes del PRD, Aureoles afirm\u00f3 que est\u00e1n cerrando filas con el Frente y que acordaron \u201cel respaldo total a Miguel \u00c1ngel Mancera\u201d.<\/p>\n<p>Afirm\u00f3 que el PRD \u00absiempre debe formar parte de las decisiones fundamentales de nuestro pa\u00eds\u00bb y que \u00abes necesario un cambio de r\u00e9gimen y que impulsemos las transformaciones profundas que todos anhelamos\u00bb.<\/p>\n<p>A su salida, la dirigente nacional del PRD, Alejandra Barrales, confirm\u00f3 que cerrar\u00edan filas en torno al jefe de gobierno, pues ven en \u00e9l \u00abun presencia que puede fortalecer al FCM\u00bb.<\/p>\n<p>\u00abVemos en \u00e9l a quien debiera de seguir encabezando como se ha manifestado hasta el momento, las preferencias ante la ciudadan\u00eda. Nosotros hicimos este cierre de filas para fortalecer al propio Frente\u00bb.<\/p>\n<p>El l\u00edder de Vanguardia Progresista, H\u00e9ctor Serrano, dijo que se trat\u00f3 de una reuni\u00f3n de unidad en donde estuvieron las principales dirigencias del partido.<\/p>\n<p>\u00abNosotros como PRD hoy tenemos una propuesta a efecto de fortalecer al Frente. Para el Frente la propuesta queja quedado clara es por parte del jefe de gobierno y muy reconocidos con Silvano\u00bb.<\/p>\n<p>A su salida del Antiguo Palacio del Ayuntamiento, el gobernador Michoac\u00e1n, Silvano Aureoles, confirm\u00f3 su declinaci\u00f3n a la candidatura presidencial para respaldar a Miguel \u00c1ngel Mancera.<\/p>\n<p>El plazo para que el Frente defina el m\u00e9todo de selecci\u00f3n de su candidato y pueda registrarse como coalici\u00f3n para los comicios de 2018, es el 14 de diciembre.<\/p>\n","protected":false},"excerpt":{"rendered":"<p><span style=\"color: #005497;\">Jos\u00e9 Luis Monta\u00f1ez<\/span><br \/>\n<br \/>\nLuego que el Partido de la Revoluci\u00f3n Democr\u00e1tica (PRD) lo respaldara para abanderar el Frente Ciudadano por M\u00e9xico, el jefe de Gobierno capitalino, Miguel \u00c1ngel Mancera Espinosa, urgi\u00f3 al PAN definir los procedimientos para elegir al candidato de la coalici\u00f3n.<\/p>\n","protected":false},"author":5,"featured_media":355844,"comment_status":"open","ping_status":"open","sticky":false,"template":"","format":"standard","meta":{"_monsterinsights_skip_tracking":false,"_monsterinsights_sitenote_active":false,"_monsterinsights_sitenote_note":"","_monsterinsights_sitenote_category":0,"footnotes":""},"categories":[6],"tags":[68520,68357,7195],"class_list":["post-355741","post","type-post","status-publish","format-standard","has-post-thumbnail","hentry","category-cd-de-mexico","tag-conclave-perredista","tag-elecciones-2018","tag-silvano-aureoles"],"_links":{"self":[{"href":"https:\/\/www.diarioimagen.net\/index.php?rest_route=\/wp\/v2\/posts\/355741","targetHints":{"allow":["GET"]}}],"collection":[{"href":"https:\/\/www.diarioimagen.net\/index.php?rest_route=\/wp\/v2\/posts"}],"about":[{"href":"https:\/\/www.diarioimagen.net\/index.php?rest_route=\/wp\/v2\/types\/post"}],"author":[{"embeddable":true,"href":"https:\/\/www.diarioimagen.net\/index.php?rest_route=\/wp\/v2\/users\/5"}],"replies":[{"embeddable":true,"href":"https:\/\/www.diarioimagen.net\/index.php?rest_route=%2Fwp%2Fv2%2Fcomments&post=355741"}],"version-history":[{"count":0,"href":"https:\/\/www.diarioimagen.net\/index.php?rest_route=\/wp\/v2\/posts\/355741\/revisions"}],"wp:featuredmedia":[{"embeddable":true,"href":"https:\/\/www.diarioimagen.net\/index.php?rest_route=\/wp\/v2\/media\/355844"}],"wp:attachment":[{"href":"https:\/\/www.diarioimagen.net\/index.php?rest_route=%2Fwp%2Fv2%2Fmedia&parent=355741"}],"wp:term":[{"taxonomy":"category","embeddable":true,"href":"https:\/\/www.diarioimagen.net\/index.php?rest_route=%2Fwp%2Fv2%2Fcategories&post=355741"},{"taxonomy":"post_tag","embeddable":true,"href":"https:\/\/www.diarioimagen.net\/index.php?rest_route=%2Fwp%2Fv2%2Ftags&post=355741"}],"curies":[{"name":"wp","href":"https:\/\/api.w.org\/{rel}","templated":true}]}}