{"id":356029,"date":"2017-12-06T00:06:33","date_gmt":"2017-12-06T06:06:33","guid":{"rendered":"http:\/\/www.diarioimagen.net\/?p=356029"},"modified":"2017-12-05T22:52:28","modified_gmt":"2017-12-06T04:52:28","slug":"el-imperio-desafia","status":"publish","type":"post","link":"https:\/\/www.diarioimagen.net\/?p=356029","title":{"rendered":"El imperio desaf\u00eda"},"content":{"rendered":"<h2>Detr\u00e1s del Poder<\/h2>\n<h5>Jos\u00e9 Antonio L\u00f3pez Sosa<\/h5>\n<p>&nbsp;<\/p>\n<p>Una vez m\u00e1s, el gobierno del presidente Donald Trump desaf\u00eda las resoluciones internacionales dictadas por la Organizaci\u00f3n de las Naciones Unidas (ONU).<\/p>\n<p>Es costumbre que aquel pa\u00eds decida de forma unilateral, no es nada nuevo y ahora bajo el mando del magnate, se toma una desici\u00f3n por encima del derecho internacional.<\/p>\n<p>La ONU en el marco del conflicto israel\u00ed, que se niega a dar lugar a un estado palestino, emiti\u00f3 en su resoluci\u00f3n 478 del Consejo de Seguridad en 1980, la instrucci\u00f3n a los pa\u00edses miembros de retirar sus embajadas de Jerusalem, por considerare un territorio palestino ocupado y, situarlas en Tel Aviv.<\/p>\n<p>El presidente Trump se pronunciar\u00e1 hoy con relaci\u00f3n al estatuto de Jerusalem y seguramente instruir\u00e1 que la embajada de los Estados Unidos de Am\u00e9rica se traslade a esta ciudad.<\/p>\n<p>El gobierno de Israel ha nombrado a Jerusalem capital eterna e indivisible, arrebat\u00e1ndola a los territorios palestinos por una mera raz\u00f3n teol\u00f3gica.<\/p>\n<p>Lejos de abonar a la soluci\u00f3n del conflicto, el presidente Trump coadyuva a empeorar las cosas en Medio Oriente, ante la sordera persistente del estado de Israel.<\/p>\n<p>Una vez m\u00e1s, el imperio desaf\u00eda a la ONU, es decir, al resto del mundo.<\/p>\n<p>M\u00e9xico tiene y mantiene su embajada en Tel-Aviv, acatando la resoluciu\u00f3n de la ONU y mantiene una oficina de enlace con el estado Palestino.<\/p>\n<p style=\"text-align: center;\"><b>AFEET M\u00e9xico<\/b><\/p>\n<p>\u00a0Se celebr\u00f3 la comida de fin de a\u00f1o anual de la\u00a0Asociaci\u00f3n Femenil de Ejecutivas de Empresas Tur\u00edsticas de la Rep\u00fablica Mexicana, A.C. celebrando adem\u00e1s 47 a\u00f1os de su existencia.<\/p>\n<p>Sin lugar a duda son orgullo para el turismo nacional y sobre todo, para ellas mismas al demostrar la trascendencia e importancia de las mujeres en el sector.<\/p>\n<p>En un emotivo discurso Carmen Torreblanca, presidente saliente dio la bienvenida a Yarla Covarrubias como presidente electa e inform\u00f3 sobre los logros en su gesti\u00f3n.<\/p>\n<p>Les acompa\u00f1aron entre otros invitados especiales Jorge Goytort\u00faa de Aerom\u00e9xico, Benjam\u00edn D\u00edaz y Adriana de la Torre de ADNOVA representando a Las Vegas, as\u00ed como el secretario de Turismo de Guanajuato, Fernando Olivera, quien en su discurso habl\u00f3 de lo bien que le va a M\u00e9xico en el turismo, olvidando los problemas y retos a los que todos nos enfrentamos.<\/p>\n<p>Enhorabuena por AFEET y sus integrantes, sin lugar a duda motores del turismo en nuestro pa\u00eds.<\/p>\n<p><em><a href=\"http:\/\/www.lopezsosa.com\" target=\"_blank\" rel=\"noopener noreferrer\">ww.lopezsosa.com<\/a><br \/>\n<a href=\"mailto:joseantonio@lopezsosa.com\" target=\"_blank\" rel=\"noopener noreferrer\">joseantonio@lopezsosa.com<\/a><br \/>\n<a href=\"http:\/\/twitter.com\/joseantonio1977\" target=\"_blank\" rel=\"noopener noreferrer\">@joseantonio1977<\/a><\/em><\/p>\n","protected":false},"excerpt":{"rendered":"<p><span style=\"color: #005497;\"><strong>Jos\u00e9 Antonio L\u00f3pez Sosa<\/strong><\/span><\/p>\n","protected":false},"author":1,"featured_media":0,"comment_status":"open","ping_status":"open","sticky":false,"template":"","format":"standard","meta":{"_monsterinsights_skip_tracking":false,"_monsterinsights_sitenote_active":false,"_monsterinsights_sitenote_note":"","_monsterinsights_sitenote_category":0,"footnotes":""},"categories":[637],"tags":[638,43690,43674],"class_list":["post-356029","post","type-post","status-publish","format-standard","hentry","category-jose-antonio-lopez-sosa","tag-detras-del-poder","tag-jose-antonio-lopez-sosa","tag-opinion"],"_links":{"self":[{"href":"https:\/\/www.diarioimagen.net\/index.php?rest_route=\/wp\/v2\/posts\/356029","targetHints":{"allow":["GET"]}}],"collection":[{"href":"https:\/\/www.diarioimagen.net\/index.php?rest_route=\/wp\/v2\/posts"}],"about":[{"href":"https:\/\/www.diarioimagen.net\/index.php?rest_route=\/wp\/v2\/types\/post"}],"author":[{"embeddable":true,"href":"https:\/\/www.diarioimagen.net\/index.php?rest_route=\/wp\/v2\/users\/1"}],"replies":[{"embeddable":true,"href":"https:\/\/www.diarioimagen.net\/index.php?rest_route=%2Fwp%2Fv2%2Fcomments&post=356029"}],"version-history":[{"count":0,"href":"https:\/\/www.diarioimagen.net\/index.php?rest_route=\/wp\/v2\/posts\/356029\/revisions"}],"wp:attachment":[{"href":"https:\/\/www.diarioimagen.net\/index.php?rest_route=%2Fwp%2Fv2%2Fmedia&parent=356029"}],"wp:term":[{"taxonomy":"category","embeddable":true,"href":"https:\/\/www.diarioimagen.net\/index.php?rest_route=%2Fwp%2Fv2%2Fcategories&post=356029"},{"taxonomy":"post_tag","embeddable":true,"href":"https:\/\/www.diarioimagen.net\/index.php?rest_route=%2Fwp%2Fv2%2Ftags&post=356029"}],"curies":[{"name":"wp","href":"https:\/\/api.w.org\/{rel}","templated":true}]}}