{"id":356259,"date":"2017-12-08T00:07:41","date_gmt":"2017-12-08T06:07:41","guid":{"rendered":"http:\/\/www.diarioimagen.net\/?p=356259"},"modified":"2017-12-10T22:07:20","modified_gmt":"2017-12-11T04:07:20","slug":"ofrece-alfredo-del-mazo-aumento-salarial-y-mejores-prestaciones-a-policia-estatal","status":"publish","type":"post","link":"https:\/\/www.diarioimagen.net\/?p=356259","title":{"rendered":"Ofrece Del Mazo aumento\u00a0salarial a la Polic\u00eda Estatal"},"content":{"rendered":"<ul>\n<li><em><strong>La dotar\u00e1 de mejores herramientas<\/strong><\/em><\/li>\n<li><em><strong>Llamado a una transformaci\u00f3n integral de la justicia<\/strong><\/em><\/li>\n<\/ul>\n<p>&nbsp;<\/p>\n<div id=\"attachment_356296\" style=\"width: 470px\" class=\"wp-caption aligncenter\"><a href=\"http:\/\/www.diarioimagen.net\/?attachment_id=356296\" rel=\"attachment wp-att-356296\"><img loading=\"lazy\" decoding=\"async\" aria-describedby=\"caption-attachment-356296\" class=\"wp-image-356296 size-large\" src=\"http:\/\/www.diarioimagen.net\/wp-content\/uploads\/2017\/12\/del-mazo-3268-460x259.jpg\" alt=\"\" width=\"460\" height=\"259\" srcset=\"https:\/\/www.diarioimagen.net\/wp-content\/uploads\/2017\/12\/del-mazo-3268-460x259.jpg 460w, https:\/\/www.diarioimagen.net\/wp-content\/uploads\/2017\/12\/del-mazo-3268-240x135.jpg 240w, https:\/\/www.diarioimagen.net\/wp-content\/uploads\/2017\/12\/del-mazo-3268-235x132.jpg 235w, https:\/\/www.diarioimagen.net\/wp-content\/uploads\/2017\/12\/del-mazo-3268-202x114.jpg 202w, https:\/\/www.diarioimagen.net\/wp-content\/uploads\/2017\/12\/del-mazo-3268-350x196.jpg 350w, https:\/\/www.diarioimagen.net\/wp-content\/uploads\/2017\/12\/del-mazo-3268-220x123.jpg 220w, https:\/\/www.diarioimagen.net\/wp-content\/uploads\/2017\/12\/del-mazo-3268-237x132.jpg 237w, https:\/\/www.diarioimagen.net\/wp-content\/uploads\/2017\/12\/del-mazo-3268.jpg 480w\" sizes=\"auto, (max-width: 460px) 100vw, 460px\" \/><\/a><p id=\"caption-attachment-356296\" class=\"wp-caption-text\">El gobernador Alfredo Del Mazo Maza encabez\u00f3 la conmemoraci\u00f3n del D\u00eda del Polic\u00eda Mexiquense.<\/p><\/div>\n<p>&nbsp;<\/p>\n<p><strong>Toluca, Estado de M\u00e9xico.-<\/strong> El gobernador Alfredo Del Mazo Maza inform\u00f3 que en el Estado de M\u00e9xico se reconocer\u00e1 el trabajo de los elementos de la Polic\u00eda Estatal con mejoras salariales, oportunidades de ascenso, seguros de vida, becas para sus hijos y facilidades para adquirir una vivienda.<\/p>\n<p>\u201cEl gobierno del Estado de M\u00e9xico reconocer\u00e1 el esfuerzo y la valent\u00eda de aquellos elementos que se preparen y cumplan su tarea con civismo y responsabilidad. Habr\u00e1 mejoras salariales y prestaciones, as\u00ed como reconocimientos, est\u00edmulos por desempe\u00f1o y oportunidades de ascenso.<\/p>\n<p>\u201cDe igual forma, hacemos el firme compromiso de respetar y fortalecer sus derechos laborales, as\u00ed como los derechos sociales de sus familias\u201d, expres\u00f3. \u201cQuiero reiterarles, de forma personal, que mi mayor inter\u00e9s es que los mexiquenses tengamos a nuestra polic\u00eda s\u00f3lida y confiable, que no escatimar\u00e9 recursos ni esfuerzos para lograrlo\u201d, a\u00f1adi\u00f3.<\/p>\n<p>En el marco del D\u00eda del Polic\u00eda Mexiquense, el gobernador Alfredo Del Mazo reconoci\u00f3 la lealtad, valent\u00eda, entrega y hero\u00edsmo de los elementos de seguridad del Estado de M\u00e9xico, quienes arriesgan su vida para proteger la de la poblaci\u00f3n.<\/p>\n<p>Afirm\u00f3 que la administraci\u00f3n estatal tiene el compromiso de dotar a los cuerpos polic\u00edacos\u00a0 de m\u00e1s y mejores herramientas operativas, tecnol\u00f3gicas y humanas, para que el Estado de M\u00e9xico, sea uno de los estados m\u00e1s seguros del pa\u00eds.<\/p>\n<p>Se\u00f1al\u00f3 que ante el reto de mejorar las condiciones de seguridad en el Estado de M\u00e9xico, se trabaja para tener una polic\u00eda s\u00f3lida y confiable, as\u00ed como instituciones de administraci\u00f3n y procuraci\u00f3n de justicia que tengan el compromiso de servicio al p\u00fablico y atenci\u00f3n a las v\u00edctimas, con un trato justo, digno y conforme a Derecho.<\/p>\n<p>El titular del Ejecutivo estatal destac\u00f3 algunas de las acciones que se realizar\u00e1n para renovar la seguridad y justicia en la entidad, como la modernizaci\u00f3n del sistema de administraci\u00f3n y procuraci\u00f3n de justicia; incorporaci\u00f3n de tecnolog\u00eda para transparentar y agilizar los procesos judiciales.<\/p>\n<p>Tambi\u00e9n se realizan diversas acciones para la recuperaci\u00f3n de la gobernabilidad de los centros penitenciarios;\u00a0 el fortalecimiento del Sistema Penal Acusatorio; y se estrecharon lazos de colaboraci\u00f3n con los Tribunales Superiores de Justicia y las Procuradur\u00edas del pa\u00eds.<\/p>\n<p>Aunado a ello, se encuentra el Dec\u00e1logo de Acciones en Materia de Seguridad, en el que se establecen los ejes a seguir para recuperar la paz y la tranquilidad en territorio mexiquense, con acciones como fortalecer el sistema \u00fanico de informaci\u00f3n criminal estatal, combatir la corrupci\u00f3n, robustecer la prevenci\u00f3n del delito y consolidar el modelo de control de confianza, entre otros. Del Mazo Maza hizo un llamado a todos los actores pol\u00edticos, econ\u00f3micos y sociales del Estado de M\u00e9xico para iniciar una transformaci\u00f3n integral de la justicia en la entidad.<\/p>\n","protected":false},"excerpt":{"rendered":"<p>El gobernador Alfredo Del Mazo Maza inform\u00f3 que en el Estado de M\u00e9xico se reconocer\u00e1 el trabajo de los elementos de la Polic\u00eda Estatal con mejoras salariales, oportunidades de ascenso, seguros de vida, becas para sus hijos y facilidades para adquirir una vivienda.<\/p>\n","protected":false},"author":5,"featured_media":356296,"comment_status":"open","ping_status":"open","sticky":false,"template":"","format":"standard","meta":{"_monsterinsights_skip_tracking":false,"_monsterinsights_sitenote_active":false,"_monsterinsights_sitenote_note":"","_monsterinsights_sitenote_category":0,"footnotes":""},"categories":[5],"tags":[2505,43675,7410],"class_list":["post-356259","post","type-post","status-publish","format-standard","has-post-thumbnail","hentry","category-estado-de-mexico","tag-alfredo-del-mazo-maza","tag-estado-de-mexico","tag-policia-estatal"],"_links":{"self":[{"href":"https:\/\/www.diarioimagen.net\/index.php?rest_route=\/wp\/v2\/posts\/356259","targetHints":{"allow":["GET"]}}],"collection":[{"href":"https:\/\/www.diarioimagen.net\/index.php?rest_route=\/wp\/v2\/posts"}],"about":[{"href":"https:\/\/www.diarioimagen.net\/index.php?rest_route=\/wp\/v2\/types\/post"}],"author":[{"embeddable":true,"href":"https:\/\/www.diarioimagen.net\/index.php?rest_route=\/wp\/v2\/users\/5"}],"replies":[{"embeddable":true,"href":"https:\/\/www.diarioimagen.net\/index.php?rest_route=%2Fwp%2Fv2%2Fcomments&post=356259"}],"version-history":[{"count":0,"href":"https:\/\/www.diarioimagen.net\/index.php?rest_route=\/wp\/v2\/posts\/356259\/revisions"}],"wp:featuredmedia":[{"embeddable":true,"href":"https:\/\/www.diarioimagen.net\/index.php?rest_route=\/wp\/v2\/media\/356296"}],"wp:attachment":[{"href":"https:\/\/www.diarioimagen.net\/index.php?rest_route=%2Fwp%2Fv2%2Fmedia&parent=356259"}],"wp:term":[{"taxonomy":"category","embeddable":true,"href":"https:\/\/www.diarioimagen.net\/index.php?rest_route=%2Fwp%2Fv2%2Fcategories&post=356259"},{"taxonomy":"post_tag","embeddable":true,"href":"https:\/\/www.diarioimagen.net\/index.php?rest_route=%2Fwp%2Fv2%2Ftags&post=356259"}],"curies":[{"name":"wp","href":"https:\/\/api.w.org\/{rel}","templated":true}]}}