{"id":356412,"date":"2017-12-08T00:07:42","date_gmt":"2017-12-08T06:07:42","guid":{"rendered":"http:\/\/www.diarioimagen.net\/?p=356412"},"modified":"2017-12-08T01:16:00","modified_gmt":"2017-12-08T07:16:00","slug":"los-retos-del-turismo-de-aventura-en-mexico","status":"publish","type":"post","link":"https:\/\/www.diarioimagen.net\/?p=356412","title":{"rendered":"Los retos del turismo de aventura en M\u00e9xico"},"content":{"rendered":"<h2>Detr\u00e1s del Poder<\/h2>\n<h5>Jos\u00e9 Antonio L\u00f3pez Sosa<\/h5>\n<p>&nbsp;<\/p>\n<p><strong>Villahermosa, Tabasco<\/strong>.- Con una notable mejor organizaci\u00f3n en todos sentidos, se lleva al cabo la feria de turismo de aventura m\u00e1s importante de nuestro pa\u00eds.<\/p>\n<p>El foro no estuvo excento de los discursos pol\u00edticos \u2014yerro que persigue a las reuniones tur\u00edsticas nacionales\u2014, y tanto el secretario de Desarrollo Econ\u00f3mico y Turismo de Tabasco, como uno de los subsecretarios federales del rubro, llenaron ese espacio.<\/p>\n<p>Lo interesante e importante de ATMEX, fueron las citas de negocios entre proveedores de servicios, la mayor\u00eda de ellos receptivos y empresas que venden esos productos, algunas mexicanas y otras en el extranjero.<\/p>\n<p>Me sorprendi\u00f3 ver la gran cantidad y calidad de empresas que ofrecen recorridos de aventura con todas las certificaciones en distintas entidades de la Rep\u00fablica.<\/p>\n<p>Sin lugar a duda es un sector pujante de la industria tur\u00edstica que tiene como reto carecer de esa recomendaci\u00f3n min\u00fascula personal, para formar parte del objetivo de viaje que tenga un mayor n\u00famero de mexicanos, \u00bfc\u00f3mo?, dando a conocer esos productos en distintas regiones del pa\u00eds, inclu\u00edda, claro est\u00e1, la Ciudad de M\u00e9xico.<\/p>\n<p>Nuestro pa\u00eds tiene una diversidad natural muy amplia, en cada uno de esos microclimas, en cada una de esas sierras, cuencas y desiertos, hay empresas que de forma responsable est\u00e1n creando experiencias de aventura con los m\u00e1s altos est\u00e1ndares internacionales.<\/p>\n<p>Los viajes en globo por Tlaxcala; los recorridos en mar y monta\u00f1a de Loreto, Baja California Sur; los campamentos de convivencia entre padres e hijos en Culiac\u00e1n; las rutas cacaoteras en Tabasco; el senderismo en los cultivos cafetaleros en la sierra de Oaxaca; las excursiones entre las Barrancas de Cobre en Chihuahua; la convivencia con comunidades ind\u00edgenas en la sierra de Durango; entre decenas de posibilidades de vivir experiencias distintas y \u00fanicas en nuestro pa\u00eds.<\/p>\n<p>A la par de estos negocios que buscan encontrarse, hay un interesante panel de expositores que pone sobre la mesa los retos de la industria, cosa que va mucho m\u00e1s all\u00e1 de cuestiones sexenales y\/o electorales.<\/p>\n<p>M\u00e9xico es mucho m\u00e1s que Los Cabos y el corredor Canc\u00fan-Riviera Maya; M\u00e9xico es mucho m\u00e1s que el sol y playa o las ciudades coloniales.<\/p>\n<p>Hay cientos de mexicanos que apuestan su capital y su ingenio, fuera del discurso pol\u00edtico, para hacer del turismo una realidad nacional, ese es uno de los retos que encontramos en ATMEX.<\/p>\n<p><em><a href=\"http:\/\/www.lopezsosa.com\" target=\"_blank\" rel=\"noopener noreferrer\">ww.lopezsosa.com<\/a><br \/>\n<a href=\"mailto:joseantonio@lopezsosa.com\" target=\"_blank\" rel=\"noopener noreferrer\">joseantonio@lopezsosa.com<\/a><br \/>\n<a href=\"http:\/\/twitter.com\/joseantonio1977\" target=\"_blank\" rel=\"noopener noreferrer\">@joseantonio1977<\/a><\/em><\/p>\n","protected":false},"excerpt":{"rendered":"<p><span style=\"color: #005497;\"><strong>Jos\u00e9 Antonio L\u00f3pez Sosa<\/strong><\/span><\/p>\n","protected":false},"author":3,"featured_media":0,"comment_status":"open","ping_status":"open","sticky":false,"template":"","format":"standard","meta":{"_monsterinsights_skip_tracking":false,"_monsterinsights_sitenote_active":false,"_monsterinsights_sitenote_note":"","_monsterinsights_sitenote_category":0,"footnotes":""},"categories":[637],"tags":[638,43690,43674],"class_list":["post-356412","post","type-post","status-publish","format-standard","hentry","category-jose-antonio-lopez-sosa","tag-detras-del-poder","tag-jose-antonio-lopez-sosa","tag-opinion"],"_links":{"self":[{"href":"https:\/\/www.diarioimagen.net\/index.php?rest_route=\/wp\/v2\/posts\/356412","targetHints":{"allow":["GET"]}}],"collection":[{"href":"https:\/\/www.diarioimagen.net\/index.php?rest_route=\/wp\/v2\/posts"}],"about":[{"href":"https:\/\/www.diarioimagen.net\/index.php?rest_route=\/wp\/v2\/types\/post"}],"author":[{"embeddable":true,"href":"https:\/\/www.diarioimagen.net\/index.php?rest_route=\/wp\/v2\/users\/3"}],"replies":[{"embeddable":true,"href":"https:\/\/www.diarioimagen.net\/index.php?rest_route=%2Fwp%2Fv2%2Fcomments&post=356412"}],"version-history":[{"count":0,"href":"https:\/\/www.diarioimagen.net\/index.php?rest_route=\/wp\/v2\/posts\/356412\/revisions"}],"wp:attachment":[{"href":"https:\/\/www.diarioimagen.net\/index.php?rest_route=%2Fwp%2Fv2%2Fmedia&parent=356412"}],"wp:term":[{"taxonomy":"category","embeddable":true,"href":"https:\/\/www.diarioimagen.net\/index.php?rest_route=%2Fwp%2Fv2%2Fcategories&post=356412"},{"taxonomy":"post_tag","embeddable":true,"href":"https:\/\/www.diarioimagen.net\/index.php?rest_route=%2Fwp%2Fv2%2Ftags&post=356412"}],"curies":[{"name":"wp","href":"https:\/\/api.w.org\/{rel}","templated":true}]}}