{"id":356522,"date":"2017-12-11T00:06:32","date_gmt":"2017-12-11T06:06:32","guid":{"rendered":"http:\/\/www.diarioimagen.net\/?p=356522"},"modified":"2017-12-11T00:32:18","modified_gmt":"2017-12-11T06:32:18","slug":"destacan-potencialidades-de-los-usos-y-costumbres-en-cuautitlan","status":"publish","type":"post","link":"https:\/\/www.diarioimagen.net\/?p=356522","title":{"rendered":"Destacan potencialidades de los usos y costumbres en Cuautitl\u00e1n"},"content":{"rendered":"<ul>\n<li><strong><em>Son los primeros \u201ccocoleros\u201d del pa\u00eds<\/em><\/strong><\/li>\n<\/ul>\n<p>&nbsp;<\/p>\n<div id=\"attachment_356562\" style=\"width: 470px\" class=\"wp-caption aligncenter\"><a href=\"http:\/\/www.diarioimagen.net\/?attachment_id=356562\" rel=\"attachment wp-att-356562\"><img loading=\"lazy\" decoding=\"async\" aria-describedby=\"caption-attachment-356562\" class=\"size-large wp-image-356562\" src=\"http:\/\/www.diarioimagen.net\/wp-content\/uploads\/2017\/12\/CUAUTITLAN-3269-460x148.jpg\" alt=\"\" width=\"460\" height=\"148\" srcset=\"https:\/\/www.diarioimagen.net\/wp-content\/uploads\/2017\/12\/CUAUTITLAN-3269-460x148.jpg 460w, https:\/\/www.diarioimagen.net\/wp-content\/uploads\/2017\/12\/CUAUTITLAN-3269-240x77.jpg 240w, https:\/\/www.diarioimagen.net\/wp-content\/uploads\/2017\/12\/CUAUTITLAN-3269-768x248.jpg 768w, https:\/\/www.diarioimagen.net\/wp-content\/uploads\/2017\/12\/CUAUTITLAN-3269.jpg 1200w\" sizes=\"auto, (max-width: 460px) 100vw, 460px\" \/><\/a><p id=\"caption-attachment-356562\" class=\"wp-caption-text\">La presidenta municipal, Ma. Guadalupe Fern\u00e1ndez S\u00e1nchez, presidi\u00f3 la sesi\u00f3n abierta de cabildo con el tema \u201cUsos y Costumbres en Cuautitl\u00e1n\u201d.<\/p><\/div>\n<p>&nbsp;<\/p>\n<p><strong>Cuautitl\u00e1n, Estado de M\u00e9xico<\/strong>.- En la sala de Cabildo del Ayuntamiento, la alcaldesa Ma. Guadalupe Fern\u00e1ndez S\u00e1nchez presidi\u00f3 la sesi\u00f3n abierta de cabildo con el tema \u201cUsos y Costumbres en Cuautitl\u00e1n\u201d, donde en el uso de la palabra el delegado de San Mateo Ixtacalco, Augusto Lino Basurto hizo un recuento hist\u00f3rico y cultural de las tradiciones del Pueblo de San Mateo Ixtacalco.<\/p>\n<p>Tambi\u00e9n es la presente sesi\u00f3n el cronista realizo una exposici\u00f3n sobre las costumbres y fiestas tradicionales de Cuautitl\u00e1n donde destaco el tema del cocol es s\u00edmbolo de tradici\u00f3n, cultura e identidad, de esta manera cada pieza de pan, desde su peculiar nombre hasta su modo de preparaci\u00f3n es \u00fanico y caracter\u00edstico de esta regi\u00f3n, y que en Cuautitl\u00e1n se les conoc\u00eda a los oriundos como cocoleros, otro tema de destacar fue el tema del mercado por su antig\u00fcedad y tradici\u00f3n que data desde el a\u00f1os 1430 y que hasta estos d\u00edas el comercio representa uno de las principales actividades econ\u00f3micas del municipio.<\/p>\n<p>Posteriormente, se invit\u00f3 al cabildo a un espacio de exhibici\u00f3n y degustaci\u00f3n de la comida y artesan\u00edas tradicionales de Cuautitl\u00e1n, como: los tradicionales huaraches del mercado, las pi\u00f1atas, acompa\u00f1aron a esta sesi\u00f3n abierta los comerciantes y representantes de los sectores sociales y culturales de Cuautitl\u00e1n.<\/p>\n<p>Posterior de la sesi\u00f3n abierta, se llev\u00f3 a cabo la D\u00e9cimo Sexta Sesi\u00f3n Extraordinaria de Cabildo, donde se tom\u00f3 protesta a los titulares de: Tesorer\u00eda Municipal a cargo del Lic. Gerardo C\u00e9sar Hern\u00e1ndez Rodr\u00edguez, en la Direcci\u00f3n de Gobierno, a Isidro Cahue Fern\u00e1ndez, en la Direcci\u00f3n de Cultura, Turismo y Fomento Artesanal, a Mar\u00eda Paredes Orozco, en la Direcci\u00f3n de Servicios P\u00fablicos, al C. Levi Lazcano Morelos, en la Direcci\u00f3n de Deporte el Lic. Antonio Mendoza S\u00e1nchez.<\/p>\n","protected":false},"excerpt":{"rendered":"<p>En la sala de Cabildo del Ayuntamiento, la alcaldesa Ma. Guadalupe Fern\u00e1ndez S\u00e1nchez presidi\u00f3 la sesi\u00f3n abierta de cabildo con el tema \u201cUsos y Costumbres en Cuautitl\u00e1n\u201d, donde en el uso de la palabra el delegado de San Mateo Ixtacalco, Augusto Lino Basurto hizo un recuento hist\u00f3rico y cultural de las tradiciones del Pueblo de San Mateo Ixtacalco.<\/p>\n","protected":false},"author":3,"featured_media":356562,"comment_status":"open","ping_status":"open","sticky":false,"template":"","format":"standard","meta":{"_monsterinsights_skip_tracking":false,"_monsterinsights_sitenote_active":false,"_monsterinsights_sitenote_note":"","_monsterinsights_sitenote_category":0,"footnotes":""},"categories":[35155],"tags":[68766,681,43675,66685],"class_list":["post-356522","post","type-post","status-publish","format-standard","has-post-thumbnail","hentry","category-estado-de-mexico-estado-de-mexico","tag-costumbres","tag-cuautitlan","tag-estado-de-mexico","tag-ma-guadalupe-fernandez-sanchez"],"_links":{"self":[{"href":"https:\/\/www.diarioimagen.net\/index.php?rest_route=\/wp\/v2\/posts\/356522","targetHints":{"allow":["GET"]}}],"collection":[{"href":"https:\/\/www.diarioimagen.net\/index.php?rest_route=\/wp\/v2\/posts"}],"about":[{"href":"https:\/\/www.diarioimagen.net\/index.php?rest_route=\/wp\/v2\/types\/post"}],"author":[{"embeddable":true,"href":"https:\/\/www.diarioimagen.net\/index.php?rest_route=\/wp\/v2\/users\/3"}],"replies":[{"embeddable":true,"href":"https:\/\/www.diarioimagen.net\/index.php?rest_route=%2Fwp%2Fv2%2Fcomments&post=356522"}],"version-history":[{"count":0,"href":"https:\/\/www.diarioimagen.net\/index.php?rest_route=\/wp\/v2\/posts\/356522\/revisions"}],"wp:featuredmedia":[{"embeddable":true,"href":"https:\/\/www.diarioimagen.net\/index.php?rest_route=\/wp\/v2\/media\/356562"}],"wp:attachment":[{"href":"https:\/\/www.diarioimagen.net\/index.php?rest_route=%2Fwp%2Fv2%2Fmedia&parent=356522"}],"wp:term":[{"taxonomy":"category","embeddable":true,"href":"https:\/\/www.diarioimagen.net\/index.php?rest_route=%2Fwp%2Fv2%2Fcategories&post=356522"},{"taxonomy":"post_tag","embeddable":true,"href":"https:\/\/www.diarioimagen.net\/index.php?rest_route=%2Fwp%2Fv2%2Ftags&post=356522"}],"curies":[{"name":"wp","href":"https:\/\/api.w.org\/{rel}","templated":true}]}}