{"id":356707,"date":"2017-12-12T00:08:05","date_gmt":"2017-12-12T06:08:05","guid":{"rendered":"http:\/\/www.diarioimagen.net\/?p=356707"},"modified":"2017-12-11T22:16:28","modified_gmt":"2017-12-12T04:16:28","slug":"la-espada-desenvainada","status":"publish","type":"post","link":"https:\/\/www.diarioimagen.net\/?p=356707","title":{"rendered":"La espada desenvainada"},"content":{"rendered":"<h2>Punto por punto<\/h2>\n<h5>Augusto Corro<\/h5>\n<p>&nbsp;<\/p>\n<div id=\"attachment_356708\" style=\"width: 470px\" class=\"wp-caption aligncenter\"><a href=\"http:\/\/www.diarioimagen.net\/?attachment_id=356708\" rel=\"attachment wp-att-356708\"><img loading=\"lazy\" decoding=\"async\" aria-describedby=\"caption-attachment-356708\" class=\"size-large wp-image-356708\" src=\"http:\/\/www.diarioimagen.net\/wp-content\/uploads\/2017\/12\/SE-CONOCEN-BIEN-jose-luis-3270-460x338.jpg\" alt=\"\" width=\"460\" height=\"338\" srcset=\"https:\/\/www.diarioimagen.net\/wp-content\/uploads\/2017\/12\/SE-CONOCEN-BIEN-jose-luis-3270-460x338.jpg 460w, https:\/\/www.diarioimagen.net\/wp-content\/uploads\/2017\/12\/SE-CONOCEN-BIEN-jose-luis-3270-240x176.jpg 240w, https:\/\/www.diarioimagen.net\/wp-content\/uploads\/2017\/12\/SE-CONOCEN-BIEN-jose-luis-3270-768x564.jpg 768w, https:\/\/www.diarioimagen.net\/wp-content\/uploads\/2017\/12\/SE-CONOCEN-BIEN-jose-luis-3270-90x65.jpg 90w, https:\/\/www.diarioimagen.net\/wp-content\/uploads\/2017\/12\/SE-CONOCEN-BIEN-jose-luis-3270.jpg 1200w\" sizes=\"auto, (max-width: 460px) 100vw, 460px\" \/><\/a><p id=\"caption-attachment-356708\" class=\"wp-caption-text\">Se conocen bien&#8230; | Jos\u00e9 Luis<\/p><\/div>\n<p>&nbsp;<\/p>\n<p>El precandidato panista presidencial trae la espada desenvainada. Es decir, a su paso no deja t\u00edtere con cabeza.<\/p>\n<p>El domingo, al anunciar su participaci\u00f3n como abanderado de la coalici\u00f3n Por M\u00e9xico al Frente decidi\u00f3 decirle sus verdades a dos prohombres blanquiazules: Vicente Fox y Felipe Calder\u00f3n.<\/p>\n<p>A estos ex funcionarios los acus\u00f3 de no haber planteado una estrategia clara para combatir a la delincuencia. Esa lucha fallida produjo \u201cniveles insospechados\u201d de violencia.<\/p>\n<p>Tambi\u00e9n dijo que los presidentes panistas dejaron intactas las estructuras clientelares y corporativa del PRI, cuando bien pudieron desaparecerlas, esto pienso yo.<\/p>\n<p>Por lo dem\u00e1s, Anaya demostr\u00f3 que super\u00f3, aunque con un sinn\u00famero de problemas, su primera etapa pol\u00edtica, previa al destape a su precandidatura presidencial.\u00a0 En su organizaci\u00f3n pol\u00edtica, el aspirante a presidente de la Rep\u00fablica demostr\u00f3 su excelente manejo de la daga de la traici\u00f3n, que clav\u00f3 a cuanto adversario se le puso enfrente.<\/p>\n<p>El mism\u00edsimo matrimonio Calder\u00f3n-Zavala sucumbi\u00f3 en la lucha cuerpo a cuerpo con el queretano \u201cjoven maravilla\u201d. Do\u00f1a Margarita, quiz\u00e1 conocedora de los alcances pol\u00edticos de su rival, abandon\u00f3 el PAN, en octubre pasado,\u00a0 y se lanz\u00f3 a la aventura pol\u00edtica como independiente.<\/p>\n<p>Ahora, desde otra trinchera Margarita Calder\u00f3n llam\u00f3 a los panistas a rebelarse.\u00a0 Tuite\u00f3 que el PAN se convirti\u00f3 en una \u201cmala copia\u201d del PRI, con pr\u00e1cticas del pasado como la \u201ccargada\u201d y el \u201cdedazo\u201d.<\/p>\n<p>En la citada etapa pol\u00edtica, quedaron en la lona los blanquiazules que pugnaban por la candidatura presidencial, entre otros el ex gobernador de Puebla, Rafael Moreno Valle.<\/p>\n<p>De repente, el poblano enmudeci\u00f3 y desapareci\u00f3 del escenario pol\u00edtico. El d\u00eda de la \u201ccargada\u201d no estuvo presente. Tampoco el gobernador de la citada entidad, Jos\u00e9 Antonio \u201cTony\u201d Gali Fayad. Tambi\u00e9n sucumbi\u00f3 ante la espada del panista el jefe del gobierno capitalino, Miguel \u00c1ngel Mancera. Aunque este dijo que seguir\u00e1 con voz y voto en la coalici\u00f3n Por M\u00e9xico al Frente.<\/p>\n<p style=\"text-align: center;\"><b>\u00bfQU\u00c9 SIGUE EN EL PAN?<\/b><\/p>\n<p>Se supone que viene la etapa de la conciliaci\u00f3n, de la unidad. De curar las heridas y cerrar filas. Porque Acci\u00f3n Nacional, como nunca, tiene en un divisionismo que, de no superarse, lo debilitar\u00e1 a\u00fan m\u00e1s.<\/p>\n<p>La guerra entre \u201ccalderonistas\u201d y \u201canayistas\u201d apenas empieza. No dude que el ganador sea Anaya, aunque se ignora a qu\u00e9 precio.<\/p>\n<p>En el presente, tambi\u00e9n es muy interesante saber que piensan los verdaderos panistas, aquellos, que militan en el blanquiazul, cuando sus dirigentes ten\u00edan principios e ideolog\u00eda. Tiempos en los que no exist\u00edan los mercenarios de la pol\u00edtica.<\/p>\n<p>En fin, el \u201cFrankenstein\u201d camina y estar\u00e1 en la justa electoral del 2018. Por cierto, un lector pregunt\u00f3 por qu\u00e9 el calificativo de \u201cFrankenstein\u201d a la alianza Por M\u00e9xico al Frente.<\/p>\n<p>El poeta Javier Sicilia dijo que si en M\u00e9xico algo se parece al monstruo (\u201cFrankenstein\u201d) de Mary de Shelley es el Frente Ciudadano por M\u00e9xico (ahora Por M\u00e9xico al Frente). Explic\u00f3 que \u201csemejante a \u201cFrankenstein\u201d, el Frente es la suma de varias partes de los cad\u00e1veres de las partidocracias, una suma cuyas diferencias hacen imposible un resultado que no sea tan monstruoso como su falsedad.<\/p>\n<p>En este sentido, esa cosa sin entidad que usurpa el nombre de un sue\u00f1o nacional imposible, no es en realidad un Frente, tampoco es Ciudadano y ni siquiera es por M\u00e9xico\u201d.<\/p>\n<p>Como se inform\u00f3, en la coalici\u00f3n Por M\u00e9xico al Frente participan el Partido Acci\u00f3n Nacional (PAN), el Partido de la Revoluci\u00f3n Democr\u00e1tica (PRD) y Movimiento Ciudadano (MC). El primero, como se\u00f1alamos arriba enfrenta problemas internos que lo exhiben muy debilitado en la lucha pol\u00edtica. El segundo, se encuentra en v\u00edas de extinci\u00f3n. Su alianza con los partidos mencionados le dar\u00e1 un poco de ox\u00edgeno. \u00bfPor cu\u00e1nto tiempo? El tercero, el m\u00e1s beneficiado de la uni\u00f3n tripartita es el MC. Organizaci\u00f3n pol\u00edtica menor con vocaci\u00f3n de pepenadora: las sobras que le dejan sus hermanos mayores, en cantidad suficiente para su sobrevivencia.<\/p>\n<p style=\"text-align: center;\"><b>EN LA CDMX<\/b><\/p>\n<p>Al grito de reg\u00edstrense los que quieran, en el Partido de la Revoluci\u00f3n Democr\u00e1tica\u00a0 (PRD) se apuntaron tres precandidatos para competir por el gobierno capitalino.<\/p>\n<p>Alejandra Barrales, la ex dirigente perredista, quien se supon\u00eda que era la \u00fanica aspirante de su partido, no ir\u00e1 sola.\u00a0 El doctor Armando Ahued y Salom\u00f3n Chertorivski le har\u00e1n compa\u00f1\u00eda. Estos dos tambi\u00e9n pretenden ser candidatos amarillos.<\/p>\n<p>Algo ocurri\u00f3 en el PRD que le pusieron dos obst\u00e1culos a Barrales. Ya sabremos de qu\u00e9 se trata. Quiz\u00e1, los perredistas buscan proyectar una imagen de democracia interior, algo que dejaron en el camino hace muchos a\u00f1os.\u00a0 \u00bfUsted qu\u00e9 opina amable lector?<\/p>\n<p><em><a href=\"mailto:aco2742@hotmail.com\" target=\"_blank\" rel=\"noopener noreferrer\">aco2742@hotmail.com<\/a><\/em><\/p>\n","protected":false},"excerpt":{"rendered":"<p><span style=\"color: #005497;\"><strong>Augusto Corro<\/strong><\/span><br \/>\n<br \/>\nEl precandidato panista presidencial trae la espada desenvainada. Es decir, a su paso no deja t\u00edtere con cabeza.\u00a0<\/p>\n","protected":false},"author":1,"featured_media":356708,"comment_status":"open","ping_status":"open","sticky":false,"template":"","format":"standard","meta":{"_monsterinsights_skip_tracking":false,"_monsterinsights_sitenote_active":false,"_monsterinsights_sitenote_note":"","_monsterinsights_sitenote_category":0,"footnotes":""},"categories":[157],"tags":[43686,43674,11515],"class_list":["post-356707","post","type-post","status-publish","format-standard","has-post-thumbnail","hentry","category-augusto-corro","tag-augusto-corro","tag-opinion","tag-punto-por-punto"],"_links":{"self":[{"href":"https:\/\/www.diarioimagen.net\/index.php?rest_route=\/wp\/v2\/posts\/356707","targetHints":{"allow":["GET"]}}],"collection":[{"href":"https:\/\/www.diarioimagen.net\/index.php?rest_route=\/wp\/v2\/posts"}],"about":[{"href":"https:\/\/www.diarioimagen.net\/index.php?rest_route=\/wp\/v2\/types\/post"}],"author":[{"embeddable":true,"href":"https:\/\/www.diarioimagen.net\/index.php?rest_route=\/wp\/v2\/users\/1"}],"replies":[{"embeddable":true,"href":"https:\/\/www.diarioimagen.net\/index.php?rest_route=%2Fwp%2Fv2%2Fcomments&post=356707"}],"version-history":[{"count":0,"href":"https:\/\/www.diarioimagen.net\/index.php?rest_route=\/wp\/v2\/posts\/356707\/revisions"}],"wp:featuredmedia":[{"embeddable":true,"href":"https:\/\/www.diarioimagen.net\/index.php?rest_route=\/wp\/v2\/media\/356708"}],"wp:attachment":[{"href":"https:\/\/www.diarioimagen.net\/index.php?rest_route=%2Fwp%2Fv2%2Fmedia&parent=356707"}],"wp:term":[{"taxonomy":"category","embeddable":true,"href":"https:\/\/www.diarioimagen.net\/index.php?rest_route=%2Fwp%2Fv2%2Fcategories&post=356707"},{"taxonomy":"post_tag","embeddable":true,"href":"https:\/\/www.diarioimagen.net\/index.php?rest_route=%2Fwp%2Fv2%2Ftags&post=356707"}],"curies":[{"name":"wp","href":"https:\/\/api.w.org\/{rel}","templated":true}]}}