{"id":356940,"date":"2017-12-13T00:11:23","date_gmt":"2017-12-13T06:11:23","guid":{"rendered":"http:\/\/www.diarioimagen.net\/?p=356940"},"modified":"2017-12-13T00:09:55","modified_gmt":"2017-12-13T06:09:55","slug":"anaya-va-por-la-presidencia-montado-en-el-rompimiento-y-la-confrontacion-a-lo-amlo","status":"publish","type":"post","link":"https:\/\/www.diarioimagen.net\/?p=356940","title":{"rendered":"Anaya va por la Presidencia montado en el rompimiento y la confrontaci\u00f3n, a lo AMLO"},"content":{"rendered":"<h2>Tras la puerta del poder<\/h2>\n<h5>Roberto Vizca\u00edno<\/h5>\n<p>&nbsp;<\/p>\n<div id=\"attachment_356941\" style=\"width: 470px\" class=\"wp-caption aligncenter\"><a href=\"http:\/\/www.diarioimagen.net\/?attachment_id=356941\" rel=\"attachment wp-att-356941\"><img loading=\"lazy\" decoding=\"async\" aria-describedby=\"caption-attachment-356941\" class=\"size-large wp-image-356941\" src=\"http:\/\/www.diarioimagen.net\/wp-content\/uploads\/2017\/12\/perdiendo-la-fe-LUIS-XAVIER-3271-460x365.jpg\" alt=\"\" width=\"460\" height=\"365\" srcset=\"https:\/\/www.diarioimagen.net\/wp-content\/uploads\/2017\/12\/perdiendo-la-fe-LUIS-XAVIER-3271-460x365.jpg 460w, https:\/\/www.diarioimagen.net\/wp-content\/uploads\/2017\/12\/perdiendo-la-fe-LUIS-XAVIER-3271-240x190.jpg 240w, https:\/\/www.diarioimagen.net\/wp-content\/uploads\/2017\/12\/perdiendo-la-fe-LUIS-XAVIER-3271-768x609.jpg 768w, https:\/\/www.diarioimagen.net\/wp-content\/uploads\/2017\/12\/perdiendo-la-fe-LUIS-XAVIER-3271.jpg 1200w\" sizes=\"auto, (max-width: 460px) 100vw, 460px\" \/><\/a><p id=\"caption-attachment-356941\" class=\"wp-caption-text\">Perdiendo la fe&#8230; | Luis Xavier<\/p><\/div>\n<p>&nbsp;<\/p>\n<p>Ensoberbecido por su empoderamiento a trav\u00e9s de la Coalici\u00f3n electoral PAN-PRD-MC, <b>Ricardo Anaya<\/b> inici\u00f3 su carrera por la Presidencia de la Rep\u00fablica rompiendo con el PAN de <b>Vicente Fox <\/b>y <b>Felipe Calder\u00f3n <\/b>a quienes acus\u00f3 de haber sido parte de la corrupci\u00f3n pri\u00edsta.<\/p>\n<p>Y al hacerlo,<b> Anaya <\/b>acudi\u00f3 al viejo y muy probado m\u00e9todo de los candidatos presidenciales del PRI, quienes simulaban romper con su antecesor para garantizar su triunfo y asegurar la permanencia del r\u00e9gimen y sistema.<\/p>\n<p>Es as\u00ed que ahora <b>Anaya<\/b> acus\u00f3 a <b>Vicente Fox<\/b> de dejar intocado el viejo r\u00e9gimen anterior, y no actuar frente a tramas como la del Pemexgate donde, afirma, hab\u00eda claras pruebas de una transferencia ilegal de mil millones de pesos de Pemex al PRI.<\/p>\n<p>Al ex presidente Calder\u00f3n (quien durante su sexenio lo hizo subsecretario de Turismo), le imputa haberse aliado con <b>Elba Esther Gordillo<\/b> a trav\u00e9s de quien se acerc\u00f3 a corruptos sectores del PRI.<\/p>\n<p>En su espectacular autodestape en un acto realizado en un sal\u00f3n del World Trade Center con la asistencia de 11 gobernadores del PAN, una importante representaci\u00f3n de alcaldes del blanquiazul y viejos liderazgos como <b>Diego Fern\u00e1ndez de Cevallos<\/b> as\u00ed como dirigentes del PRD como <b>Jes\u00fas Ortega<\/b>, con una enorme pantalla multimedia a sus espaldas en la que su discurso se convert\u00eda en im\u00e1genes y cifras, <b>Anaya<\/b> arremeti\u00f3 adem\u00e1s contra el gobierno del presidente <b>Enrique Pe\u00f1a Nieto<\/b> del cual era aliado hasta hace unos meses y con quien el PAN fue un eje central dentro del <b>Pacto por M\u00e9xico<\/b>, pacto que produjo 13 reformas estructurales criticadas hoy por Anaya.<\/p>\n<p><b>De Pe\u00f1a Nieto<\/b> dijo:<\/p>\n<p>\u201cEste gobierno pri\u00edsta ha sido un absoluto <b>desastre nacional.<\/b>.. lo bueno es que ya se van\u201d\u2026<\/p>\n<p>\u00bfY el PAN que presidi\u00f3\u2026 \u00e9l como coordinador de los diputados de Acci\u00f3n Nacional y como presidente de la C\u00e1mara de Diputados que aprob\u00f3 esas 13 reformas, cu\u00e1l es su responsabilidad hoy de ese desastre nacional que denuncia?<\/p>\n<p>Es f\u00e1cil romper y golpear, pero por qu\u00e9 no lo hizo antes\u2026 cuando formaba parte de ese partido aliado al PRI y cuando fue copart\u00edcipe de la aprobaci\u00f3n de las reformas.<\/p>\n<p>Hoy Anaya como precandidato \u00fanico de la coalici\u00f3n PAN-PRD-MC dice que todo el contubernio corrupto de panistas y pri\u00edstas comenz\u00f3 con la llegada de Fox a la Presidencia.<\/p>\n<p>\u201cPese a la llegada de <b>Vicente Fox<\/b> a la Presidencia en el 2000, no cambiamos el r\u00e9gimen&#8230; asumamos que las estructuras profundas del sistema pri\u00edsta quedaron pr\u00e1cticamente intactas&#8230; no cambiamos los cimientos, no cambiamos las estructuras.<\/p>\n<p>\u201cLa historia se repiti\u00f3 en 2006: la alianza con la corrupta l\u00edder sindical <b>Elba Esther Gordillo<\/b>, y a trav\u00e9s de ella con algunos sectores del PRI, trajo grandes consecuencias para nuestro pa\u00eds\u2026<\/p>\n<p><b>\u201cSeamos autocr\u00edticos:<\/b> otra vez no cambiamos las estructuras clientelares y corporativas del PRI; qued\u00f3 intacto el pacto de impunidad y se le entreg\u00f3 a <b>Elba Ester Gordillo<\/b> el control de la educaci\u00f3n b\u00e1sica en nuestro pa\u00eds, nombrando a su yerno <b>(Fernando Gonz\u00e1lez S\u00e1nchez)<\/b> como subsecretario de educaci\u00f3n b\u00e1sica el control de la educaci\u00f3n b\u00e1sica de primaria y secundaria, el futuro de 25 millones de ni\u00f1as ni\u00f1os y j\u00f3venes.<\/p>\n<p>\u201cY tambi\u00e9n hay que decirlo de buena fe y con rectitud de intenci\u00f3n: sin una estrategia clara y eficiente se dispar\u00f3 la violencia hasta alcanzar niveles francamente insospechados y detr\u00e1s de esa violencia, hay enorme sufrimiento, hay tragedias humanas. En el sexenio anterior hubo avances, s\u00ed, seamos objetivos, <b>pero no cambiamos el r\u00e9gimen\u201d<\/b>, insisti\u00f3.<\/p>\n<p style=\"text-align: center;\"><b>Y va la campa\u00f1a\u00a0<\/b><\/p>\n<p>En medio del aplauso y euforia de los suyos, en un sal\u00f3n cerrado abarrotado por quienes comienzan a formar una nueva masa de convencidos, a quienes podr\u00edamos bien calificar de <i>anaya-adictos,<\/i> un grupo muy similar a quienes siguen al <i>mes\u00edas de Macuspana,<\/i> el sin eufemismos candidato de la alianza tripartidista ensay\u00f3 lo que ser\u00e1n sus slogans de campa\u00f1a.<\/p>\n<p>As\u00ed solt\u00f3 lo mismo un \u201c\u2026 a M\u00e9xico no le conviene un cambio hacia al pasado, repleto de locuras como el que ofrece <b>Andr\u00e9s Manuel L\u00f3pez Obrador.<\/b> \u00c9l representa un cambio de ideas viejas y fracasadas\u201d\u2026<\/p>\n<p>O\u2026<\/p>\n<p>\u201cP\u00e9sele a quien le pese, ya somos coalici\u00f3n y vamos por un cambio profundo. Hoy M\u00e9xico, en el que gobierna el PRI, no va por el camino correcto, pues esta administraci\u00f3n ha sido un desastre\u201d\u2026<\/p>\n<p>As\u00ed le recet\u00f3 tambi\u00e9n a su contrincante del PRI-PVEM, <b>Jos\u00e9 Antonio Meade <\/b>el calificativo de \u201cel candidato de la continuidad\u201d y a AMLO el del candidato \u201clleno de locuras\u201d.<\/p>\n<p>La estrategia central es, ha quedado claro, la de la ruptura y el ataque. Eso vende. Y, claro, con la promesa de que no s\u00f3lo habr\u00e1 un cambio de fondo del r\u00e9gimen.<\/p>\n<p>Para ello Anaya y su coalici\u00f3n \u2013y con el apoyo de 16 gobernadores &#8211;12 del PAN y 4 del PRD, as\u00ed como de 807 alcaldes surgidos de los tres partidos que representan a un gobierno global, al 45.3% de los mexicanos&#8211;, espera no s\u00f3lo ganar la Presidencia, sino la mayor\u00eda de los senadores y diputados federales.<\/p>\n<p>Ufano por su pron\u00f3stico, <b>Anaya<\/b> afirma que \u00e9l si realizar\u00e1 desde Los Pinos el cambio de r\u00e9gimen y sistema que ni <b>Fox<\/b> ni <b>Calder\u00f3n <\/b>hicieron por aliarse con corruptos.<\/p>\n<p style=\"text-align: center;\"><b>Y va por Cordero y C\u00eda<\/b><\/p>\n<p>En este mismo contexto de euforia triunfalista a m\u00e1s de 200 d\u00edas de la elecci\u00f3n del 1 de julio, su sucesor al frente del PAN,<b> Damian Zepeda,<\/b> acompa\u00f1ado por <b>Marcelo Torres<\/b> \u2013ahora nuevo secretario general del blanquiazul-, y el exuberante <b>Marko Cortes,<\/b> coordinador de los diputados federales de Acci\u00f3n Nacional afirm\u00f3 que no se ha desechado la expulsi\u00f3n de los senadores <b>Ernesto Cordero, Roberto Gil Zuarth, Javier Lozano, Jos\u00e9 Luis Lavalle y Salvador Vega.<\/b><\/p>\n<p>En una conferencia de prensa realizada ayer luego de una visita a la bancada panista en San L\u00e1zaro, el nuevo presidente del PAN dijo:<\/p>\n<p>\u201cEllos (los llamados 5 senadores rebeldes) hicieron esa negociaci\u00f3n particular (la de aceptar a <b>Cordero<\/b> como presidente del Senado) a cambio de intereses personales, y eso tendr\u00e1 su tr\u00e1mite en la <b>Comisi\u00f3n de Orden del Partido,<\/b> nosotros estaremos enfocados en ganar esta elecci\u00f3n, no por ganar el poder sino por transformar a M\u00e9xico.<\/p>\n<p>\u201cNosotros s\u00ed creemos que este PRI-Gobierno ha sido altamente corrupto, altamente ineficiente, altamente irrespetuoso con la libertad de expresi\u00f3n y creemos que debe de cambiar.<\/p>\n<p>\u201cPor lo tanto, ah\u00ed est\u00e1 la postura muy concreta en ese caso\u201d, concluy\u00f3.<\/p>\n<p>En buen espa\u00f1ol eso significa que Anaya y sus sucesores no van a dejar ir la oportunidad de echar fuera a sus cr\u00edticos internos.<\/p>\n<p>Ya encarrerados en el triunfalismo, pues expulsar a 5 senadores no es nada.<\/p>\n<p><em><a href=\"mailto:rvizcainoa@gmail.com\" target=\"_blank\" rel=\"noopener noreferrer\">rvizcainoa@gmail.com<\/a><\/em><br \/>\n<em><a href=\"http:\/\/www.endirecto.mx\/\" target=\"_blank\" rel=\"noopener noreferrer\">www.endirecto.mx<\/a><\/em><br \/>\n<em><a href=\"https:\/\/twitter.com\/_rvizcaino\" target=\"_blank\" rel=\"noopener noreferrer\">@_RVizcaino<\/a><\/em><br \/>\n<a href=\"https:\/\/www.facebook.com\/rvizcainoa\" target=\"_blank\" rel=\"noopener noreferrer\">f<em>acebook.com\/rvizcainoa<\/em><\/a><\/p>\n","protected":false},"excerpt":{"rendered":"<p><span style=\"color: #005497;\"><strong>Roberto Vizca\u00edno<\/strong><\/span><br \/>\n<br \/>\nEnsoberbecido por su empoderamiento a trav\u00e9s de la Coalici\u00f3n electoral PAN-PRD-MC, Ricardo Anaya inici\u00f3 su carrera por la Presidencia de la Rep\u00fablica rompiendo con el PAN de Vicente Fox y Felipe Calder\u00f3n a quienes acus\u00f3 de haber sido parte de la corrupci\u00f3n pri\u00edsta.<\/p>\n","protected":false},"author":1,"featured_media":356941,"comment_status":"open","ping_status":"open","sticky":false,"template":"","format":"standard","meta":{"_monsterinsights_skip_tracking":false,"_monsterinsights_sitenote_active":false,"_monsterinsights_sitenote_note":"","_monsterinsights_sitenote_category":0,"footnotes":""},"categories":[136],"tags":[43674,93,94],"class_list":["post-356940","post","type-post","status-publish","format-standard","has-post-thumbnail","hentry","category-roberto-vizcaino-opinion","tag-opinion","tag-roberto-vizcaino","tag-tras-la-puerta-del-poder"],"_links":{"self":[{"href":"https:\/\/www.diarioimagen.net\/index.php?rest_route=\/wp\/v2\/posts\/356940","targetHints":{"allow":["GET"]}}],"collection":[{"href":"https:\/\/www.diarioimagen.net\/index.php?rest_route=\/wp\/v2\/posts"}],"about":[{"href":"https:\/\/www.diarioimagen.net\/index.php?rest_route=\/wp\/v2\/types\/post"}],"author":[{"embeddable":true,"href":"https:\/\/www.diarioimagen.net\/index.php?rest_route=\/wp\/v2\/users\/1"}],"replies":[{"embeddable":true,"href":"https:\/\/www.diarioimagen.net\/index.php?rest_route=%2Fwp%2Fv2%2Fcomments&post=356940"}],"version-history":[{"count":0,"href":"https:\/\/www.diarioimagen.net\/index.php?rest_route=\/wp\/v2\/posts\/356940\/revisions"}],"wp:featuredmedia":[{"embeddable":true,"href":"https:\/\/www.diarioimagen.net\/index.php?rest_route=\/wp\/v2\/media\/356941"}],"wp:attachment":[{"href":"https:\/\/www.diarioimagen.net\/index.php?rest_route=%2Fwp%2Fv2%2Fmedia&parent=356940"}],"wp:term":[{"taxonomy":"category","embeddable":true,"href":"https:\/\/www.diarioimagen.net\/index.php?rest_route=%2Fwp%2Fv2%2Fcategories&post=356940"},{"taxonomy":"post_tag","embeddable":true,"href":"https:\/\/www.diarioimagen.net\/index.php?rest_route=%2Fwp%2Fv2%2Ftags&post=356940"}],"curies":[{"name":"wp","href":"https:\/\/api.w.org\/{rel}","templated":true}]}}