{"id":357200,"date":"2017-12-15T00:10:41","date_gmt":"2017-12-15T06:10:41","guid":{"rendered":"http:\/\/www.diarioimagen.net\/?p=357200"},"modified":"2017-12-17T23:22:02","modified_gmt":"2017-12-18T05:22:02","slug":"presenta-amlo-a-su-gabinete-presidencial-para-2018","status":"publish","type":"post","link":"https:\/\/www.diarioimagen.net\/?p=357200","title":{"rendered":"Presenta L\u00f3pez Obrador\u00a0a su gabinete para 2018"},"content":{"rendered":"<ul>\n<li><em><strong>Entre su equipo hay 8 mujeres<\/strong><\/em><\/li>\n<li><em><strong>Estar\u00eda la ex ministra Olga S\u00e1nchez Cordero en Gobernaci\u00f3n<\/strong><\/em><\/li>\n<\/ul>\n<p>&nbsp;<\/p>\n<div id=\"attachment_357302\" style=\"width: 470px\" class=\"wp-caption aligncenter\"><a href=\"http:\/\/www.diarioimagen.net\/?attachment_id=357302\" rel=\"attachment wp-att-357302\"><img loading=\"lazy\" decoding=\"async\" aria-describedby=\"caption-attachment-357302\" class=\"size-large wp-image-357302\" src=\"http:\/\/www.diarioimagen.net\/wp-content\/uploads\/2017\/12\/amlo-3273-460x259.jpg\" alt=\"\" width=\"460\" height=\"259\" srcset=\"https:\/\/www.diarioimagen.net\/wp-content\/uploads\/2017\/12\/amlo-3273-460x259.jpg 460w, https:\/\/www.diarioimagen.net\/wp-content\/uploads\/2017\/12\/amlo-3273-240x135.jpg 240w, https:\/\/www.diarioimagen.net\/wp-content\/uploads\/2017\/12\/amlo-3273-235x132.jpg 235w, https:\/\/www.diarioimagen.net\/wp-content\/uploads\/2017\/12\/amlo-3273-202x114.jpg 202w, https:\/\/www.diarioimagen.net\/wp-content\/uploads\/2017\/12\/amlo-3273-350x196.jpg 350w, https:\/\/www.diarioimagen.net\/wp-content\/uploads\/2017\/12\/amlo-3273-220x123.jpg 220w, https:\/\/www.diarioimagen.net\/wp-content\/uploads\/2017\/12\/amlo-3273-237x132.jpg 237w, https:\/\/www.diarioimagen.net\/wp-content\/uploads\/2017\/12\/amlo-3273.jpg 480w\" sizes=\"auto, (max-width: 460px) 100vw, 460px\" \/><\/a><p id=\"caption-attachment-357302\" class=\"wp-caption-text\">Andr\u00e9s Manuel L\u00f3pez Obrador present\u00f3 a parte de las personas que conformar\u00e1n su gabinete, en caso de ganar las elecciones el pr\u00f3ximo a\u00f1o.<\/p><\/div>\n<p>&nbsp;<\/p>\n<p>El precandidato a la Presidencia por la coalici\u00f3n Juntos Haremos Historia, Andr\u00e9s Manuel L\u00f3pez Obrador, inici\u00f3 su precampa\u00f1a en la Ciudad de M\u00e9xico con la presentaci\u00f3n de una parte de su gabinete, de ganar la elecci\u00f3n del pr\u00f3ximo a\u00f1o.<\/p>\n<p>El equipo que present\u00f3 est\u00e1 integrado por 8 mujeres y 8 hombres, entre ellos destaca la ex ministra Olga S\u00e1nchez Cordero, quien despach\u00f3 en la Suprema Corte de Justicia\u00a0 (SCJN) durante 20 a\u00f1os y que estar\u00eda al frente de la Secretar\u00eda de Gobernaci\u00f3n, que ser\u00eda la primera mujer en ocupar ese cargo.<\/p>\n<p>En la Secretar\u00eda de Hacienda propone a Carlos Manuel Urz\u00faa, investigador nacional del nivel tres desde 2004 y fungi\u00f3 como titular de Finanzas en el gobierno del Distrito Federal durante el periodo 2000-2003.<\/p>\n<p>En la Secretar\u00eda de Energ\u00eda estar\u00e1 Roc\u00edo Nahle Garc\u00eda, quien es ingeniera qu\u00edmica, con especialidad en petroqu\u00edmica, y es egresada de la Universidad de Zacatecas.<\/p>\n<p>V\u00edctor Villalobos estar\u00e1 encargado de la Secretar\u00eda de Agricultura. En 1976 obtuvo el grado de ingeniero agr\u00f3nomo en Chapingo. Ha sido subsecretario en Semarnat y en Sagarpa.<\/p>\n<p>La cartera de la Secretar\u00eda del Trabajo y Previsi\u00f3n Social la ocupar\u00eda Luisa Mar\u00eda Alcalde, quien ha participado en diversas publicaciones, entre las que destacan sobre el salario m\u00ednimo y el salario digno.<\/p>\n<p>En la Secretar\u00eda de Educaci\u00f3n P\u00fablica despachar\u00eda Esteban Moctezuma Barrag\u00e1n, quien es licenciado en Econom\u00eda y Derecho por la UNAM.<\/p>\n<p>Alejandra Frausto ocupar\u00eda la Secretar\u00eda de Cultura y Javier Jim\u00e9nez Espri\u00fa, quien fue fundador del Instituto Mexicano de Transportes y del Instituto Mexicano de Comunicaciones, ser\u00e1 el encargado de la Secretar\u00eda de Comunicaciones y Transportes.<\/p>\n<p>En la Secretar\u00eda de Medio Ambiente y Recursos Naturales estar\u00e1 Josefa Gonz\u00e1lez-Blanco Ortiz-Mena, egresada de la Escuela de Derecho de la Universidad An\u00e1huac. Graciela M\u00e1rquez Col\u00edn ser\u00eda la secretaria de Econom\u00eda, quien es profesora investigadora en El Colegio de M\u00e9xico y ha impartido clases en la UNAM y en el Instituto Tecnol\u00f3gico de Monterrey.<\/p>\n<p>Turismo estar\u00e1 destinada a Miguel Torruco, quien fue secretario del ramo en la Ciudad de M\u00e9xico. H\u00e9ctor Vasconcelos, ser\u00eda el titular de la Secretar\u00eda de Relaciones Exteriores.<\/p>\n<p>En la Secretar\u00eda de la Funci\u00f3n P\u00fablica, destinada al combate a la corrupci\u00f3n, estar\u00eda Irma Sandoval Ballesteros, quien ha hecho trabajos de investigaci\u00f3n acerca del tema en M\u00e9xico.<\/p>\n<p>El investigador em\u00e9rito y Premio Nacional de Ciencias en 2015, Jorge Alcocer Varela, encabezar\u00eda la Secretar\u00eda de Salud.<\/p>\n<p>En la Secretar\u00eda de Desarrollo Social estar\u00eda Mar\u00eda Luisa Albores Gonz\u00e1lez, originaria de Ocosingo, Chiapas, y egresada por la Universidad de Chapingo.<\/p>\n<p>Para la Sedatu propuso a Rom\u00e1n Guillermo Meyer Falc\u00f3n, hijo de Lorenzo Meyer y especialista en prevenci\u00f3n del delito y proyectos para mejorar espacios p\u00fablicos.<\/p>\n<p>\u201cSe trata de ocho mujeres y ocho hombres, caracterizados en su conjunto por su independencia de criterio, su alto nivel de preparaci\u00f3n, experiencia y su inobjetable honestidad\u201d, afirm\u00f3 el tabasque\u00f1o.<\/p>\n","protected":false},"excerpt":{"rendered":"<p>El precandidato a la Presidencia por la coalici\u00f3n Juntos Haremos Historia, Andr\u00e9s Manuel L\u00f3pez Obrador, inici\u00f3 su precampa\u00f1a en la Ciudad de M\u00e9xico con la presentaci\u00f3n de una parte de su gabinete, de ganar la elecci\u00f3n del pr\u00f3ximo a\u00f1o.<\/p>\n","protected":false},"author":5,"featured_media":357302,"comment_status":"open","ping_status":"open","sticky":false,"template":"","format":"standard","meta":{"_monsterinsights_skip_tracking":false,"_monsterinsights_sitenote_active":false,"_monsterinsights_sitenote_note":"","_monsterinsights_sitenote_category":0,"footnotes":""},"categories":[3],"tags":[2545,1352,204,68953,19988,9889,69000,43673,10638,16825,68952],"class_list":["post-357200","post","type-post","status-publish","format-standard","has-post-thumbnail","hentry","category-nacional","tag-amlo","tag-andres-manuel-lopez-obrador","tag-ciudad-de-mexico","tag-esteban-moctezuma-barragan","tag-gabinete","tag-gabinete-presidencial","tag-juntos-haremos-historia","tag-nacional","tag-olga-sanchez-cordero","tag-precandidato","tag-rocio-nahle-garcia"],"_links":{"self":[{"href":"https:\/\/www.diarioimagen.net\/index.php?rest_route=\/wp\/v2\/posts\/357200","targetHints":{"allow":["GET"]}}],"collection":[{"href":"https:\/\/www.diarioimagen.net\/index.php?rest_route=\/wp\/v2\/posts"}],"about":[{"href":"https:\/\/www.diarioimagen.net\/index.php?rest_route=\/wp\/v2\/types\/post"}],"author":[{"embeddable":true,"href":"https:\/\/www.diarioimagen.net\/index.php?rest_route=\/wp\/v2\/users\/5"}],"replies":[{"embeddable":true,"href":"https:\/\/www.diarioimagen.net\/index.php?rest_route=%2Fwp%2Fv2%2Fcomments&post=357200"}],"version-history":[{"count":0,"href":"https:\/\/www.diarioimagen.net\/index.php?rest_route=\/wp\/v2\/posts\/357200\/revisions"}],"wp:featuredmedia":[{"embeddable":true,"href":"https:\/\/www.diarioimagen.net\/index.php?rest_route=\/wp\/v2\/media\/357302"}],"wp:attachment":[{"href":"https:\/\/www.diarioimagen.net\/index.php?rest_route=%2Fwp%2Fv2%2Fmedia&parent=357200"}],"wp:term":[{"taxonomy":"category","embeddable":true,"href":"https:\/\/www.diarioimagen.net\/index.php?rest_route=%2Fwp%2Fv2%2Fcategories&post=357200"},{"taxonomy":"post_tag","embeddable":true,"href":"https:\/\/www.diarioimagen.net\/index.php?rest_route=%2Fwp%2Fv2%2Ftags&post=357200"}],"curies":[{"name":"wp","href":"https:\/\/api.w.org\/{rel}","templated":true}]}}