{"id":357204,"date":"2017-12-15T00:11:39","date_gmt":"2017-12-15T06:11:39","guid":{"rendered":"http:\/\/www.diarioimagen.net\/?p=357204"},"modified":"2017-12-17T23:22:16","modified_gmt":"2017-12-18T05:22:16","slug":"anaya-promete-precampana-austera-y-alegre","status":"publish","type":"post","link":"https:\/\/www.diarioimagen.net\/?p=357204","title":{"rendered":"Anaya pide a Meade comprar una chamarra"},"content":{"rendered":"<ul><span style=\"display: inline-block; width: 0px; overflow: hidden; line-height: 0;\" data-mce-type=\"bookmark\" class=\"mce_SELRES_start\">\ufeff<\/span><\/p>\n<li><em><b>Ante declaraciones sobre los frentes<\/b><\/em><\/li>\n<\/ul>\n<p>&nbsp;<\/p>\n<div id=\"attachment_357304\" style=\"width: 470px\" class=\"wp-caption aligncenter\"><a href=\"http:\/\/www.diarioimagen.net\/?attachment_id=357304\" rel=\"attachment wp-att-357304\"><img loading=\"lazy\" decoding=\"async\" aria-describedby=\"caption-attachment-357304\" class=\"size-large wp-image-357304\" src=\"http:\/\/www.diarioimagen.net\/wp-content\/uploads\/2017\/12\/anaya-3273-460x259.jpg\" alt=\"\" width=\"460\" height=\"259\" srcset=\"https:\/\/www.diarioimagen.net\/wp-content\/uploads\/2017\/12\/anaya-3273-460x259.jpg 460w, https:\/\/www.diarioimagen.net\/wp-content\/uploads\/2017\/12\/anaya-3273-240x135.jpg 240w, https:\/\/www.diarioimagen.net\/wp-content\/uploads\/2017\/12\/anaya-3273-235x132.jpg 235w, https:\/\/www.diarioimagen.net\/wp-content\/uploads\/2017\/12\/anaya-3273-202x114.jpg 202w, https:\/\/www.diarioimagen.net\/wp-content\/uploads\/2017\/12\/anaya-3273-350x196.jpg 350w, https:\/\/www.diarioimagen.net\/wp-content\/uploads\/2017\/12\/anaya-3273-220x123.jpg 220w, https:\/\/www.diarioimagen.net\/wp-content\/uploads\/2017\/12\/anaya-3273-237x132.jpg 237w, https:\/\/www.diarioimagen.net\/wp-content\/uploads\/2017\/12\/anaya-3273.jpg 480w\" sizes=\"auto, (max-width: 460px) 100vw, 460px\" \/><\/a><p id=\"caption-attachment-357304\" class=\"wp-caption-text\">Ricardo Anaya Cort\u00e9s ofreci\u00f3 una rueda de prensa en la plaza p\u00fablica de Amealco, en Quer\u00e9taro.<\/p><\/div>\n<p>&nbsp;<\/p>\n<p>El abanderado de la coalici\u00f3n PAN, PRD y Movimiento Ciudadano, Ricardo Anaya Cort\u00e9s, recomend\u00f3 a Jos\u00e9 Antonio Meade, precandidato del PRI, que se compre una buena chamarra y se prepare para las inclemencias del tiempo.<\/p>\n<p>\u201cYo de manera muy fraterna le recomendar\u00eda al precandidato del PRI, que se comprara una buena chamarra y que se prepare para las inclemencias porque la inmensa mayor\u00eda de los mexicanos no vamos a permitir que siga gobernando el PRI\u201d, se\u00f1al\u00f3 el aspirante de la coalici\u00f3n \u201cPor M\u00e9xico al Frente\u201d.<\/p>\n<p>Ayer por la ma\u00f1ana en Tuxtla Guti\u00e9rrez Chiapas, el precandidato del PRI dijo que no importa cu\u00e1ntos frentes haya porque no le dar\u00e1 fr\u00edo.<\/p>\n<p style=\"text-align: center;\"><b>Inicia proselitismo en Quer\u00e9taro<\/b><\/p>\n<p>Muy temprano, Anaya Cort\u00e9s arranc\u00f3 en Quer\u00e9taro sus actividades, donde se comprometi\u00f3 a hacer una campa\u00f1a austera y alegre, donde escuchar\u00e1 los problemas de la gente y a los empresarios.<\/p>\n<p>Se\u00f1al\u00f3 que hoy inician juntos el PAN, el PRD y Movimiento Ciudadano un recorrido por todo el pa\u00eds, para escuchar los problemas que enfrenta el pa\u00eds, \u201cvamos a hacer una campa\u00f1a alegre y audaz\u201d.<\/p>\n<p>\u201cNo son tiempos de despilfarros, ni para gastar cantidades millonarias en campa\u00f1as, vamos a hacer una campa\u00f1a sencilla de contacto con la gente\u201d, dijo. Refiri\u00f3 que los estados en los que hoy el PAN gobierna en coalici\u00f3n con el PRD crecen econ\u00f3micamente al doble que otros.<\/p>\n<p>En la plaza p\u00fablica de Amealco, el queretano habl\u00f3 con los medios de comunicaci\u00f3n en la que critic\u00f3 a Jos\u00e9 Antonio Meade y a Andr\u00e9s Manuel L\u00f3pez Obrador, los candidatos que postular\u00e1n el PRI, el Verde y el Panal, as\u00ed como Morena, Encuentro Social y PT, respectivamente.<\/p>\n<p>Asimismo, reiter\u00f3 que L\u00f3pez Obrador busca tener un Fiscal a modo.<\/p>\n<p>\u201cEn esta presentaci\u00f3n que hizo recientemente L\u00f3pez Obrador en el Auditorio Nacional, donde present\u00f3 su Proyecto de Naci\u00f3n, en la p\u00e1gina 71 propone un Fiscal carnal, propone volver a modificar el Art\u00edculo 102 constitucional para que sea nuevamente el Presidente de la Rep\u00fablica quien designe un Fiscal a modo\u201d, acus\u00f3. \u201cOtra vez una idea vieja que el PRI defendi\u00f3 durante d\u00e9cadas, pero sobre todo una idea que ha fracasado\u201d. Destac\u00f3 que a lo largo de su campa\u00f1a estar\u00e1 acompa\u00f1ado de los principales liderazgos del PRD y de Movimiento Ciudadano.<span style=\"display: inline-block; width: 0px; overflow: hidden; line-height: 0;\" data-mce-type=\"bookmark\" class=\"mce_SELRES_end\">\ufeff<\/span><\/p>\n","protected":false},"excerpt":{"rendered":"<p>El abanderado de la coalici\u00f3n PAN, PRD y Movimiento Ciudadano, Ricardo Anaya Cort\u00e9s, recomend\u00f3 a Jos\u00e9 Antonio Meade, precandidato del PRI, que se compre una buena chamarra y se prepare para las inclemencias del tiempo.<\/p>\n","protected":false},"author":5,"featured_media":357304,"comment_status":"open","ping_status":"open","sticky":false,"template":"","format":"standard","meta":{"_monsterinsights_skip_tracking":false,"_monsterinsights_sitenote_active":false,"_monsterinsights_sitenote_note":"","_monsterinsights_sitenote_category":0,"footnotes":""},"categories":[3],"tags":[52473,26429,20663,19957,91,68825,211,47,7347],"class_list":["post-357204","post","type-post","status-publish","format-standard","has-post-thumbnail","hentry","category-nacional","tag-encuentro-social","tag-jose-antonio-meade-kuribrena","tag-morena","tag-movimiento-ciudadano","tag-pan","tag-por-mexico-al-frente","tag-prd","tag-queretaro","tag-ricardo-anaya-cortes"],"_links":{"self":[{"href":"https:\/\/www.diarioimagen.net\/index.php?rest_route=\/wp\/v2\/posts\/357204","targetHints":{"allow":["GET"]}}],"collection":[{"href":"https:\/\/www.diarioimagen.net\/index.php?rest_route=\/wp\/v2\/posts"}],"about":[{"href":"https:\/\/www.diarioimagen.net\/index.php?rest_route=\/wp\/v2\/types\/post"}],"author":[{"embeddable":true,"href":"https:\/\/www.diarioimagen.net\/index.php?rest_route=\/wp\/v2\/users\/5"}],"replies":[{"embeddable":true,"href":"https:\/\/www.diarioimagen.net\/index.php?rest_route=%2Fwp%2Fv2%2Fcomments&post=357204"}],"version-history":[{"count":0,"href":"https:\/\/www.diarioimagen.net\/index.php?rest_route=\/wp\/v2\/posts\/357204\/revisions"}],"wp:featuredmedia":[{"embeddable":true,"href":"https:\/\/www.diarioimagen.net\/index.php?rest_route=\/wp\/v2\/media\/357304"}],"wp:attachment":[{"href":"https:\/\/www.diarioimagen.net\/index.php?rest_route=%2Fwp%2Fv2%2Fmedia&parent=357204"}],"wp:term":[{"taxonomy":"category","embeddable":true,"href":"https:\/\/www.diarioimagen.net\/index.php?rest_route=%2Fwp%2Fv2%2Fcategories&post=357204"},{"taxonomy":"post_tag","embeddable":true,"href":"https:\/\/www.diarioimagen.net\/index.php?rest_route=%2Fwp%2Fv2%2Ftags&post=357204"}],"curies":[{"name":"wp","href":"https:\/\/api.w.org\/{rel}","templated":true}]}}