{"id":357212,"date":"2017-12-15T00:06:20","date_gmt":"2017-12-15T06:06:20","guid":{"rendered":"http:\/\/www.diarioimagen.net\/?p=357212"},"modified":"2017-12-17T22:16:02","modified_gmt":"2017-12-18T04:16:02","slug":"ofrece-alfredo-del-mazo-compromiso-total-en-el-combate-a-la-corrupcion","status":"publish","type":"post","link":"https:\/\/www.diarioimagen.net\/?p=357212","title":{"rendered":"Del Mazo: compromiso total\u00a0en el combate a corrupci\u00f3n"},"content":{"rendered":"<ul>\n<li><em><strong>Apoyo al Tribunal de Justicia Administrativa<\/strong><\/em><\/li>\n<li><em><strong>Resoluci\u00f3n de conflictos entre la administraci\u00f3n p\u00fablica y los ciudadanos<\/strong><\/em><\/li>\n<\/ul>\n<p>&nbsp;<\/p>\n<div id=\"attachment_357317\" style=\"width: 470px\" class=\"wp-caption aligncenter\"><a href=\"http:\/\/www.diarioimagen.net\/?attachment_id=357317\" rel=\"attachment wp-att-357317\"><img loading=\"lazy\" decoding=\"async\" aria-describedby=\"caption-attachment-357317\" class=\"size-large wp-image-357317\" src=\"http:\/\/www.diarioimagen.net\/wp-content\/uploads\/2017\/12\/del-mazo-3273-460x259.jpg\" alt=\"\" width=\"460\" height=\"259\" srcset=\"https:\/\/www.diarioimagen.net\/wp-content\/uploads\/2017\/12\/del-mazo-3273-460x259.jpg 460w, https:\/\/www.diarioimagen.net\/wp-content\/uploads\/2017\/12\/del-mazo-3273-240x135.jpg 240w, https:\/\/www.diarioimagen.net\/wp-content\/uploads\/2017\/12\/del-mazo-3273-235x132.jpg 235w, https:\/\/www.diarioimagen.net\/wp-content\/uploads\/2017\/12\/del-mazo-3273-202x114.jpg 202w, https:\/\/www.diarioimagen.net\/wp-content\/uploads\/2017\/12\/del-mazo-3273-350x196.jpg 350w, https:\/\/www.diarioimagen.net\/wp-content\/uploads\/2017\/12\/del-mazo-3273-220x123.jpg 220w, https:\/\/www.diarioimagen.net\/wp-content\/uploads\/2017\/12\/del-mazo-3273-237x132.jpg 237w, https:\/\/www.diarioimagen.net\/wp-content\/uploads\/2017\/12\/del-mazo-3273.jpg 480w\" sizes=\"auto, (max-width: 460px) 100vw, 460px\" \/><\/a><p id=\"caption-attachment-357317\" class=\"wp-caption-text\">Alfredo Del Mazo Maza garantiz\u00f3 que su gobierno brindar\u00e1 su apoyo total al Tribunal de Justicia Administrativa, a efecto de optimizar el combate a la corrupci\u00f3n.<\/p><\/div>\n<p>&nbsp;<\/p>\n<p><strong>Toluca, Estado de M\u00e9xico.-<\/strong> El gobernador, Alfredo Del Mazo Maza, garantiz\u00f3 que la administraci\u00f3n mexiquense brindar\u00e1 su apoyo total al Tribunal de Justicia Administrativa, a efecto de optimizar el combate y la erradicaci\u00f3n de los actos de corrupci\u00f3n, cometidos por servidores p\u00fablicos o por particulares.<\/p>\n<p>Agreg\u00f3 que, producto de las atribuciones que este Tribunal obtuvo como parte de una reforma constitucional, se convierte en uno de los pilares fundamentales del Sistema Estatal y Municipal Anticorrupci\u00f3n, donde su participaci\u00f3n ser\u00e1 imprescindible para hacer frente a este problema.<\/p>\n<p>\u201cLa transparencia y la rendici\u00f3n de cuentas son unas de las demandas sociales m\u00e1s importantes de los mexiquenses. Tengo la certeza de que este Tribunal responder\u00e1 con firmeza y decisi\u00f3n al reto de combatir y erradicar el comportamiento inadecuado de los funcionarios p\u00fablicos en el Estado de M\u00e9xico.<\/p>\n<p>\u201cCuentan con mi total apoyo para llevar a cabo esta tarea, sin distinciones, y atender cada denuncia y cada caso con el mismo rigor y el mismo compromiso con la \u00e9tica p\u00fablica\u201d, sentenci\u00f3.<\/p>\n<p>Luego de escuchar el Informe de Actividades 2017, de la presidenta del Tribunal de Justicia Administrativa, Myrna Garc\u00eda Mor\u00f3n, e inaugurar junto con ella las nuevas instalaciones de este organismo, Del Mazo Maza refiri\u00f3 que al gozar de plena autonom\u00eda, este Tribunal tiene las facultades necesarias para sancionar las faltas graves de servidores p\u00fablicos y de particulares.<\/p>\n<p>El gobernador mexiquense destac\u00f3 el trabajo de este Tribunal, ya que es el primer garante de la resoluci\u00f3n de conflictos entre la administraci\u00f3n p\u00fablica y los ciudadanos, adem\u00e1s de contribuir a mejorar el Sistema de Justicia y el estado de Derecho.<\/p>\n<p>Mencion\u00f3 que, a 30 a\u00f1os de su creaci\u00f3n, este organismo ha consolidado la relaci\u00f3n entre el gobierno y la sociedad, para fortalecer la justicia y garantizar la rendici\u00f3n de cuentas.<\/p>\n<p>\u201cLos mexiquenses tenemos el compromiso inquebrantable de hacer del Estado de M\u00e9xico un estado justo, porque la injusticia es la ra\u00edz de toda desigualdad. La b\u00fasqueda de la justicia debe ser por la v\u00eda de la legalidad.<\/p>\n<p>Tambi\u00e9n acentu\u00f3 la creaci\u00f3n de los nuevos espacios y equipos tecnol\u00f3gicos para ofrecer a los ciudadanos un servicio m\u00e1s digno y eficiente, y subray\u00f3 que estas instalaciones requirieron una inversi\u00f3n superior a los 146 millones de pesos.<\/p>\n<p>El mandatario mexiquense hizo un recorrido por los nuevos espacios de este Tribunal, conformados por dos salas regionales, tres oficinas, cub\u00edculos y un lactario.<\/p>\n<p>En su informe, la magistrada presidenta del\u00a0 Tribunal de Justicia Administrativa,\u00a0 Myrna Garc\u00eda, destac\u00f3 que en 2017 se lograron atender a 11 mil 930 personas que buscaban orientaci\u00f3n o representaci\u00f3n jur\u00eddica, y que se promovieron 8 mil 30 juicios administrativos, a trav\u00e9s de sus siete salas regionales.<\/p>\n<p>De \u00e9stas, aclar\u00f3, 49 por ciento involucraron a instancias estatales y\u00a0 51 por ciento\u00a0 a municipales;\u00a0 un 78 por ciento se dio la raz\u00f3n a los actores, es decir, a particulares.<\/p>\n","protected":false},"excerpt":{"rendered":"<p>El gobernador, Alfredo Del Mazo Maza, garantiz\u00f3 que la administraci\u00f3n mexiquense brindar\u00e1 su apoyo total al Tribunal de Justicia Administrativa, a efecto de optimizar el combate y la erradicaci\u00f3n de los actos de corrupci\u00f3n, cometidos por servidores p\u00fablicos o por particulares.<\/p>\n","protected":false},"author":5,"featured_media":357317,"comment_status":"open","ping_status":"open","sticky":false,"template":"","format":"standard","meta":{"_monsterinsights_skip_tracking":false,"_monsterinsights_sitenote_active":false,"_monsterinsights_sitenote_note":"","_monsterinsights_sitenote_category":0,"footnotes":""},"categories":[5],"tags":[2505,43675,68960,452,68958],"class_list":["post-357212","post","type-post","status-publish","format-standard","has-post-thumbnail","hentry","category-estado-de-mexico","tag-alfredo-del-mazo-maza","tag-estado-de-mexico","tag-myrna-garcia-moron","tag-toluca","tag-tribunal-de-justicia-administrativa"],"_links":{"self":[{"href":"https:\/\/www.diarioimagen.net\/index.php?rest_route=\/wp\/v2\/posts\/357212","targetHints":{"allow":["GET"]}}],"collection":[{"href":"https:\/\/www.diarioimagen.net\/index.php?rest_route=\/wp\/v2\/posts"}],"about":[{"href":"https:\/\/www.diarioimagen.net\/index.php?rest_route=\/wp\/v2\/types\/post"}],"author":[{"embeddable":true,"href":"https:\/\/www.diarioimagen.net\/index.php?rest_route=\/wp\/v2\/users\/5"}],"replies":[{"embeddable":true,"href":"https:\/\/www.diarioimagen.net\/index.php?rest_route=%2Fwp%2Fv2%2Fcomments&post=357212"}],"version-history":[{"count":0,"href":"https:\/\/www.diarioimagen.net\/index.php?rest_route=\/wp\/v2\/posts\/357212\/revisions"}],"wp:featuredmedia":[{"embeddable":true,"href":"https:\/\/www.diarioimagen.net\/index.php?rest_route=\/wp\/v2\/media\/357317"}],"wp:attachment":[{"href":"https:\/\/www.diarioimagen.net\/index.php?rest_route=%2Fwp%2Fv2%2Fmedia&parent=357212"}],"wp:term":[{"taxonomy":"category","embeddable":true,"href":"https:\/\/www.diarioimagen.net\/index.php?rest_route=%2Fwp%2Fv2%2Fcategories&post=357212"},{"taxonomy":"post_tag","embeddable":true,"href":"https:\/\/www.diarioimagen.net\/index.php?rest_route=%2Fwp%2Fv2%2Ftags&post=357212"}],"curies":[{"name":"wp","href":"https:\/\/api.w.org\/{rel}","templated":true}]}}