{"id":357312,"date":"2017-12-15T00:09:40","date_gmt":"2017-12-15T06:09:40","guid":{"rendered":"http:\/\/www.diarioimagen.net\/?p=357312"},"modified":"2017-12-14T23:58:36","modified_gmt":"2017-12-15T05:58:36","slug":"rescatan-a-29-migrantes-abandonados-en-un-trailer","status":"publish","type":"post","link":"https:\/\/www.diarioimagen.net\/?p=357312","title":{"rendered":"Rescatan a\u00a029 migrantes\u00a0abandonados\u00a0en un tr\u00e1iler"},"content":{"rendered":"<ul>\n<li><em><b>V\u00eda Puebla-Veracruz<\/b><\/em><\/li>\n<\/ul>\n<p>&nbsp;<\/p>\n<div id=\"attachment_357313\" style=\"width: 470px\" class=\"wp-caption aligncenter\"><a href=\"http:\/\/www.diarioimagen.net\/?attachment_id=357313\" rel=\"attachment wp-att-357313\"><img loading=\"lazy\" decoding=\"async\" aria-describedby=\"caption-attachment-357313\" class=\"size-large wp-image-357313\" src=\"http:\/\/www.diarioimagen.net\/wp-content\/uploads\/2017\/12\/migrantes-3273-460x259.jpg\" alt=\"\" width=\"460\" height=\"259\" srcset=\"https:\/\/www.diarioimagen.net\/wp-content\/uploads\/2017\/12\/migrantes-3273-460x259.jpg 460w, https:\/\/www.diarioimagen.net\/wp-content\/uploads\/2017\/12\/migrantes-3273-240x135.jpg 240w, https:\/\/www.diarioimagen.net\/wp-content\/uploads\/2017\/12\/migrantes-3273-235x132.jpg 235w, https:\/\/www.diarioimagen.net\/wp-content\/uploads\/2017\/12\/migrantes-3273-202x114.jpg 202w, https:\/\/www.diarioimagen.net\/wp-content\/uploads\/2017\/12\/migrantes-3273-350x196.jpg 350w, https:\/\/www.diarioimagen.net\/wp-content\/uploads\/2017\/12\/migrantes-3273-220x123.jpg 220w, https:\/\/www.diarioimagen.net\/wp-content\/uploads\/2017\/12\/migrantes-3273-237x132.jpg 237w, https:\/\/www.diarioimagen.net\/wp-content\/uploads\/2017\/12\/migrantes-3273.jpg 480w\" sizes=\"auto, (max-width: 460px) 100vw, 460px\" \/><\/a><p id=\"caption-attachment-357313\" class=\"wp-caption-text\">Elementos de la Polic\u00eda Federal rescataron a 11 hombres, 6 mujeres y 12 menores.<\/p><\/div>\n<p>&nbsp;<\/p>\n<p>Elementos de la Polic\u00eda Federal rescataron a 29 indocumentados que fueron abandonados en el interior de un tractocami\u00f3n en la autopista Puebla-Veracruz.<\/p>\n<p>Seg\u00fan el reporte, los uniformados se acercaron a realizar una inspecci\u00f3n al veh\u00edculo marca Freightliner de color blanco, con placas 36A G5B del Servicio P\u00fablico Federal, el cual se encontraba acoplado a una caja refrigerante.<\/p>\n<p>En ese momento los agentes escucharon gritos de auxilio y golpes al interior de la unidad que se encontraba abandonada a la altura del kil\u00f3metro 220 de la v\u00eda federal y al abrirla rescataron a 11 hombres, 6 mujeres y 12 menores de edad, de origen centroamericano.<\/p>\n<p>De acuerdo con el reporte de la Polic\u00eda Federal, los indocumentados corr\u00edan el riesgo de morir asfixiados al interior de la unidad que fue abandonada cerca de una gasolinera.<\/p>\n<p>Te\u00f3filo Guti\u00e9rrez Z\u00fa\u00f1iga, comisario de la PF, inform\u00f3 que algunas de las personas rescatadas estaban desmayadas, por lo que se solicit\u00f3 apoyo a param\u00e9dicos de Caminos y Puentes Federales (Capufe).<\/p>\n<p>Los migrantes dijeron ser originarias de Honduras, El Salvador y Guatemala y fueron canalizados al Instituto Nacional de Migraci\u00f3n (INM) para que se revise su estatus migratorio.<\/p>\n","protected":false},"excerpt":{"rendered":"<p>Elementos de la Polic\u00eda Federal rescataron a 29 indocumentados que fueron abandonados en el interior de un tractocami\u00f3n en la autopista Puebla-Veracruz.<\/p>\n","protected":false},"author":1,"featured_media":357313,"comment_status":"open","ping_status":"open","sticky":false,"template":"","format":"standard","meta":{"_monsterinsights_skip_tracking":false,"_monsterinsights_sitenote_active":false,"_monsterinsights_sitenote_note":"","_monsterinsights_sitenote_category":0,"footnotes":""},"categories":[3],"tags":[10383,43673,1350,43677],"class_list":["post-357312","post","type-post","status-publish","format-standard","has-post-thumbnail","hentry","category-nacional","tag-migrantes","tag-nacional","tag-policia-federal","tag-seguridad"],"_links":{"self":[{"href":"https:\/\/www.diarioimagen.net\/index.php?rest_route=\/wp\/v2\/posts\/357312","targetHints":{"allow":["GET"]}}],"collection":[{"href":"https:\/\/www.diarioimagen.net\/index.php?rest_route=\/wp\/v2\/posts"}],"about":[{"href":"https:\/\/www.diarioimagen.net\/index.php?rest_route=\/wp\/v2\/types\/post"}],"author":[{"embeddable":true,"href":"https:\/\/www.diarioimagen.net\/index.php?rest_route=\/wp\/v2\/users\/1"}],"replies":[{"embeddable":true,"href":"https:\/\/www.diarioimagen.net\/index.php?rest_route=%2Fwp%2Fv2%2Fcomments&post=357312"}],"version-history":[{"count":0,"href":"https:\/\/www.diarioimagen.net\/index.php?rest_route=\/wp\/v2\/posts\/357312\/revisions"}],"wp:featuredmedia":[{"embeddable":true,"href":"https:\/\/www.diarioimagen.net\/index.php?rest_route=\/wp\/v2\/media\/357313"}],"wp:attachment":[{"href":"https:\/\/www.diarioimagen.net\/index.php?rest_route=%2Fwp%2Fv2%2Fmedia&parent=357312"}],"wp:term":[{"taxonomy":"category","embeddable":true,"href":"https:\/\/www.diarioimagen.net\/index.php?rest_route=%2Fwp%2Fv2%2Fcategories&post=357312"},{"taxonomy":"post_tag","embeddable":true,"href":"https:\/\/www.diarioimagen.net\/index.php?rest_route=%2Fwp%2Fv2%2Ftags&post=357312"}],"curies":[{"name":"wp","href":"https:\/\/api.w.org\/{rel}","templated":true}]}}