{"id":357540,"date":"2017-12-19T00:09:32","date_gmt":"2017-12-19T06:09:32","guid":{"rendered":"http:\/\/www.diarioimagen.net\/?p=357540"},"modified":"2017-12-19T23:07:08","modified_gmt":"2017-12-20T05:07:08","slug":"prorroga-para-verificacion-vehicular-hasta-julio-de-2018","status":"publish","type":"post","link":"https:\/\/www.diarioimagen.net\/?p=357540","title":{"rendered":"Suspenden verificaci\u00f3n\u00a0vehicular por seis meses"},"content":{"rendered":"<ul>\n<li><strong><em>Instalaci\u00f3n de nuevos equipos en CDMX<\/em><\/strong><\/li>\n<li><strong><em>Vigentes, las constancias otorgadas en el segundo semestre<\/em><\/strong><\/li>\n<\/ul>\n<h6>Jos\u00e9 Luis Monta\u00f1ez<\/h6>\n<p>&nbsp;<\/p>\n<div id=\"attachment_357612\" style=\"width: 470px\" class=\"wp-caption aligncenter\"><a href=\"http:\/\/www.diarioimagen.net\/?attachment_id=357612\" rel=\"attachment wp-att-357612\"><img loading=\"lazy\" decoding=\"async\" aria-describedby=\"caption-attachment-357612\" class=\"size-large wp-image-357612\" src=\"http:\/\/www.diarioimagen.net\/wp-content\/uploads\/2017\/12\/verificentro-3275-460x259.jpg\" alt=\"\" width=\"460\" height=\"259\" srcset=\"https:\/\/www.diarioimagen.net\/wp-content\/uploads\/2017\/12\/verificentro-3275-460x259.jpg 460w, https:\/\/www.diarioimagen.net\/wp-content\/uploads\/2017\/12\/verificentro-3275-240x135.jpg 240w, https:\/\/www.diarioimagen.net\/wp-content\/uploads\/2017\/12\/verificentro-3275-235x132.jpg 235w, https:\/\/www.diarioimagen.net\/wp-content\/uploads\/2017\/12\/verificentro-3275-202x114.jpg 202w, https:\/\/www.diarioimagen.net\/wp-content\/uploads\/2017\/12\/verificentro-3275-350x196.jpg 350w, https:\/\/www.diarioimagen.net\/wp-content\/uploads\/2017\/12\/verificentro-3275-220x123.jpg 220w, https:\/\/www.diarioimagen.net\/wp-content\/uploads\/2017\/12\/verificentro-3275-237x132.jpg 237w, https:\/\/www.diarioimagen.net\/wp-content\/uploads\/2017\/12\/verificentro-3275.jpg 480w\" sizes=\"auto, (max-width: 460px) 100vw, 460px\" \/><\/a><p id=\"caption-attachment-357612\" class=\"wp-caption-text\">En el primer semestre de 2018 no habr\u00e1 verificaci\u00f3n vehicular en la Ciudad de M\u00e9xico, por instalaci\u00f3n de nuevos equipos.<\/p><\/div>\n<p>&nbsp;<\/p>\n<p>La Secretar\u00eda del Medio Ambiente de la Ciudad de M\u00e9xico (Sedema) inform\u00f3 que los veh\u00edculos en la capital verificar\u00e1n a partir del 1 julio de 2018, luego de que el gobierno local diera una pr\u00f3rroga a la vigencia de hologramas debido a que los 55 nuevos verificentros autorizados estar\u00e1n equipados hasta el primer semestre del pr\u00f3ximo a\u00f1o.<\/p>\n<p>De acuerdo con la <em>Gaceta Oficial de la Ciudad de M\u00e9xico<\/em>, las autoridades capitalinas reconocer\u00e1n la vigencia de las Constancias de Verificaci\u00f3n Vehicular tipo 0, 1 y 2 otorgadas durante el Programa de Verificaci\u00f3n Vehicular Obligatoria del Segundo Semestre de 2017, \u201cpor \u00fanica ocasi\u00f3n, para el Primer Semestre de 2018\u201d.<\/p>\n<p>La medida, exclusiva para autos con placas de la capital del pa\u00eds, entrar\u00e1 en vigor el 1 de enero y concluir\u00e1 el 30 de junio del 2018.<\/p>\n<p>Seg\u00fan los criterios aplicados por el gobierno de la Ciudad de M\u00e9xico, \u201clos equipos de los 55 Centros de Verificaci\u00f3n Vehicular autorizados el 12 de mayo de 2017 ser\u00e1n instalados en el primer semestre de 2018, mejorando y ampliando la infraestructura de equipos de verificaci\u00f3n vehicular de acuerdo con los avances cient\u00edficos y tecnol\u00f3gicos, as\u00ed como la excelencia en el servicio, el an\u00e1lisis integral de contaminantes, y la nueva regulaci\u00f3n y normatividad vigente\u201d.<\/p>\n<p>La pr\u00f3rroga tambi\u00e9n aplicar\u00e1 para las calcoman\u00edas 00 con vencimiento durante el primer semestre de 2018, cuyos propietarios podr\u00e1n verificar en el segundo semestre.<\/p>\n<p>Tanya M\u00fcller Garc\u00eda, titular de la Sedema y quien firma el decreto, indic\u00f3 que los propietarios de veh\u00edculos que no cuenten con las constancias de verificaci\u00f3n deber\u00e1n ingresar a la p\u00e1gina: http:\/\/verificentros.sedema.cdmx.gob.mx para obtenerla y ah\u00ed les indicar\u00e1 a las restricciones a las que deber\u00e1 sujetarse de acuerdo con el programa Hoy No Circula o en caso de contingencia ambiental.<\/p>\n<p>Las personas que no hayan realizado la verificaci\u00f3n durante el segundo semestre de 2017, deber\u00e1 pagar la multa correspondiente, de 20 unidades de medida, y despu\u00e9s ingresar al portal con los datos que ah\u00ed le requieren para obtener la constancia provisional y poder mostrarla a las autoridades para evitar sanciones administrativas.<\/p>\n","protected":false},"excerpt":{"rendered":"<p><span style=\"color: #005497;\">Jos\u00e9 Luis Monta\u00f1ez<\/span><br \/>\n<br \/>\nLa Secretar\u00eda del Medio Ambiente de la Ciudad de M\u00e9xico (Sedema) inform\u00f3 que los veh\u00edculos en la capital verificar\u00e1n a partir del 1 julio de 2018, luego de que el gobierno local diera una pr\u00f3rroga a la vigencia de hologramas debido a que los 55 nuevos verificentros autorizados estar\u00e1n equipados hasta el primer semestre del pr\u00f3ximo a\u00f1o.<\/p>\n","protected":false},"author":5,"featured_media":357612,"comment_status":"open","ping_status":"open","sticky":false,"template":"","format":"standard","meta":{"_monsterinsights_skip_tracking":false,"_monsterinsights_sitenote_active":false,"_monsterinsights_sitenote_note":"","_monsterinsights_sitenote_category":0,"footnotes":""},"categories":[6],"tags":[34444,69080,25789,49394],"class_list":["post-357540","post","type-post","status-publish","format-standard","has-post-thumbnail","hentry","category-cd-de-mexico","tag-cdmx","tag-secretaria-del-medio-ambiente-de-la-ciudad-de-mexico","tag-tanya-muller-garcia","tag-verificentros"],"_links":{"self":[{"href":"https:\/\/www.diarioimagen.net\/index.php?rest_route=\/wp\/v2\/posts\/357540","targetHints":{"allow":["GET"]}}],"collection":[{"href":"https:\/\/www.diarioimagen.net\/index.php?rest_route=\/wp\/v2\/posts"}],"about":[{"href":"https:\/\/www.diarioimagen.net\/index.php?rest_route=\/wp\/v2\/types\/post"}],"author":[{"embeddable":true,"href":"https:\/\/www.diarioimagen.net\/index.php?rest_route=\/wp\/v2\/users\/5"}],"replies":[{"embeddable":true,"href":"https:\/\/www.diarioimagen.net\/index.php?rest_route=%2Fwp%2Fv2%2Fcomments&post=357540"}],"version-history":[{"count":0,"href":"https:\/\/www.diarioimagen.net\/index.php?rest_route=\/wp\/v2\/posts\/357540\/revisions"}],"wp:featuredmedia":[{"embeddable":true,"href":"https:\/\/www.diarioimagen.net\/index.php?rest_route=\/wp\/v2\/media\/357612"}],"wp:attachment":[{"href":"https:\/\/www.diarioimagen.net\/index.php?rest_route=%2Fwp%2Fv2%2Fmedia&parent=357540"}],"wp:term":[{"taxonomy":"category","embeddable":true,"href":"https:\/\/www.diarioimagen.net\/index.php?rest_route=%2Fwp%2Fv2%2Fcategories&post=357540"},{"taxonomy":"post_tag","embeddable":true,"href":"https:\/\/www.diarioimagen.net\/index.php?rest_route=%2Fwp%2Fv2%2Ftags&post=357540"}],"curies":[{"name":"wp","href":"https:\/\/api.w.org\/{rel}","templated":true}]}}