{"id":357645,"date":"2017-12-19T00:08:00","date_gmt":"2017-12-19T06:08:00","guid":{"rendered":"http:\/\/www.diarioimagen.net\/?p=357645"},"modified":"2017-12-19T23:07:00","modified_gmt":"2017-12-20T05:07:00","slug":"epn-zonas-economicas-detonaran-el-desarrollo","status":"publish","type":"post","link":"https:\/\/www.diarioimagen.net\/?p=357645","title":{"rendered":"EPN: zonas econ\u00f3micas\u00a0detonar\u00e1n el desarrollo"},"content":{"rendered":"<ul>\n<li><strong><em>En la regi\u00f3n sur-sureste<\/em><\/strong><\/li>\n<li><strong><em>Creaci\u00f3n de ZEE de Salina Cruz, Oaxaca, y Progreso, Yucat\u00e1n<\/em><\/strong><\/li>\n<\/ul>\n<p>&nbsp;<\/p>\n<div id=\"attachment_357646\" style=\"width: 470px\" class=\"wp-caption aligncenter\"><a href=\"http:\/\/www.diarioimagen.net\/?attachment_id=357646\" rel=\"attachment wp-att-357646\"><img loading=\"lazy\" decoding=\"async\" aria-describedby=\"caption-attachment-357646\" class=\"size-large wp-image-357646\" src=\"http:\/\/www.diarioimagen.net\/wp-content\/uploads\/2017\/12\/epn-3275-460x259.jpg\" alt=\"\" width=\"460\" height=\"259\" srcset=\"https:\/\/www.diarioimagen.net\/wp-content\/uploads\/2017\/12\/epn-3275-460x259.jpg 460w, https:\/\/www.diarioimagen.net\/wp-content\/uploads\/2017\/12\/epn-3275-240x135.jpg 240w, https:\/\/www.diarioimagen.net\/wp-content\/uploads\/2017\/12\/epn-3275-235x132.jpg 235w, https:\/\/www.diarioimagen.net\/wp-content\/uploads\/2017\/12\/epn-3275-202x114.jpg 202w, https:\/\/www.diarioimagen.net\/wp-content\/uploads\/2017\/12\/epn-3275-350x196.jpg 350w, https:\/\/www.diarioimagen.net\/wp-content\/uploads\/2017\/12\/epn-3275-220x123.jpg 220w, https:\/\/www.diarioimagen.net\/wp-content\/uploads\/2017\/12\/epn-3275-237x132.jpg 237w, https:\/\/www.diarioimagen.net\/wp-content\/uploads\/2017\/12\/epn-3275.jpg 480w\" sizes=\"auto, (max-width: 460px) 100vw, 460px\" \/><\/a><p id=\"caption-attachment-357646\" class=\"wp-caption-text\">El presidente Enrique Pe\u00f1a Nieto emiti\u00f3 el Decreto para la creaci\u00f3n de las ZEE de Salina Cruz, Oaxaca, y Progreso, Yucat\u00e1n.<\/p><\/div>\n<p>&nbsp;<\/p>\n<p>Las Zonas Econ\u00f3micas Especiales (ZEE) es un proyecto importante para el sur-sureste del pa\u00eds, pues impulsar\u00e1 la transformaci\u00f3n de regiones que teniendo un gran potencial de desarrollo se han quedado rezagadas, asever\u00f3 el presidente Enrique Pe\u00f1a Nieto.<\/p>\n<p>Al emitir el Decreto para la creaci\u00f3n de las ZEE de Salina Cruz, Oaxaca, y Progreso, Yucat\u00e1n, destac\u00f3 que a la fecha, con la definici\u00f3n de cinco de esos pol\u00edgonos, ya se han comprometido inversiones por m\u00e1s de 6 mil 200 millones de d\u00f3lares, que se est\u00e1n materializando por distintas empresas.<\/p>\n<p>El mandatario destac\u00f3 que este proyecto prev\u00e9 la creaci\u00f3n de al menos siete ZEE, que en los pr\u00f3ximos 10 o 15 a\u00f1os atraer\u00e1n inversiones del orden de 36 mil millones de d\u00f3lares, lo que equivale a 700 mil millones de pesos, que representa una sexta parte del presupuesto total del Estado en 2017.<\/p>\n<p>Acompa\u00f1ado por los gobernadores de Oaxaca, Alejandro Murat, y de Yucat\u00e1n, Rolando Zapata Bello, as\u00ed como titular de la Autoridad Federal para el Desarrollo de las ZEE, Gerardo Guti\u00e9rrez Candiani, enfatiz\u00f3 que estas zonas atraer\u00e1n desarrollo y empleos mejor remunerados.<\/p>\n<p>Subray\u00f3 que las ZEE no son \u201cuna soluci\u00f3n m\u00e1gica, no es la panacea\u201d, pero que con el tiempo se van a ir viendo los efectos de esta declaratoria, lo que tomar\u00e1 varios a\u00f1os, pero que se est\u00e1 sembrando desarrollo, acompa\u00f1ado de inversiones comprometidas por empresas de distintos lugares del mundo.<\/p>\n<p>Ante empresarios y miembros de su gabinete, el Ejecutivo federal apunt\u00f3 que sin ese mecanismo no habr\u00eda otro asidero para el desarrollo de la regi\u00f3n sur-sureste, que se complementa con otros mecanismos de impulso, como la conectividad, el desarrollo de infraestructura y la implementaci\u00f3n de las reformas estructurales.<\/p>\n<p>Afirm\u00f3 que \u201cM\u00e9xico vive distintas realidades\u201d; en el centro, occidente y norte del pa\u00eds se ha tenido un mejor desarrollo, y en otras partes del sur-sureste se han rezagado, por lo que era de especial importancia definir un pol\u00edgono en el que se generen condiciones espec\u00edficas para atraer inversiones, para crear polos atractivos a la inversi\u00f3n que puedan generar empleos y oportunidades para la poblaci\u00f3n.<\/p>\n<p>Pe\u00f1a Nieto sostuvo que a cinco a\u00f1os de su administraci\u00f3n se han ido cumpliendo los compromisos que adquiri\u00f3 desde su campa\u00f1a y que \u201cser\u00e1n muy pocos los compromisos que no alcancemos materializar; 97 por ciento de los compromisos que firm\u00e9 habr\u00e1n de cumplirse a lo largo de 2018\u201d.<\/p>\n<p>En otro tema, enfatiz\u00f3 que en Oaxaca se ha entregado 95 por ciento de tarjetas de apoyo para las familias afectadas por los sismos de septiembre, y que el resto que a\u00fan no se ha otorgado es porque no se ha encontrado a los beneficiarios en sus domicilios.<\/p>\n<p>El primer mandatario indic\u00f3 que el reto que dej\u00f3 el fen\u00f3meno natural es la reconstrucci\u00f3n de 27 mil 500 casas, pero subray\u00f3 a los habitantes de Oaxaca que \u201cno han estado solos, seguimos aqu\u00ed cerca de ustedes, no dejar\u00e9 de visitar esta entidad\u201d.<\/p>\n","protected":false},"excerpt":{"rendered":"<p>Las Zonas Econ\u00f3micas Especiales (ZEE) es un proyecto importante para el sur-sureste del pa\u00eds, pues impulsar\u00e1 la transformaci\u00f3n de regiones que teniendo un gran potencial de desarrollo se han quedado rezagadas, asever\u00f3 el presidente Enrique Pe\u00f1a Nieto.<\/p>\n","protected":false},"author":1,"featured_media":357646,"comment_status":"open","ping_status":"open","sticky":false,"template":"","format":"standard","meta":{"_monsterinsights_skip_tracking":false,"_monsterinsights_sitenote_active":false,"_monsterinsights_sitenote_note":"","_monsterinsights_sitenote_category":0,"footnotes":""},"categories":[3],"tags":[69090,18,43673,69088],"class_list":["post-357645","post","type-post","status-publish","format-standard","has-post-thumbnail","hentry","category-nacional","tag-detonaran","tag-enrique-pena-nieto","tag-nacional","tag-zonas-economicas-especiales"],"_links":{"self":[{"href":"https:\/\/www.diarioimagen.net\/index.php?rest_route=\/wp\/v2\/posts\/357645","targetHints":{"allow":["GET"]}}],"collection":[{"href":"https:\/\/www.diarioimagen.net\/index.php?rest_route=\/wp\/v2\/posts"}],"about":[{"href":"https:\/\/www.diarioimagen.net\/index.php?rest_route=\/wp\/v2\/types\/post"}],"author":[{"embeddable":true,"href":"https:\/\/www.diarioimagen.net\/index.php?rest_route=\/wp\/v2\/users\/1"}],"replies":[{"embeddable":true,"href":"https:\/\/www.diarioimagen.net\/index.php?rest_route=%2Fwp%2Fv2%2Fcomments&post=357645"}],"version-history":[{"count":0,"href":"https:\/\/www.diarioimagen.net\/index.php?rest_route=\/wp\/v2\/posts\/357645\/revisions"}],"wp:featuredmedia":[{"embeddable":true,"href":"https:\/\/www.diarioimagen.net\/index.php?rest_route=\/wp\/v2\/media\/357646"}],"wp:attachment":[{"href":"https:\/\/www.diarioimagen.net\/index.php?rest_route=%2Fwp%2Fv2%2Fmedia&parent=357645"}],"wp:term":[{"taxonomy":"category","embeddable":true,"href":"https:\/\/www.diarioimagen.net\/index.php?rest_route=%2Fwp%2Fv2%2Fcategories&post=357645"},{"taxonomy":"post_tag","embeddable":true,"href":"https:\/\/www.diarioimagen.net\/index.php?rest_route=%2Fwp%2Fv2%2Ftags&post=357645"}],"curies":[{"name":"wp","href":"https:\/\/api.w.org\/{rel}","templated":true}]}}