{"id":357806,"date":"2017-12-20T00:10:39","date_gmt":"2017-12-20T06:10:39","guid":{"rendered":"http:\/\/www.diarioimagen.net\/?p=357806"},"modified":"2017-12-20T01:53:16","modified_gmt":"2017-12-20T07:53:16","slug":"aniversario-luctuoso-del-ex-gobernador-del-mazo-velez","status":"publish","type":"post","link":"https:\/\/www.diarioimagen.net\/?p=357806","title":{"rendered":"Aniversario luctuoso del ex gobernador Del Mazo V\u00e9lez"},"content":{"rendered":"<h2>Arco Norte<\/h2>\n<h5>Jos\u00e9 Luis Monta\u00f1ez Aguilar<\/h5>\n<p>&nbsp;<\/p>\n<p>Al igual que en el pasado, el Estado de M\u00e9xico se encuentra en las mejores manos, pues el gobernador Alfredo Del Mazo tiene la preparaci\u00f3n, el car\u00e1cter, el temple y la disciplina necesaria para dirigir a los mexiquenses a un futuro de m\u00e1s oportunidades, consider\u00f3 la secretaria de Desarrollo Econ\u00f3mico, Alejandra Del Moral.<\/p>\n<p>Al dirigir el mensaje oficial de la ceremonia conmemorativa por el 42 aniversario luctuoso del ex gobernador mexiquense, Alfredo Del Mazo V\u00e9lez, la titular de la Sedeco afirm\u00f3 que la importancia de la entidad en el pa\u00eds no es obra de la suerte ni de la casualidad, sino de un trabajo y herencia pol\u00edtica que ha privilegiado la modernizaci\u00f3n y el desarrollo de la sociedad mexiquense.<\/p>\n<p>Del Moral destac\u00f3 que, producto del gran vigor econ\u00f3mico con el que cuenta, el Estado de M\u00e9xico es uno de los polos de desarrollo m\u00e1s importantes del pa\u00eds, lo cual, dijo, fue la visi\u00f3n del exmandatario estatal y que es replicada por el actual gobernador Del Mazo Maza.<\/p>\n<p style=\"text-align: center;\"><strong>Llegan esferas gigantes a Paseo Col\u00f3n<\/strong><\/p>\n<p><a href=\"http:\/\/www.diarioimagen.net\/?attachment_id=357929\" rel=\"attachment wp-att-357929\"><img loading=\"lazy\" decoding=\"async\" class=\"aligncenter size-large wp-image-357929\" src=\"http:\/\/www.diarioimagen.net\/wp-content\/uploads\/2017\/12\/arco-3276-460x259.jpg\" alt=\"\" width=\"460\" height=\"259\" srcset=\"https:\/\/www.diarioimagen.net\/wp-content\/uploads\/2017\/12\/arco-3276-460x259.jpg 460w, https:\/\/www.diarioimagen.net\/wp-content\/uploads\/2017\/12\/arco-3276-240x135.jpg 240w, https:\/\/www.diarioimagen.net\/wp-content\/uploads\/2017\/12\/arco-3276-235x132.jpg 235w, https:\/\/www.diarioimagen.net\/wp-content\/uploads\/2017\/12\/arco-3276-202x114.jpg 202w, https:\/\/www.diarioimagen.net\/wp-content\/uploads\/2017\/12\/arco-3276-350x196.jpg 350w, https:\/\/www.diarioimagen.net\/wp-content\/uploads\/2017\/12\/arco-3276-220x123.jpg 220w, https:\/\/www.diarioimagen.net\/wp-content\/uploads\/2017\/12\/arco-3276-237x132.jpg 237w, https:\/\/www.diarioimagen.net\/wp-content\/uploads\/2017\/12\/arco-3276.jpg 480w\" sizes=\"auto, (max-width: 460px) 100vw, 460px\" \/><\/a><\/p>\n<p>La emblem\u00e1tica avenida mexiquense de Paseo Col\u00f3n fue decorada con 53 esferas gigantes elaboradas artesanalmente por adultos mayores, y permanecer\u00e1n ah\u00ed para el disfrute de los paseantes hasta el 30 de diciembre.<\/p>\n<p>Este montaje, que representa tradiciones e identidad de los municipios mexiquenses, forma parte de las actividades que el DIF del Estado de M\u00e9xico (DIFEM) realiza para preservar las tradiciones navide\u00f1as y promover la convivencia arm\u00f3nica. Fernanda Castillo de Del Mazo, presidenta honoraria del DIFEM, se\u00f1al\u00f3 que a trav\u00e9s de esta exposici\u00f3n, la poblaci\u00f3n mexiquense y turistas que visitan la entidad, podr\u00e1n admirar el trabajo contenido en cada esfera, hechas con materiales producidos en la entidad o reciclados, como cart\u00f3n, pl\u00e1stico, list\u00f3n, envolturas de dulce, paja, hojas de ma\u00edz, madera, ramas, list\u00f3n y tela, entre otros.<\/p>\n<p>\u201cCada una de estas esferas representa el trabajo en unidad y el valor en equipo, es por eso que las vamos a exhibir en temporada decembrina en Paseo Col\u00f3n para que los mexiquenses puedan apreciar la labor y el esfuerzo que hay detr\u00e1s ellas\u201d, expres\u00f3.<\/p>\n<p><em><a href=\"mailto:montanezaguilar@gmail.com\" target=\"_blank\" rel=\"noopener noreferrer\">montanezaguilar@gmail.com<\/a><\/em><\/p>\n","protected":false},"excerpt":{"rendered":"<p><span style=\"color: #005497;\">Jos\u00e9 Luis Monta\u00f1ez Aguilar<\/span><br \/>\n<br \/>\nAl igual que en el pasado, el Estado de M\u00e9xico se encuentra en las mejores manos, pues el gobernador Alfredo Del Mazo tiene la preparaci\u00f3n, el car\u00e1cter, el temple y la disciplina necesaria para dirigir a los mexiquenses a un futuro de m\u00e1s oportunidades, consider\u00f3 la secretaria de Desarrollo Econ\u00f3mico, Alejandra Del Moral.<\/p>\n","protected":false},"author":3,"featured_media":357929,"comment_status":"open","ping_status":"open","sticky":false,"template":"","format":"standard","meta":{"_monsterinsights_skip_tracking":false,"_monsterinsights_sitenote_active":false,"_monsterinsights_sitenote_note":"","_monsterinsights_sitenote_category":0,"footnotes":""},"categories":[5],"tags":[13284,43704,43674],"class_list":["post-357806","post","type-post","status-publish","format-standard","has-post-thumbnail","hentry","category-estado-de-mexico","tag-arco-norte","tag-jose-luis-montanez-aguilar","tag-opinion"],"_links":{"self":[{"href":"https:\/\/www.diarioimagen.net\/index.php?rest_route=\/wp\/v2\/posts\/357806","targetHints":{"allow":["GET"]}}],"collection":[{"href":"https:\/\/www.diarioimagen.net\/index.php?rest_route=\/wp\/v2\/posts"}],"about":[{"href":"https:\/\/www.diarioimagen.net\/index.php?rest_route=\/wp\/v2\/types\/post"}],"author":[{"embeddable":true,"href":"https:\/\/www.diarioimagen.net\/index.php?rest_route=\/wp\/v2\/users\/3"}],"replies":[{"embeddable":true,"href":"https:\/\/www.diarioimagen.net\/index.php?rest_route=%2Fwp%2Fv2%2Fcomments&post=357806"}],"version-history":[{"count":0,"href":"https:\/\/www.diarioimagen.net\/index.php?rest_route=\/wp\/v2\/posts\/357806\/revisions"}],"wp:featuredmedia":[{"embeddable":true,"href":"https:\/\/www.diarioimagen.net\/index.php?rest_route=\/wp\/v2\/media\/357929"}],"wp:attachment":[{"href":"https:\/\/www.diarioimagen.net\/index.php?rest_route=%2Fwp%2Fv2%2Fmedia&parent=357806"}],"wp:term":[{"taxonomy":"category","embeddable":true,"href":"https:\/\/www.diarioimagen.net\/index.php?rest_route=%2Fwp%2Fv2%2Fcategories&post=357806"},{"taxonomy":"post_tag","embeddable":true,"href":"https:\/\/www.diarioimagen.net\/index.php?rest_route=%2Fwp%2Fv2%2Ftags&post=357806"}],"curies":[{"name":"wp","href":"https:\/\/api.w.org\/{rel}","templated":true}]}}