{"id":357859,"date":"2017-12-20T00:11:58","date_gmt":"2017-12-20T06:11:58","guid":{"rendered":"http:\/\/www.diarioimagen.net\/?p=357859"},"modified":"2017-12-20T01:37:36","modified_gmt":"2017-12-20T07:37:36","slug":"examenes-fisico-toxicologico-y-mental-a-candidatos-presidenciales","status":"publish","type":"post","link":"https:\/\/www.diarioimagen.net\/?p=357859","title":{"rendered":"Ex\u00e1menes f\u00edsico, toxicol\u00f3gico y mental a candidatos presidenciales"},"content":{"rendered":"<h2>Tras la puerta del poder<\/h2>\n<h5>Roberto Vizca\u00edno<\/h5>\n<p>&nbsp;<\/p>\n<div id=\"attachment_357904\" style=\"width: 470px\" class=\"wp-caption aligncenter\"><a href=\"http:\/\/www.diarioimagen.net\/?attachment_id=357904\" rel=\"attachment wp-att-357904\"><img loading=\"lazy\" decoding=\"async\" aria-describedby=\"caption-attachment-357904\" class=\"size-large wp-image-357904\" src=\"http:\/\/www.diarioimagen.net\/wp-content\/uploads\/2017\/12\/la-cuesta-adelantada-LUIS-XAVIER-3276-460x353.jpg\" alt=\"\" width=\"460\" height=\"353\" srcset=\"https:\/\/www.diarioimagen.net\/wp-content\/uploads\/2017\/12\/la-cuesta-adelantada-LUIS-XAVIER-3276-460x353.jpg 460w, https:\/\/www.diarioimagen.net\/wp-content\/uploads\/2017\/12\/la-cuesta-adelantada-LUIS-XAVIER-3276-240x184.jpg 240w, https:\/\/www.diarioimagen.net\/wp-content\/uploads\/2017\/12\/la-cuesta-adelantada-LUIS-XAVIER-3276-768x589.jpg 768w, https:\/\/www.diarioimagen.net\/wp-content\/uploads\/2017\/12\/la-cuesta-adelantada-LUIS-XAVIER-3276.jpg 1200w\" sizes=\"auto, (max-width: 460px) 100vw, 460px\" \/><\/a><p id=\"caption-attachment-357904\" class=\"wp-caption-text\">La cuesta adelantada&#8230; | Luis Xavier<\/p><\/div>\n<p>&nbsp;<\/p>\n<p>Explican que el tema surgi\u00f3 luego de un gazapo del l\u00edder del PRI en Campeche y fue retomado con humor por el precandidato de la triada PRI-PANAL-Verde <strong>Jos\u00e9 Antonio Meade<\/strong>.<\/p>\n<p>Luego de pivotear un poco con el asunto frente a un grupo de tricolores, <strong>Meade<\/strong> se comprometi\u00f3 a que, en la siguiente visita a ese estado, llevar\u00eda consigo los resultados de sus ex\u00e1menes toxicol\u00f3gico, f\u00edsico y mental que demostraran que era apto en todo eso para ser Presidente de la Rep\u00fablica.<\/p>\n<p>Y solt\u00f3 el reto:<\/p>\n<p>\u201cOjal\u00e1 y lo hagan tambi\u00e9n los otros candidatos\u201d.<\/p>\n<p>Entrevistado ese mismo d\u00eda, <strong>Ricardo Anaya<\/strong> respondi\u00f3 al vuelo: \u201cYo los paso todos\u201d.<\/p>\n<p>Quedaba impl\u00edcito en su respuesta que aprobaba lo de que los candidatos presidenciales se hagan las tres pruebas.<\/p>\n<p>Despu\u00e9s de todo lo vivido con nuestros presidentes, yo creo que no estar\u00eda mal que en la siguiente Reforma Electoral y Pol\u00edtica que ya viene, los senadores y diputados incluyan esta propuesta para convertirla en exigencia de Ley.<\/p>\n<p>Ese podr\u00eda ser el regalo que nos dejaran a los mexicanos <strong>Ernesto Cordero<\/strong> y <strong>Jorge Carlos Ram\u00edrez Mar\u00edn<\/strong>, presidentes del Senado y la C\u00e1mara de Diputados, y los coordinadores <strong>Emilio Gamboa, Carlos Puente, Manuel Bartlett y Luis S\u00e1nchez<\/strong> y el quejumbres de <strong>Marko Cort\u00e9s<\/strong>, <strong>C\u00e9sar Camacho<\/strong> y el resto en San L\u00e1zaro.<\/p>\n<p>Y as\u00ed como la Constituci\u00f3n y el Cofipe establecen que para ser presidentes de la Rep\u00fablica Mexicana se requiere:<\/p>\n<p>&#8211; Ser ciudadano mexicano por nacimiento, en pleno goce de sus derechos, hijo de padre o madre mexicanos.<\/p>\n<p>&#8211; Tener 35 a\u00f1os cumplidos al tiempo de la elecci\u00f3n, y;<\/p>\n<p>&#8211; Haber residido en el pa\u00eds durante todo el a\u00f1o anterior al d\u00eda de la elecci\u00f3n.<\/p>\n<p>Todos ellos podr\u00edan muy bien dejar sentado que se debe exigir como requisito m\u00ednimo para ser Presidente de la Rep\u00fablica, el demostrar que se est\u00e1 en plena condici\u00f3n f\u00edsica y mental, y no ser adicto a ninguna droga.<\/p>\n<p>Hoy es conveniente recordar que as\u00ed surgi\u00f3 la exigencia de presentar la declaraci\u00f3n patrimonial y a\u00f1os despu\u00e9s, la llamada 3de3, que es no s\u00f3lo lo primero, sino la declaraci\u00f3n fiscal y la de conflicto de inter\u00e9s.<\/p>\n<p>Casi estoy seguro de que <strong>Meade<\/strong> y <strong>Ricardo Anaya<\/strong> van a hacerse sus tres ex\u00e1menes y a presentarlos p\u00fablicamente durante la campa\u00f1a.<\/p>\n<p>Ya me imagino c\u00f3mo va a ser que <strong>AMLO<\/strong> eluda el reto. Ah\u00ed s\u00ed que no le va a funcionar eso de pirruris o blanquitos o candidatos fresas.<\/p>\n<p style=\"text-align: center;\"><strong>\u00bfNuevo esc\u00e1ndalo?<\/strong><\/p>\n<p>Fiel a su origen, el diario Reforma solt\u00f3 ayer en su espacio principal una supuesta revelaci\u00f3n de <strong>Jaime Herrera Corral<\/strong> (\u00bfser\u00e1 pariente de gobernador panista Javier Corral?), ex secretario de Hacienda del ex gobernador de Chihuahua, <strong>C\u00e9sar Duarte<\/strong>, en la que afirma que fue part\u00edcipe en el desv\u00edo m\u00e1s de 250 millones de pesos del gobierno federal hacia el PRI durante el proceso electoral estatal de 2016.<\/p>\n<p>Los recursos que habr\u00edan sido enviados por la Secretar\u00eda de Hacienda -encabezada entonces por <strong>Luis Videgaray<\/strong>&#8211; al gobierno de <strong>Duarte<\/strong>, dice <strong>Herrera<\/strong>, fueron parte de un acuerdo entre el entonces presidente del PRI <strong>Manlio Fabio Beltrones<\/strong> y <strong>Videgaray.<\/strong><\/p>\n<p>Hasta aqu\u00ed el relato de <strong>Herrera<\/strong>, asentado en una averiguaci\u00f3n judicial, es bastante vendible para una ciudadan\u00eda \u00e1vida del chisme y los dimes y diretes. Y eso lo saben bien en Reforma.<\/p>\n<p><strong>Herrera<\/strong> dijo al agente Ministerio P\u00fablico que el coahuilense <strong>Alejandro Guti\u00e9rrez Guti\u00e9rrez,<\/strong> cercano a <strong>Beltrones<\/strong>, le coment\u00f3 lo del supuesto acuerdo entre <strong>Beltrones<\/strong> y <strong>Videgaray<\/strong> para transferirle cientos de millones de pesos al PRI a trav\u00e9s de los gobiernos priistas de <strong>Duarte<\/strong> en Chihuahua; de <strong>Javier Duarte,<\/strong> en Veracruz, y del de <strong>Egidio Torre<\/strong> en Tamaulipas.<\/p>\n<p>El asunto es simple: se trataba de triangular recursos federales para las campa\u00f1as pri\u00edstas en esas entidades.<\/p>\n<p style=\"text-align: center;\"><strong>\u201cNi lo conozco\u201d: Beltrones<\/strong><\/p>\n<p>El primero en salir a responder, fue Manlio Fabio Beltrones. En una carta al diario Reforma, el sonorense no s\u00f3lo calific\u00f3 la acusaci\u00f3n de Herrera y la nota de Reforma como \u201calgo inveros\u00edmil\u201d, sino que afirma que ni conoce al ex secretario de Duarte en Chihuahua.<\/p>\n<p><strong>Alejandro Guti\u00e9rrez<\/strong>, supuesto estratega financiero de Beltrones, afirm\u00f3 que todo lo dicho por Herrera es falso.<\/p>\n<p>Record\u00f3 que la \u00fanica vez que habl\u00f3 con Herrera fue cuando, siendo diputado federal, abord\u00f3 el tema de unos cuarteles dentro del paquete econ\u00f3mico.<\/p>\n<p>Dentro del c\u00edrculo de Videgaray se dijo que una investigaci\u00f3n sobre este asunto, dejar\u00eda en claro que no hubo ninguna triangulaci\u00f3n, porque el dinero siempre deja rastros y cientos de millones de pesos no pueden transferirse nada m\u00e1s porque s\u00ed.<\/p>\n<p>Deben tener una justificaci\u00f3n y un destino comprobable.<\/p>\n<p>As\u00ed que lo que procede es que se siga ese rastro, no vaya a ser que hubo desviaci\u00f3n de cientos de millones de pesos, pero a las bolsas privadas o del gobernador Duarte o a las de Herrera, o a las de ambos.<\/p>\n<p style=\"text-align: center;\"><strong>Mataron al <em>pirata de Culiac\u00e1n<\/em><\/strong><\/p>\n<p>Al fin un joven de apenas 17 a\u00f1os de edad, <strong>Juan Luis Lagunas Rosales<\/strong>, <em>\u2018El Pirata de Culiac\u00e1n\u2019<\/em>, no supo a lo que se expon\u00eda al lanzar el grito difundido r\u00e1pidamente en redes sociales Nemesio Oseguera Cervantes de <em>\u201cEl Mencho me la pela\u201d<\/em>.<\/p>\n<p><strong>Nemesio Oseguera Cervantes<\/strong>, <em>\u201cEl Mencho\u201d<\/em>, l\u00edder del Cartel Jalisco Nueva Generaci\u00f3n lo escuch\u00f3, y ayer se la cobr\u00f3 a trav\u00e9s de un comando de 7 sicarios que nada m\u00e1s le meti\u00f3 15 balazos <em>Al Pirata de Culiac\u00e1n<\/em>, quien reci\u00e9n hab\u00eda llegado a Guadalajara a seguir la fiesta con un grupo de amigos.<\/p>\n<p>Ya s\u00e9. Si Usted no tiene entre 15 y 25 a\u00f1os de edad y no est\u00e1 pegado a las redes sociales preguntar\u00e1 con justa raz\u00f3n: \u00bfy qui\u00e9n diablos era <em>El Pirata de Culiac\u00e1n?<\/em><\/p>\n<p>R\u00e1pido le cuento que era un joven muy popular en eso del Facebook, twitter y otras redes porque le entraba en vivo y a todo color a todo lo que se pueda imaginar: tequila, whisky, cerveza, coca \u2013la de polvo-, pastillas etc, etc y dec\u00eda lo que usted y yo no nos imaginamos nunca comentar\u2026<\/p>\n<p>De acuerdo a mi Web Master <strong>Mike Garc\u00eda<\/strong>, experto en eso de las redes, El Pirata de Culiac\u00e1n cobr\u00f3 notoriedad por su forma alocada de vivir r\u00e1pido y de ser un chavo surgido de una familia disfuncional que comenz\u00f3 a trabajar quiz\u00e1 a los 14 o 15 a\u00f1os como ayudante de cocina, pronto fue invitado por grupos musicales y otros para que los acompa\u00f1ara en sus fiestas.<\/p>\n<p>Lo que hac\u00eda famoso a El Pirata era su forma de beber sin l\u00edmite hasta ponerse hasta el tope, y consumir drogas sin medida. Vestido con camisas con dibujos estramb\u00f3ticos, esas muy atractivas para ciertos grupos de narcos y del crimen organizado, pronto comenz\u00f3 a portar armas de grueso calibre y joyas impresionantes.\u00a0 Fue obvio que la forma de ser y comportarse de <em>El Pirata<\/em> le gustaba a alguien de mucho poder econ\u00f3mico.<\/p>\n<p>Metido en esa din\u00e1mica, hace unos d\u00edas en una de sus transmisiones en redes lanz\u00f3 la frase que le ha costado la vida.<\/p>\n<p>Hoy las redes sociales reflejan miles y miles y miles de comentarios sobre el fin de <em>El Pirata de Culiac\u00e1n<\/em>.<\/p>\n<p>La reflexi\u00f3n que nos deja es: \u00bfQu\u00e9 sociedad estamos construyendo para que El Pirata haya sido tan seguido y admirado por un importante segmento de j\u00f3venes mexicanos?<\/p>\n<p>En fin\u2026<\/p>\n<p><em><a href=\"mailto:rvizcainoa@gmail.com\" target=\"_blank\" rel=\"noopener noreferrer\">rvizcainoa@gmail.com<\/a><\/em><br \/>\n<em><a href=\"http:\/\/www.endirecto.mx\/\" target=\"_blank\" rel=\"noopener noreferrer\">www.endirecto.mx<\/a><\/em><br \/>\n<em><a href=\"https:\/\/twitter.com\/_rvizcaino\" target=\"_blank\" rel=\"noopener noreferrer\">@_RVizcaino<\/a><\/em><br \/>\n<a href=\"https:\/\/www.facebook.com\/rvizcainoa\" target=\"_blank\" rel=\"noopener noreferrer\">f<em>acebook.com\/rvizcainoa<\/em><\/a><\/p>\n","protected":false},"excerpt":{"rendered":"<p><span style=\"color: #005497;\"><strong>Roberto Vizca\u00edno<\/strong><\/span><br \/>\n<br \/>\nExplican que el tema surgi\u00f3 luego de un gazapo del l\u00edder del PRI en Campeche y fue retomado con humor por el precandidato de la triada PRI-PANAL-Verde <strong>Jos\u00e9 Antonio Meade<\/strong>.<\/p>\n","protected":false},"author":3,"featured_media":357904,"comment_status":"open","ping_status":"open","sticky":false,"template":"","format":"standard","meta":{"_monsterinsights_skip_tracking":false,"_monsterinsights_sitenote_active":false,"_monsterinsights_sitenote_note":"","_monsterinsights_sitenote_category":0,"footnotes":""},"categories":[136],"tags":[43674,93,94],"class_list":["post-357859","post","type-post","status-publish","format-standard","has-post-thumbnail","hentry","category-roberto-vizcaino-opinion","tag-opinion","tag-roberto-vizcaino","tag-tras-la-puerta-del-poder"],"_links":{"self":[{"href":"https:\/\/www.diarioimagen.net\/index.php?rest_route=\/wp\/v2\/posts\/357859","targetHints":{"allow":["GET"]}}],"collection":[{"href":"https:\/\/www.diarioimagen.net\/index.php?rest_route=\/wp\/v2\/posts"}],"about":[{"href":"https:\/\/www.diarioimagen.net\/index.php?rest_route=\/wp\/v2\/types\/post"}],"author":[{"embeddable":true,"href":"https:\/\/www.diarioimagen.net\/index.php?rest_route=\/wp\/v2\/users\/3"}],"replies":[{"embeddable":true,"href":"https:\/\/www.diarioimagen.net\/index.php?rest_route=%2Fwp%2Fv2%2Fcomments&post=357859"}],"version-history":[{"count":0,"href":"https:\/\/www.diarioimagen.net\/index.php?rest_route=\/wp\/v2\/posts\/357859\/revisions"}],"wp:featuredmedia":[{"embeddable":true,"href":"https:\/\/www.diarioimagen.net\/index.php?rest_route=\/wp\/v2\/media\/357904"}],"wp:attachment":[{"href":"https:\/\/www.diarioimagen.net\/index.php?rest_route=%2Fwp%2Fv2%2Fmedia&parent=357859"}],"wp:term":[{"taxonomy":"category","embeddable":true,"href":"https:\/\/www.diarioimagen.net\/index.php?rest_route=%2Fwp%2Fv2%2Fcategories&post=357859"},{"taxonomy":"post_tag","embeddable":true,"href":"https:\/\/www.diarioimagen.net\/index.php?rest_route=%2Fwp%2Fv2%2Ftags&post=357859"}],"curies":[{"name":"wp","href":"https:\/\/api.w.org\/{rel}","templated":true}]}}