{"id":358480,"date":"2018-01-01T15:55:28","date_gmt":"2018-01-01T21:55:28","guid":{"rendered":"http:\/\/www.diarioimagen.net\/?p=358480"},"modified":"2018-01-07T21:58:50","modified_gmt":"2018-01-08T03:58:50","slug":"persiste-mala-calidad-del-aire-en-el-valle-de-mexico","status":"publish","type":"post","link":"https:\/\/www.diarioimagen.net\/?p=358480","title":{"rendered":"Persiste mala calidad del aire en el Valle de M\u00e9xico"},"content":{"rendered":"<ul>\n<li><em><strong>Recomiendan limitar ejercicios al aire libre<\/strong><\/em><\/li>\n<\/ul>\n<p>&nbsp;<\/p>\n<div id=\"attachment_358481\" style=\"width: 470px\" class=\"wp-caption aligncenter\"><img loading=\"lazy\" decoding=\"async\" aria-describedby=\"caption-attachment-358481\" class=\"size-large wp-image-358481\" src=\"http:\/\/www.diarioimagen.net\/wp-content\/uploads\/2018\/01\/AIRE2-portal-460x268.jpg\" alt=\"\" width=\"460\" height=\"268\" srcset=\"https:\/\/www.diarioimagen.net\/wp-content\/uploads\/2018\/01\/AIRE2-portal-460x268.jpg 460w, https:\/\/www.diarioimagen.net\/wp-content\/uploads\/2018\/01\/AIRE2-portal-240x140.jpg 240w, https:\/\/www.diarioimagen.net\/wp-content\/uploads\/2018\/01\/AIRE2-portal.jpg 480w\" sizes=\"auto, (max-width: 460px) 100vw, 460px\" \/><p id=\"caption-attachment-358481\" class=\"wp-caption-text\">Todas las zonas de la regi\u00f3n del Valle de M\u00e9xico han mantenido desde las primeras horas del lunes altos niveles de contaminaci\u00f3n.<\/p><\/div>\n<p>&nbsp;<\/p>\n<p>En el inicio de a\u00f1o, la calidad del aire en el Valle de M\u00e9xico va de regular a mala por concentraci\u00f3n de part\u00edculas suspendidas (PM10).<\/p>\n<p>De acuerdo reporte m\u00e1s reciente de la Direcci\u00f3n de Monitoreo Atmosf\u00e9rico, el valor m\u00e1ximo de 113 puntos del \u00cdndice Metropolitano de la Calidad del Aire (Imeca) se registr\u00f3 en la zona sureste, donde se ubica la estaci\u00f3n Tl\u00e1huac.<\/p>\n<p>Le siguen con 112 puntos del mismo contaminante el noroeste, 106 en el noreste, 103 en el centro y 99 en el suroeste.<\/p>\n<p>Todas las zonas de la regi\u00f3n del Valle de M\u00e9xico han mantenido desde las primeras horas del primer d\u00eda de 2018 altos niveles de contaminaci\u00f3n.<\/p>\n<p>Por ello, la recomendaci\u00f3n para los sectores vulnerables, como ni\u00f1os, adultos mayores y personas con enfermedades respiratorias o cardiacas, es limitar los esfuerzos prolongados al aire libre.<\/p>\n<p>De igual manera, la Comisi\u00f3n Ambiental de la Megal\u00f3polis (Came) record\u00f3 a las personas consultar la calidad del aire antes de salir a realizar ejercicio o cualquier otra actividad, ya que contin\u00faa la denominada \u201ctemporada de part\u00edculas\u201d.<\/p>\n","protected":false},"excerpt":{"rendered":"<p>En el inicio de a\u00f1o, la calidad del aire en el Valle de M\u00e9xico va de regular a mala por concentraci\u00f3n de part\u00edculas suspendidas (PM10).<\/p>\n","protected":false},"author":5,"featured_media":358481,"comment_status":"open","ping_status":"open","sticky":false,"template":"","format":"standard","meta":{"_monsterinsights_skip_tracking":false,"_monsterinsights_sitenote_active":false,"_monsterinsights_sitenote_note":"","_monsterinsights_sitenote_category":0,"footnotes":""},"categories":[6],"tags":[69287,69288,12830,34],"class_list":["post-358480","post","type-post","status-publish","format-standard","has-post-thumbnail","hentry","category-cd-de-mexico","tag-mala-calidad-del-aire","tag-metropolitano","tag-tlahuac","tag-valle-de-mexico"],"_links":{"self":[{"href":"https:\/\/www.diarioimagen.net\/index.php?rest_route=\/wp\/v2\/posts\/358480","targetHints":{"allow":["GET"]}}],"collection":[{"href":"https:\/\/www.diarioimagen.net\/index.php?rest_route=\/wp\/v2\/posts"}],"about":[{"href":"https:\/\/www.diarioimagen.net\/index.php?rest_route=\/wp\/v2\/types\/post"}],"author":[{"embeddable":true,"href":"https:\/\/www.diarioimagen.net\/index.php?rest_route=\/wp\/v2\/users\/5"}],"replies":[{"embeddable":true,"href":"https:\/\/www.diarioimagen.net\/index.php?rest_route=%2Fwp%2Fv2%2Fcomments&post=358480"}],"version-history":[{"count":0,"href":"https:\/\/www.diarioimagen.net\/index.php?rest_route=\/wp\/v2\/posts\/358480\/revisions"}],"wp:featuredmedia":[{"embeddable":true,"href":"https:\/\/www.diarioimagen.net\/index.php?rest_route=\/wp\/v2\/media\/358481"}],"wp:attachment":[{"href":"https:\/\/www.diarioimagen.net\/index.php?rest_route=%2Fwp%2Fv2%2Fmedia&parent=358480"}],"wp:term":[{"taxonomy":"category","embeddable":true,"href":"https:\/\/www.diarioimagen.net\/index.php?rest_route=%2Fwp%2Fv2%2Fcategories&post=358480"},{"taxonomy":"post_tag","embeddable":true,"href":"https:\/\/www.diarioimagen.net\/index.php?rest_route=%2Fwp%2Fv2%2Ftags&post=358480"}],"curies":[{"name":"wp","href":"https:\/\/api.w.org\/{rel}","templated":true}]}}