{"id":358595,"date":"2018-01-08T00:09:22","date_gmt":"2018-01-08T06:09:22","guid":{"rendered":"http:\/\/www.diarioimagen.net\/?p=358595"},"modified":"2018-01-08T03:38:50","modified_gmt":"2018-01-08T09:38:50","slug":"metepec-fortaleceran-programas-sociales-y-estrategia-de-seguridad","status":"publish","type":"post","link":"https:\/\/www.diarioimagen.net\/?p=358595","title":{"rendered":"Metepec: fortalecer\u00e1n programas sociales y estrategia de seguridad"},"content":{"rendered":"<ul>\n<li><strong><em>Proyecto de presupuesto 2018 de cara a las elecciones<\/em><\/strong><\/li>\n<\/ul>\n<p>&nbsp;<\/p>\n<div id=\"attachment_358680\" style=\"width: 470px\" class=\"wp-caption aligncenter\"><a href=\"http:\/\/www.diarioimagen.net\/?attachment_id=358680\" rel=\"attachment wp-att-358680\"><img loading=\"lazy\" decoding=\"async\" aria-describedby=\"caption-attachment-358680\" class=\"size-large wp-image-358680\" src=\"http:\/\/www.diarioimagen.net\/wp-content\/uploads\/2018\/01\/METEPEC-3279-460x259.jpg\" alt=\"\" width=\"460\" height=\"259\" srcset=\"https:\/\/www.diarioimagen.net\/wp-content\/uploads\/2018\/01\/METEPEC-3279-460x259.jpg 460w, https:\/\/www.diarioimagen.net\/wp-content\/uploads\/2018\/01\/METEPEC-3279-240x135.jpg 240w, https:\/\/www.diarioimagen.net\/wp-content\/uploads\/2018\/01\/METEPEC-3279-235x132.jpg 235w, https:\/\/www.diarioimagen.net\/wp-content\/uploads\/2018\/01\/METEPEC-3279-202x114.jpg 202w, https:\/\/www.diarioimagen.net\/wp-content\/uploads\/2018\/01\/METEPEC-3279-350x196.jpg 350w, https:\/\/www.diarioimagen.net\/wp-content\/uploads\/2018\/01\/METEPEC-3279-220x123.jpg 220w, https:\/\/www.diarioimagen.net\/wp-content\/uploads\/2018\/01\/METEPEC-3279-237x132.jpg 237w, https:\/\/www.diarioimagen.net\/wp-content\/uploads\/2018\/01\/METEPEC-3279.jpg 480w\" sizes=\"auto, (max-width: 460px) 100vw, 460px\" \/><\/a><p id=\"caption-attachment-358680\" class=\"wp-caption-text\">El gobierno de Metepec se ajustar\u00e1 al calendario electoral para entregar los apoyos que recibe la ciudadan\u00eda.<\/p><\/div>\n<p>&nbsp;<\/p>\n<p><strong>Metepec, Estado de M\u00e9xico<\/strong>.- En Metepec todos los programas sociales que incluyen alimentaci\u00f3n, salud, educaci\u00f3n y promoci\u00f3n de valores as\u00ed como la estrategia de seguridad, no se ver\u00e1n afectados en el presente ejercicio fiscal.<\/p>\n<p>Luego de que el pasado mes de diciembre el cabildo de este municipio aprobara el proyecto de presupuesto para el 2018 y a pesar de las modificaciones que pudieran registrarse en los pr\u00f3ximos d\u00edas, autoridades descartaron afectaciones a programas que inciden en la calidad de vida de las personas, entre ellos, los esquemas de salud, el Programa Alimentario Social (PAS), Mercado a Bajo Costo, Metepec Decide Contigo por la Educaci\u00f3n, Becas, entre otros.<\/p>\n<p>En su oportunidad el alcalde David L\u00f3pez C\u00e1rdenas, se\u00f1al\u00f3 que su administraci\u00f3n se ajustar\u00e1 al calendario electoral para entregar los apoyos que recibe la ciudadan\u00eda y con ello evitar alguna interpretaci\u00f3n que contravenga la disposici\u00f3n legal, m\u00e1s no por ello, enfatiz\u00f3, se dejar\u00e1n de otorgar las asistencias de forma integral.<\/p>\n<p>De acuerdo al proyecto de egresos e ingresos, tambi\u00e9n el rubro de seguridad p\u00fablica que incluye acciones de capacitaci\u00f3n, equipamiento, de prevenci\u00f3n del delito, por mencionar algunos, tampoco se ver\u00e1n afectados durante este a\u00f1o, por el contrario, se destinar\u00e1n recursos para fortalecer la vigilancia e impl\u00edcitamente mejorar la protecci\u00f3n de la sociedad y sus bienes.<\/p>\n<p>Asimismo, se revel\u00f3 que los trabajos en materia de obra p\u00fablica y servicios tambi\u00e9n tendr\u00e1n un incremento sustancial de recursos financieros que consideran la rehabilitaci\u00f3n de calles y avenidas, equipamiento escolar, trabajos de alumbrado y recolecci\u00f3n de residuos s\u00f3lidos dom\u00e9sticos.<\/p>\n<p>Destaca el ahorro de recursos al interior de la administraci\u00f3n p\u00fablica que desde el a\u00f1o anterior fue instruido por el presidente municipal, donde se mantiene el nulo incremento salarial para servidores p\u00fablicos a excepci\u00f3n de los operativos, el ahorro de energ\u00eda y combustibles.<\/p>\n","protected":false},"excerpt":{"rendered":"<p>En Metepec todos los programas sociales que incluyen alimentaci\u00f3n, salud, educaci\u00f3n y promoci\u00f3n de valores as\u00ed como la estrategia de seguridad, no se ver\u00e1n afectados en el presente ejercicio fiscal.<\/p>\n","protected":false},"author":3,"featured_media":358680,"comment_status":"open","ping_status":"open","sticky":false,"template":"","format":"standard","meta":{"_monsterinsights_skip_tracking":false,"_monsterinsights_sitenote_active":false,"_monsterinsights_sitenote_note":"","_monsterinsights_sitenote_category":0,"footnotes":""},"categories":[35155],"tags":[43675,46334,876,48533,43677],"class_list":["post-358595","post","type-post","status-publish","format-standard","has-post-thumbnail","hentry","category-estado-de-mexico-estado-de-mexico","tag-estado-de-mexico","tag-estrategia","tag-metepec","tag-programa","tag-seguridad"],"_links":{"self":[{"href":"https:\/\/www.diarioimagen.net\/index.php?rest_route=\/wp\/v2\/posts\/358595","targetHints":{"allow":["GET"]}}],"collection":[{"href":"https:\/\/www.diarioimagen.net\/index.php?rest_route=\/wp\/v2\/posts"}],"about":[{"href":"https:\/\/www.diarioimagen.net\/index.php?rest_route=\/wp\/v2\/types\/post"}],"author":[{"embeddable":true,"href":"https:\/\/www.diarioimagen.net\/index.php?rest_route=\/wp\/v2\/users\/3"}],"replies":[{"embeddable":true,"href":"https:\/\/www.diarioimagen.net\/index.php?rest_route=%2Fwp%2Fv2%2Fcomments&post=358595"}],"version-history":[{"count":0,"href":"https:\/\/www.diarioimagen.net\/index.php?rest_route=\/wp\/v2\/posts\/358595\/revisions"}],"wp:featuredmedia":[{"embeddable":true,"href":"https:\/\/www.diarioimagen.net\/index.php?rest_route=\/wp\/v2\/media\/358680"}],"wp:attachment":[{"href":"https:\/\/www.diarioimagen.net\/index.php?rest_route=%2Fwp%2Fv2%2Fmedia&parent=358595"}],"wp:term":[{"taxonomy":"category","embeddable":true,"href":"https:\/\/www.diarioimagen.net\/index.php?rest_route=%2Fwp%2Fv2%2Fcategories&post=358595"},{"taxonomy":"post_tag","embeddable":true,"href":"https:\/\/www.diarioimagen.net\/index.php?rest_route=%2Fwp%2Fv2%2Ftags&post=358595"}],"curies":[{"name":"wp","href":"https:\/\/api.w.org\/{rel}","templated":true}]}}