{"id":358612,"date":"2018-01-08T00:11:43","date_gmt":"2018-01-08T06:11:43","guid":{"rendered":"http:\/\/www.diarioimagen.net\/?p=358612"},"modified":"2018-01-08T03:06:28","modified_gmt":"2018-01-08T09:06:28","slug":"una-ola-de-ejecuciones-y-violencia-despidio-el-2017-y-otra-saluda-el-arranque-de-2018","status":"publish","type":"post","link":"https:\/\/www.diarioimagen.net\/?p=358612","title":{"rendered":"Una ola de ejecuciones y violencia despidi\u00f3 el 2017, y otra saluda el arranque de 2018"},"content":{"rendered":"<h2>Tras la puerta del poder<\/h2>\n<h5>Roberto Vizca\u00edno<\/h5>\n<p>&nbsp;<\/p>\n<div id=\"attachment_358656\" style=\"width: 470px\" class=\"wp-caption aligncenter\"><a href=\"http:\/\/www.diarioimagen.net\/?attachment_id=358656\" rel=\"attachment wp-att-358656\"><img loading=\"lazy\" decoding=\"async\" aria-describedby=\"caption-attachment-358656\" class=\"size-large wp-image-358656\" src=\"http:\/\/www.diarioimagen.net\/wp-content\/uploads\/2018\/01\/arriba-todo-LUIS-XAVIER-3279-460x352.jpg\" alt=\"\" width=\"460\" height=\"352\" srcset=\"https:\/\/www.diarioimagen.net\/wp-content\/uploads\/2018\/01\/arriba-todo-LUIS-XAVIER-3279-460x352.jpg 460w, https:\/\/www.diarioimagen.net\/wp-content\/uploads\/2018\/01\/arriba-todo-LUIS-XAVIER-3279-240x184.jpg 240w, https:\/\/www.diarioimagen.net\/wp-content\/uploads\/2018\/01\/arriba-todo-LUIS-XAVIER-3279-768x588.jpg 768w, https:\/\/www.diarioimagen.net\/wp-content\/uploads\/2018\/01\/arriba-todo-LUIS-XAVIER-3279.jpg 1200w\" sizes=\"auto, (max-width: 460px) 100vw, 460px\" \/><\/a><p id=\"caption-attachment-358656\" class=\"wp-caption-text\">Arriba todo&#8230; | Luis Xavier<\/p><\/div>\n<p>&nbsp;<\/p>\n<p>El registro de asesinatos en M\u00e9xico asemeja a una loca caja registradora sobre la que nadie tiene control. Tan s\u00f3lo a la ma\u00f1ana de ayer iban 4 en Los Cabos, 8 en las cercan\u00edas de Acapulco y 4 m\u00e1s en Veracruz.<\/p>\n<p>Durante la madrugada del d\u00eda anterior, en Coyoac\u00e1n \u2013donde en la \u00faltima semana han ocurrido graves enfrentamientos entre militantes y simpatizantes de Morena y del PRD&#8211;, <strong>Jos\u00e9 Gerardo Mart\u00ednez<\/strong>, editor informativo del diario El Universal, fue asesinado durante un asalto.<\/p>\n<p>Entre el cierre de 2017 y el inicio de 2018 se dieron en varios municipios del Estado de M\u00e9xico colindantes con la capital del pa\u00eds, asaltos masivos y saqueos de grandes tiendas.<\/p>\n<p>Convocados por redes sociales, cientos de personas &#8211;principalmente j\u00f3venes&#8211;, acudieron a llevarse refris, estufas, lavadoras, radios, pantallas de TV, etc, etc, no alimentos ni otros productos b\u00e1sicos.<\/p>\n<p>Algo similar ha sucedido en Veracruz, Oaxaca y Chiapas a lo largo de las v\u00edas del ferrocarril donde poblados participan en el asalto de los vagones previamente se\u00f1alados por cabecillas delincuenciales perfectamente ubicados.<\/p>\n<p>Es un patr\u00f3n repetido en zonas de robo de hidrocarburos \u2013los llamados huachicoleros&#8211; en Puebla, Guanajuato y otros estados donde los delincuentes se rodean de pueblo para enfrentar a militares y polic\u00edas.<\/p>\n<p>En fin: ejecuciones, extorsi\u00f3n, secuestros, narco\u2026 violencia, inseguridad y muerte como nunca antes, de acuerdo a los \u00edndices oficiales. Fue simple y llanamente el a\u00f1o m\u00e1s violento en la historia de M\u00e9xico.<\/p>\n<p>\u00bfEs este realmente un problema sin soluci\u00f3n? \u00bfSe requiere de pactar con los delincuentes y narcos como propone <strong>Andr\u00e9s Manuel L\u00f3pez Obrador?<\/strong><\/p>\n<p style=\"text-align: center;\"><strong>Inseguridad, argumento electoral<\/strong><\/p>\n<p>Dicen quienes saben que en pol\u00edtica no hay nada casual.<\/p>\n<p>\u00bfSi esto es cierto, entonces este escenario de violencia, inseguridad y muerte es un escenario preparado por quienes quieren desestabilizar a M\u00e9xico o colocar al gobierno saliente contra la pared y al entrante en una debilidad extrema que derive en una negociaci\u00f3n?<\/p>\n<p>Lo que sea que sea, haiga sido como haiga sido (dir\u00eda el cl\u00e1sico Calder\u00f3n), esta ominosa ola se empalma ya con el inicio del proceso electoral m\u00e1s grande nunca antes vivido en el pa\u00eds.<\/p>\n<p>Y se comienza a ver c\u00f3mo el tema de la inseguridad amenaza con convertirse en la moneda m\u00e1s exitosa de obtenci\u00f3n de votos para los contendientes presidenciales.<\/p>\n<p><strong>Andr\u00e9s Manuel L\u00f3pez Obrador<\/strong> fue el primero en oler que por ah\u00ed puede cumplir su obsesi\u00f3n de llegar a la silla principal de Palacio Nacional.<\/p>\n<p>Y es por ah\u00ed que intenta caminar desde hace al menos un mes.<\/p>\n<p>Ocurrente, ma\u00f1oso, siempre confrontativo, a inicios de diciembre solt\u00f3 que \u201cmeditar\u00eda\u201d dar amnist\u00eda a capos y jefes del narco y la delincuencia organizada como un mecanismo para lograr la paz en el pa\u00eds.<\/p>\n<p>As\u00ed hizo suyos los fr\u00edos y dantescos resultados oficiales arrojados por la delincuencia, y meti\u00f3 a todos en M\u00e9xico a su agenda.<\/p>\n<p>Desde entonces todo lo que ocurre en el tema de inseguridad gira alrededor de dar o no amnist\u00eda a capos y jefes de la delincuencia organizada, como lo sugiri\u00f3 el tabasque\u00f1o.<\/p>\n<p>De lo apuntado por AMLO han opinado todos: el presidente <strong>Enrique Pe\u00f1a Nieto<\/strong>, sus secretarios de Defensa y Marina, los l\u00edderes del Congreso, comenzando por el poderoso <strong>Emilio Gamboa<\/strong>, el presidente del Senado <strong>Ernesto Cordero, <\/strong>el l\u00edder de los senadores del PAN <strong>Fernando Herrera<\/strong>, el gerente de <strong>Ricardo Anaya <\/strong>en San L\u00e1zaro, el michoacano <strong>Marko Cort\u00e9s<\/strong>, el coordinador de los tricolores <strong>C\u00e9sar Camacho<\/strong>, etc\u2026<\/p>\n<p>El tema ha sido el eje del discurso de los presidentes de los partidos, de los m\u00e1ximos representantes del empresariado y el capital, de los grandes medios nacionales e internacionales, de los gobernadores, en fin, todos\u2026<\/p>\n<p style=\"text-align: center;\"><strong>AMLO arma plan y gabinete<\/strong><\/p>\n<p>Para avanzar y consolidar en su propuesta, el puntero presidencial ya hasta se dio el lujo de designar a su secretario de Seguridad, para dejar as\u00ed la percepci\u00f3n de que su triunfo es ineluctable.<\/p>\n<p>Al parejo anunci\u00f3 su plan anti-inseguridad que girar\u00e1 alrededor de un consejo de notables \u2013casi todos ellos de la tercera edad y sin experiencia alguna en seguridad nacional, interior o p\u00fablica-, cuyos objetivos ser\u00e1n: crear el mando \u00fanico policial, darle vida a la Guardia Nacional y preparar una consulta popular para que los ciudadanos decidan si va o no la amnist\u00eda a delincuentes. As\u00ed de f\u00e1cil la ve el tabasque\u00f1o.<\/p>\n<p>Mientras, su lenguaje envuelve a los mexicanos en un enga\u00f1o m\u00e1s profundo.<\/p>\n<p>Encantador probado de hombres y mujeres de todos los estratos, edades y regiones, <strong>AMLO<\/strong> induce la idea de que su propuesta es para \u201cgarantizar la paz y la tranquilidad\u00bb de los mexicanos.<\/p>\n<p>Y que en ese intento se vale todo, incluso una \u201camnist\u00eda\u201d\u2026<\/p>\n<ul>\n<li><strong>Significado de Amnist\u00eda: <\/strong>Perd\u00f3n de penas decretado por el Estado como medida excepcional para todos los presos condenados por determinados tipos de delitos, <strong>generalmente pol\u00edticos.<\/strong><\/li>\n<\/ul>\n<p>En este esquema lopezobradorista las confrontaciones entre delincuentes con militares y polic\u00edas se convierten en actos de guerra, donde los actores tienen el mismo nivel y estatus.<\/p>\n<p>As\u00ed, mientras <strong>Andr\u00e9s Manuel L\u00f3pez Obrador <\/strong>avanza sin oposici\u00f3n real en su propuesta, sus contendientes &#8211;<strong>Jos\u00e9 Antonio Meade y Ricardo Anaya<\/strong>&#8211; deambulan en una campa\u00f1a sin propuestas ni ardor ciudadano, planas, insulsas.<\/p>\n<p>Sin plan de seguridad conocido, <strong>Meade<\/strong> y <strong>Anaya <\/strong>s\u00f3lo aciertan a comentar que la propuesta de amnist\u00eda a criminales y narcos es una locura, una ocurrencia m\u00e1s de <strong>L\u00f3pez Obrador<\/strong>.<\/p>\n<p>De igual forma, el agotado gobierno de <strong>Enrique Pe\u00f1a Nieto<\/strong>, incapaz para casi todo, no atina a confrontar a <strong>L\u00f3pez Obrador <\/strong>a trav\u00e9s de una estrategia de informaci\u00f3n ciudadana que explique a los mexicanos que para narcos y delincuentes no es aplicable la amnist\u00eda porque el origen de sus acciones no es pol\u00edtica, sino la b\u00fasqueda de riqueza a trav\u00e9s de afectar la base misma de la sociedad, es decir a la vida y a la propiedad de sus miembros.<\/p>\n<p>No es viable amnistiar, perdonar, a un narco que envenena a la sociedad con drogas y estupefacientes ni a delincuentes que roban, secuestran y matan para adue\u00f1arse de las propiedades y el dinero de otros. Los delincuentes y narcos no son comparables a guerrilleros, opositores pol\u00edticos o levantados cuyo objetivo es transformar los sistemas pol\u00edticos, sociales y econ\u00f3micos.<\/p>\n<p>Los delincuentes y narcos lo que buscan es someter y usar a los sistemas para su expoliaci\u00f3n.<\/p>\n<p style=\"text-align: center;\"><strong>Pol\u00edticos, en la mira<\/strong><\/p>\n<p>La ola de muerte alcanz\u00f3 a fines e inicios del a\u00f1o a los pol\u00edticos. Tan s\u00f3lo en los \u00faltimos 30 d\u00edas han ca\u00eddo ejecutados en varios estados 14 alcaldes, ex alcaldes y aspirantes a cargos de elecci\u00f3n.<\/p>\n<p>As\u00ed han sido asesinados el ex alcalde pri\u00edsta del municipio de Mixquiahuala, Hidalgo, <strong>Miguel \u00c0ngel Licona Islas<\/strong> junto a su hijo del mismo nombre.<\/p>\n<p>Previamente hab\u00eda sido ejecutado el director de Protecci\u00f3n Civil del municipio de Santiago Ixcuintla, Nayarit, el perredista <strong>Sabino Mej\u00eda Rodr\u00edguez.<\/strong><\/p>\n<p>En otro evento, tambi\u00e9n en Nayarit, el ex diputado local perredista y secretario general del Sindicato de Empleados de la Universidad Aut\u00f3noma de Nayarit, <strong>Luis Manuel Hern\u00e1ndez <\/strong>fue atacado a balazos, pero result\u00f3 ileso.<\/p>\n<p>En Chimalhuac\u00e1n, Estado de M\u00e9xico, dentro de su casa y frente a su familia fue acribillado el promotor de Morena <strong>Luis Alberto S\u00e1nchez,<\/strong> l\u00edder adem\u00e1s de <strong>la Asociaci\u00f3n Civil \u201cTiempos de Paz\u201d.<\/strong><\/p>\n<p>Del total de 14 pol\u00edticos asesinados en los \u00faltimos d\u00edas, 5 eran aspirantes a cargos en el proceso de 2018 mientras otros operaban como promotores de fuerzas pol\u00edticas y candidatos.<\/p>\n<p>De acuerdo a los hechos, Guerrero y Jalisco son los estados donde ha habido m\u00e1s asesinatos. Los otros estados afectados son: Baja California, San Luis Potos\u00ed, Chiapas, Tabasco, Tlaxcala, Oaxaca e Hidalgo.<\/p>\n<p>Ah\u00ed han ca\u00eddo: <strong>Sa\u00fal Galindo Plazola<\/strong>, diputado del PRD, en Jalisco; <strong>Salvador Maga\u00f1a Mart\u00ednez,<\/strong> coordinador de Movimiento Ciudadano en La Huerta, Jalisco, y <strong>Miguel Garc\u00eda Gonz\u00e1lez,<\/strong> coordinador de Morena el municipio de Casimiro Castillo, Jalisco.<\/p>\n<p>A \u00faltimas horas del 31 de diciembre, fue ejecutado el empresario pri\u00edsta <strong>Adolfo Serna Nogueda,<\/strong> aspirante a la alcald\u00eda de Atoyac de \u00c1lvarez, Guerrero.<\/p>\n<p>Al parecer esto apenas comienza.<\/p>\n<blockquote>\n<p style=\"text-align: right;\"><strong>Nota a lectores:<\/strong> hoy m\u00e1s que nunca, les deseamos a todos un 2018 pr\u00f3spero en salud, bienestar, y \u00e9xitos profesionales y econ\u00f3micos.<\/p>\n<\/blockquote>\n<p>&nbsp;<\/p>\n<p><em><a href=\"mailto:rvizcainoa@gmail.com\" target=\"_blank\" rel=\"noopener noreferrer\">rvizcainoa@gmail.com<\/a><\/em><br \/>\n<em><a href=\"http:\/\/www.endirecto.mx\/\" target=\"_blank\" rel=\"noopener noreferrer\">www.endirecto.mx<\/a><\/em><br \/>\n<em><a href=\"https:\/\/twitter.com\/_rvizcaino\" target=\"_blank\" rel=\"noopener noreferrer\">@_RVizcaino<\/a><\/em><br \/>\n<a href=\"https:\/\/www.facebook.com\/rvizcainoa\" target=\"_blank\" rel=\"noopener noreferrer\">f<em>acebook.com\/rvizcainoa<\/em><\/a><\/p>\n","protected":false},"excerpt":{"rendered":"<p><span style=\"color: #005497;\"><strong>Roberto Vizca\u00edno<\/strong><\/span><br \/>\n<br \/>\nEl registro de asesinatos en M\u00e9xico asemeja a una loca caja registradora sobre la que nadie tiene control. Tan s\u00f3lo a la ma\u00f1ana de ayer iban 4 en Los Cabos, 8 en las cercan\u00edas de Acapulco y 4 m\u00e1s en Veracruz.<\/p>\n","protected":false},"author":3,"featured_media":358656,"comment_status":"open","ping_status":"open","sticky":false,"template":"","format":"standard","meta":{"_monsterinsights_skip_tracking":false,"_monsterinsights_sitenote_active":false,"_monsterinsights_sitenote_note":"","_monsterinsights_sitenote_category":0,"footnotes":""},"categories":[136],"tags":[43674,93,94],"class_list":["post-358612","post","type-post","status-publish","format-standard","has-post-thumbnail","hentry","category-roberto-vizcaino-opinion","tag-opinion","tag-roberto-vizcaino","tag-tras-la-puerta-del-poder"],"_links":{"self":[{"href":"https:\/\/www.diarioimagen.net\/index.php?rest_route=\/wp\/v2\/posts\/358612","targetHints":{"allow":["GET"]}}],"collection":[{"href":"https:\/\/www.diarioimagen.net\/index.php?rest_route=\/wp\/v2\/posts"}],"about":[{"href":"https:\/\/www.diarioimagen.net\/index.php?rest_route=\/wp\/v2\/types\/post"}],"author":[{"embeddable":true,"href":"https:\/\/www.diarioimagen.net\/index.php?rest_route=\/wp\/v2\/users\/3"}],"replies":[{"embeddable":true,"href":"https:\/\/www.diarioimagen.net\/index.php?rest_route=%2Fwp%2Fv2%2Fcomments&post=358612"}],"version-history":[{"count":0,"href":"https:\/\/www.diarioimagen.net\/index.php?rest_route=\/wp\/v2\/posts\/358612\/revisions"}],"wp:featuredmedia":[{"embeddable":true,"href":"https:\/\/www.diarioimagen.net\/index.php?rest_route=\/wp\/v2\/media\/358656"}],"wp:attachment":[{"href":"https:\/\/www.diarioimagen.net\/index.php?rest_route=%2Fwp%2Fv2%2Fmedia&parent=358612"}],"wp:term":[{"taxonomy":"category","embeddable":true,"href":"https:\/\/www.diarioimagen.net\/index.php?rest_route=%2Fwp%2Fv2%2Fcategories&post=358612"},{"taxonomy":"post_tag","embeddable":true,"href":"https:\/\/www.diarioimagen.net\/index.php?rest_route=%2Fwp%2Fv2%2Ftags&post=358612"}],"curies":[{"name":"wp","href":"https:\/\/api.w.org\/{rel}","templated":true}]}}