{"id":358722,"date":"2018-01-09T00:08:30","date_gmt":"2018-01-09T06:08:30","guid":{"rendered":"http:\/\/www.diarioimagen.net\/?p=358722"},"modified":"2018-01-09T00:27:23","modified_gmt":"2018-01-09T06:27:23","slug":"revoltijo-politico-2","status":"publish","type":"post","link":"https:\/\/www.diarioimagen.net\/?p=358722","title":{"rendered":"Revoltijo pol\u00edtico"},"content":{"rendered":"<h2>Punto por punto<\/h2>\n<h5>Augusto Corro<\/h5>\n<p>&nbsp;<\/p>\n<div id=\"attachment_358723\" style=\"width: 470px\" class=\"wp-caption aligncenter\"><a href=\"http:\/\/www.diarioimagen.net\/?attachment_id=358723\" rel=\"attachment wp-att-358723\"><img loading=\"lazy\" decoding=\"async\" aria-describedby=\"caption-attachment-358723\" class=\"size-large wp-image-358723\" src=\"http:\/\/www.diarioimagen.net\/wp-content\/uploads\/2018\/01\/MORENO-VALLE-jose-luis-3280-460x375.jpg\" alt=\"\" width=\"460\" height=\"375\" srcset=\"https:\/\/www.diarioimagen.net\/wp-content\/uploads\/2018\/01\/MORENO-VALLE-jose-luis-3280-460x375.jpg 460w, https:\/\/www.diarioimagen.net\/wp-content\/uploads\/2018\/01\/MORENO-VALLE-jose-luis-3280-240x196.jpg 240w, https:\/\/www.diarioimagen.net\/wp-content\/uploads\/2018\/01\/MORENO-VALLE-jose-luis-3280-768x627.jpg 768w, https:\/\/www.diarioimagen.net\/wp-content\/uploads\/2018\/01\/MORENO-VALLE-jose-luis-3280.jpg 1200w\" sizes=\"auto, (max-width: 460px) 100vw, 460px\" \/><\/a><p id=\"caption-attachment-358723\" class=\"wp-caption-text\">Moreno Valle&#8230; | Jos\u00e9 Luis<\/p><\/div>\n<p>&nbsp;<\/p>\n<p>Los partidos pol\u00edticos ya tienen listo el revoltijo para las elecciones del pr\u00f3ximo 1 de julio. \u00bfEn esas mismas condiciones se encuentran los electores? \u00bfEs decir, que ya saben a qui\u00e9n van a favorecer con su voto?<\/p>\n<p>Planteamos las siguientes preguntas, porque los partidos pol\u00edticos participan en coaliciones para obtener m\u00e1s votos, como fin pr\u00e1ctico. Las alianzas son raras, extra\u00f1as, aunque se supone que cumplir\u00e1n las expectativas deseadas.<\/p>\n<p>Uno de esos revoltijos pol\u00edticos se encuentra formado por el Partido Acci\u00f3n Nacional (PAN), el Partido de la Revoluci\u00f3n Democr\u00e1tica (PRD) y Movimiento Ciudadano (MC).<\/p>\n<p>A alg\u00fan pol\u00edtico, en la desesperaci\u00f3n total, pens\u00f3 que mezclar el agua con el aceite podr\u00eda rendir frutos. Y bueno, la primera etapa de la alianza le funcion\u00f3. Las organizaciones pol\u00edticas lograron unirse en \u201cPor M\u00e9xico al Frente\u201d.<\/p>\n<p>Desde esa trinchera, panistas, perredistas y emecistas dar\u00e1n la batalla electoral, con las bases indecisas, confundidas y quiz\u00e1s hasta sorprendidas, porque pasan de una rivalidad ideol\u00f3gica a una realidad de cooperaci\u00f3n forzada.<\/p>\n<p>Por ejemplo, panistas y perredistas tienen puntos de vista diferentes en asuntos, como el matrimonio igualitario, el uso de las drogas, el aborto, etc. Temas muy sensibles para los\u00a0 conservadores blanquiazules y los amarillos progresistas.<\/p>\n<p>\u00bfOlvidar\u00e1n los electores de ambos partidos el enfrentamiento por los comicios presidenciales del 2012?<\/p>\n<p>En otras ocasiones las alianzas ya les funcionaron positivamente al PAN y al PRD en relaci\u00f3n al triunfo electoral; aunque el primero siempre se llev\u00f3 la mayor parte del pastel. Los amarillos solo cumplieron, con responsabilidad inigualable, su condici\u00f3n de comparsas.<\/p>\n<p>En el PRI no cantan mal las rancheras. Tambi\u00e9n se ali\u00f3 con dos organizaciones chicas en busca de mayor n\u00famero de votos. Hablamos del Partido Verde Ecologista de M\u00e9xico (PVEM) y el Partido Nueva Alianza (PANAL). Estos pretenden salvar su registro y conservar sus privilegios de ley. El Partido Verde ya acompa\u00f1\u00f3 al tricolor en otras aventuras.<\/p>\n<p>El Revolucionario Institucional en la Ciudad de M\u00e9xico se encuentra en la lona. En varios sexenios casi estuvo desaparecido. En el presente cualquiera alianza le podr\u00eda favorecer, aunque su candidato Mikel Arriola, no levanta.<\/p>\n<p>En el partido Movimiento de Regeneraci\u00f3n Nacional (Morena), propiedad de Andr\u00e9s Manuel L\u00f3pez Obrador, la alianza es con el Partido Encuentro Social (PES), una organizaci\u00f3n nueva de l\u00ednea conservadora que rechaza el aborto y los matrimonios homosexuales. Ideas que chocan contra los morenos \u201cprogres\u201d. El otro instituto pol\u00edtico es el Partido del Trabajo (PT), en v\u00edas de extinci\u00f3n.<\/p>\n<p style=\"text-align: center;\"><b>\u00bfSORPRESAS?<\/b><\/p>\n<p>Para julio a\u00fan faltan sorpresas en el mundo de la pol\u00edtica. La guerra sucia empez\u00f3 a funcionar. Los aspirantes a cargo de elecci\u00f3n popular se\u00f1alados por corruptos intentaron limpiar su historia delincuencial. Otros de plano optaron por bajarse del \u201ccami\u00f3n\u201d por su pasado oscuro, por decir lo menos.<\/p>\n<p>Entre estos \u00faltimos se encuentra el ex gobernador de Guerrero, \u00c1ngel Aguirre, un funcionario que renunci\u00f3 al cargo tras la tragedia de la desaparici\u00f3n de los 43 normalistas de Ayotzinapa, en septiembre del 2014.<\/p>\n<p>En un intento por conseguir el anhelado fuero, hace varios d\u00edas intent\u00f3 iniciar su campa\u00f1a para diputado federal, en representaci\u00f3n de la coalici\u00f3n \u201cPor M\u00e9xico al Frente\u201d. El rechazo de los padres de los estudiantes desaparecidos fue inmediata.<\/p>\n<p>Otro de los ajustes en su partido lo realiz\u00f3 el ex gobernador de Puebla, Rafael Moreno Valle, decidi\u00f3 renunciar a su proyecto de candidato presidencial y declin\u00f3 a favor de Ricardo Anaya, el precandidato de la coalici\u00f3n del PAN- PRD-MC.<\/p>\n<p>Por cierto, en medio de la lucha pol\u00edtica surgi\u00f3 la advertencia de un portavoz del gobierno norteamericano sobre la injerencia de Rusia en nuestra contienda electoral. \u00bfVerdad o mentira?<\/p>\n<p>El consejero electoral, Benito Nacif, dijo, al respecto, que el Instituto Nacional Electoral (INE), \u201cno ha tenido ning\u00fan indicio de que el gobierno ruso est\u00e9 tratando de incidir en las elecciones\u201d.<\/p>\n<p>En Estados Unidos, la supuestas acciones encubiertas de Rusia en sus comicios, tienen a Donald Trump en la posibilidad de enfrentar un juicio pol\u00edtico. Una comisi\u00f3n investigadora se encuentra encargada del caso.<\/p>\n<p>El mandatario estadunidense, cuyo gobierno da bandazos por doquier, se defiende, como puede, para desviar el tema de la injerencia rusa en las elecciones.<\/p>\n<p>\u00bfRealmente los estadounidenses ya vieron se\u00f1ales iniciales de Rusia en la campa\u00f1a presidencial mexicana? \u00bfUsted qu\u00e9 opina amable lector?<\/p>\n<p><em><a href=\"mailto:aco2742@hotmail.com\" target=\"_blank\" rel=\"noopener\">aco2742@hotmail.com<\/a><\/em><\/p>\n","protected":false},"excerpt":{"rendered":"<p><span style=\"color: #005497;\"><strong>Augusto Corro<\/strong><\/span><br \/>\n<br \/>\nLos partidos pol\u00edticos ya tienen listo el revoltijo para las elecciones del pr\u00f3ximo 1 de julio. \u00bfEn esas mismas condiciones se encuentran los electores? \u00bfEs decir, que ya saben a qui\u00e9n van a favorecer con su voto?<\/p>\n","protected":false},"author":1,"featured_media":358723,"comment_status":"open","ping_status":"open","sticky":false,"template":"","format":"standard","meta":{"_monsterinsights_skip_tracking":false,"_monsterinsights_sitenote_active":false,"_monsterinsights_sitenote_note":"","_monsterinsights_sitenote_category":0,"footnotes":""},"categories":[157],"tags":[43686,43674,11515],"class_list":["post-358722","post","type-post","status-publish","format-standard","has-post-thumbnail","hentry","category-augusto-corro","tag-augusto-corro","tag-opinion","tag-punto-por-punto"],"_links":{"self":[{"href":"https:\/\/www.diarioimagen.net\/index.php?rest_route=\/wp\/v2\/posts\/358722","targetHints":{"allow":["GET"]}}],"collection":[{"href":"https:\/\/www.diarioimagen.net\/index.php?rest_route=\/wp\/v2\/posts"}],"about":[{"href":"https:\/\/www.diarioimagen.net\/index.php?rest_route=\/wp\/v2\/types\/post"}],"author":[{"embeddable":true,"href":"https:\/\/www.diarioimagen.net\/index.php?rest_route=\/wp\/v2\/users\/1"}],"replies":[{"embeddable":true,"href":"https:\/\/www.diarioimagen.net\/index.php?rest_route=%2Fwp%2Fv2%2Fcomments&post=358722"}],"version-history":[{"count":0,"href":"https:\/\/www.diarioimagen.net\/index.php?rest_route=\/wp\/v2\/posts\/358722\/revisions"}],"wp:featuredmedia":[{"embeddable":true,"href":"https:\/\/www.diarioimagen.net\/index.php?rest_route=\/wp\/v2\/media\/358723"}],"wp:attachment":[{"href":"https:\/\/www.diarioimagen.net\/index.php?rest_route=%2Fwp%2Fv2%2Fmedia&parent=358722"}],"wp:term":[{"taxonomy":"category","embeddable":true,"href":"https:\/\/www.diarioimagen.net\/index.php?rest_route=%2Fwp%2Fv2%2Fcategories&post=358722"},{"taxonomy":"post_tag","embeddable":true,"href":"https:\/\/www.diarioimagen.net\/index.php?rest_route=%2Fwp%2Fv2%2Ftags&post=358722"}],"curies":[{"name":"wp","href":"https:\/\/api.w.org\/{rel}","templated":true}]}}