{"id":358777,"date":"2018-01-09T00:09:29","date_gmt":"2018-01-09T06:09:29","guid":{"rendered":"http:\/\/www.diarioimagen.net\/?p=358777"},"modified":"2018-01-09T22:47:00","modified_gmt":"2018-01-10T04:47:00","slug":"urge-hacer-de-la-politica-actividad-digna-meade","status":"publish","type":"post","link":"https:\/\/www.diarioimagen.net\/?p=358777","title":{"rendered":"Urge hacer de la pol\u00edtica actividad digna: Meade"},"content":{"rendered":"<ul>\n<li><strong><em>Recorrido por San Luis Potos\u00ed<\/em><\/strong><\/li>\n<\/ul>\n<h6>Jos\u00e9 Luis Monta\u00f1ez<\/h6>\n<p>&nbsp;<\/p>\n<div id=\"attachment_358895\" style=\"width: 470px\" class=\"wp-caption aligncenter\"><a href=\"http:\/\/www.diarioimagen.net\/?attachment_id=358895\" rel=\"attachment wp-att-358895\"><img loading=\"lazy\" decoding=\"async\" aria-describedby=\"caption-attachment-358895\" class=\"size-large wp-image-358895\" src=\"http:\/\/www.diarioimagen.net\/wp-content\/uploads\/2018\/01\/MEADE-3280-460x259.jpg\" alt=\"\" width=\"460\" height=\"259\" srcset=\"https:\/\/www.diarioimagen.net\/wp-content\/uploads\/2018\/01\/MEADE-3280-460x259.jpg 460w, https:\/\/www.diarioimagen.net\/wp-content\/uploads\/2018\/01\/MEADE-3280-240x135.jpg 240w, https:\/\/www.diarioimagen.net\/wp-content\/uploads\/2018\/01\/MEADE-3280-235x132.jpg 235w, https:\/\/www.diarioimagen.net\/wp-content\/uploads\/2018\/01\/MEADE-3280-202x114.jpg 202w, https:\/\/www.diarioimagen.net\/wp-content\/uploads\/2018\/01\/MEADE-3280-350x196.jpg 350w, https:\/\/www.diarioimagen.net\/wp-content\/uploads\/2018\/01\/MEADE-3280-220x123.jpg 220w, https:\/\/www.diarioimagen.net\/wp-content\/uploads\/2018\/01\/MEADE-3280-237x132.jpg 237w, https:\/\/www.diarioimagen.net\/wp-content\/uploads\/2018\/01\/MEADE-3280.jpg 480w\" sizes=\"auto, (max-width: 460px) 100vw, 460px\" \/><\/a><p id=\"caption-attachment-358895\" class=\"wp-caption-text\">Jos\u00e9 Antonio Meade, en su visita a SLP, reiter\u00f3 que pondr\u00e1 toda su experiencia, talento y voluntad en el combate a la impunidad.<\/p><\/div>\n<p>&nbsp;<\/p>\n<p>El precandidato presidencial del PRI, Jos\u00e9 Antonio Meade, asever\u00f3 que es necesario hacer de la pol\u00edtica una actividad digna, de la cual todos los mexicanos se sienten orgullosos, por lo que se debe expulsar a aquellos funcionarios de gobierno que s\u00f3lo quieran busquen su beneficio.<\/p>\n<p>Luego de un recorrido por la empresa automotriz Midori en San Luis Potos\u00ed, reiter\u00f3 que pondr\u00e1 toda su experiencia, talento y voluntad en el combate a la impunidad y no permitir\u00e1 que este flagelo siga avanzando.<\/p>\n<p>Coment\u00f3 que incurre en corrupci\u00f3n quien pide un moche, quien da una licencia de construcci\u00f3n sin garantizar que habr\u00e1 buenos cimientos en una obra para evitar tragedias, as\u00ed como quien enga\u00f1a en su declaraci\u00f3n patrimonial. \u201cCorrupci\u00f3n es el que vive, en efecto, solamente para evitar el pago de impuestos y ocultar el valor de sus ingresos.<\/p>\n<p>Y a todas esas manifestaciones de corrupci\u00f3n tenemos que sacarlas de la pol\u00edtica\u201d, expres\u00f3. En el Parque Industrial ubicado en Real de San Luis, Meade Kuribre\u00f1a asegur\u00f3 que hay j\u00f3venes que quieren encontrar en el servicio p\u00fablico inspiraci\u00f3n y vocaci\u00f3n de vida. \u201cTenemos que regresar a que la pol\u00edtica sea un espacio de orgullo, que sea un espacio de dignificaci\u00f3n, que sepan y sientan que pueden hacer una vida de servicio y hacerla con decoro y honestidad\u201d.<\/p>\n<p>En este sentido, el aspirante a la Presidencia de la Rep\u00fablica dijo que los estudiantes conf\u00edan en que los pol\u00edticos no los definan de lejos, que no les digan \u201cninis\u201d, ni los ofendan pensando que tienen una vocaci\u00f3n que los aleja del estudio y el trabajo.<\/p>\n<p>\u201cQue entendamos, m\u00e1s bien, que el joven mexicano tiene la emoci\u00f3n de trabajar y estudiar y que nuestra obligaci\u00f3n es ponerle los mejores elementos para que un joven mexicano sepa que es tan bueno como el mejor del mundo y que va a ser as\u00ed de exitoso\u201d, afirm\u00f3 luego de dialogar con becarios que compartieron su experiencia de estudiar y trabajar en el sector automotriz.<\/p>\n<p>Meade subray\u00f3 que para poder ser capaz de presentar alternativas y propuestas que ayuden a los j\u00f3venes a resolver su presente y futuro, es necesario platicar con ellos, con las universidades y con los empleadores, para dise\u00f1ar estrategias en donde la educaci\u00f3n sea pertinente, tanto para el mercado laboral como para los estudiantes, quienes se caracterizan por siempre sus deseos de trabajar.<\/p>\n<p>Agreg\u00f3 que \u201clo que debieran esperar de nosotros es un buen acompa\u00f1amiento para que tengan becas y una buena articulaci\u00f3n entre la escuela y el trabajo. Y que vayamos construyendo nuestro propio nivel de educaci\u00f3n dual para ofrecerles un mejor futuro\u201d. Como parte de sus actividades, la ma\u00f1ana de este lunes el precandidato priista se reuni\u00f3 con pol\u00edticos potosinos, quienes le manifestaron su confianza en que sabr\u00e1 tomar las mejores decisiones para impulsar el desarrollo del estado y de todo el pa\u00eds.<\/p>\n<p>Jos\u00e9 Antonio Meade dijo que las elecciones de 2018 representan una oportunidad para consolidar lo que se ha logrado en el sexenio actual y afirm\u00f3 que, al hacer un an\u00e1lisis justo de los \u00faltimos a\u00f1os, se pueden encontrar elementos de certeza y esperanza.<\/p>\n","protected":false},"excerpt":{"rendered":"<p><span style=\"color: #005497;\">Jos\u00e9 Luis Monta\u00f1ez<\/span><br \/>\n<br \/>\nEl precandidato presidencial del PRI, Jos\u00e9 Antonio Meade, asever\u00f3 que es necesario hacer de la pol\u00edtica una actividad digna, de la cual todos los mexicanos se sienten orgullosos, por lo que se debe expulsar a aquellos funcionarios de gobierno que s\u00f3lo quieran busquen su beneficio.<\/p>\n","protected":false},"author":3,"featured_media":358895,"comment_status":"open","ping_status":"open","sticky":false,"template":"","format":"standard","meta":{"_monsterinsights_skip_tracking":false,"_monsterinsights_sitenote_active":false,"_monsterinsights_sitenote_note":"","_monsterinsights_sitenote_category":0,"footnotes":""},"categories":[3],"tags":[69406,26429,43673,362],"class_list":["post-358777","post","type-post","status-publish","format-standard","has-post-thumbnail","hentry","category-nacional","tag-actividad","tag-jose-antonio-meade-kuribrena","tag-nacional","tag-pri"],"_links":{"self":[{"href":"https:\/\/www.diarioimagen.net\/index.php?rest_route=\/wp\/v2\/posts\/358777","targetHints":{"allow":["GET"]}}],"collection":[{"href":"https:\/\/www.diarioimagen.net\/index.php?rest_route=\/wp\/v2\/posts"}],"about":[{"href":"https:\/\/www.diarioimagen.net\/index.php?rest_route=\/wp\/v2\/types\/post"}],"author":[{"embeddable":true,"href":"https:\/\/www.diarioimagen.net\/index.php?rest_route=\/wp\/v2\/users\/3"}],"replies":[{"embeddable":true,"href":"https:\/\/www.diarioimagen.net\/index.php?rest_route=%2Fwp%2Fv2%2Fcomments&post=358777"}],"version-history":[{"count":0,"href":"https:\/\/www.diarioimagen.net\/index.php?rest_route=\/wp\/v2\/posts\/358777\/revisions"}],"wp:featuredmedia":[{"embeddable":true,"href":"https:\/\/www.diarioimagen.net\/index.php?rest_route=\/wp\/v2\/media\/358895"}],"wp:attachment":[{"href":"https:\/\/www.diarioimagen.net\/index.php?rest_route=%2Fwp%2Fv2%2Fmedia&parent=358777"}],"wp:term":[{"taxonomy":"category","embeddable":true,"href":"https:\/\/www.diarioimagen.net\/index.php?rest_route=%2Fwp%2Fv2%2Fcategories&post=358777"},{"taxonomy":"post_tag","embeddable":true,"href":"https:\/\/www.diarioimagen.net\/index.php?rest_route=%2Fwp%2Fv2%2Ftags&post=358777"}],"curies":[{"name":"wp","href":"https:\/\/api.w.org\/{rel}","templated":true}]}}