{"id":358841,"date":"2018-01-09T00:02:55","date_gmt":"2018-01-09T06:02:55","guid":{"rendered":"http:\/\/www.diarioimagen.net\/?p=358841"},"modified":"2018-01-09T00:36:04","modified_gmt":"2018-01-09T06:36:04","slug":"un-nuevo-amanecer","status":"publish","type":"post","link":"https:\/\/www.diarioimagen.net\/?p=358841","title":{"rendered":"Un nuevo amanecer"},"content":{"rendered":"<h2>Folclor urbano<\/h2>\n<h5>Salvador Estrada<\/h5>\n<p>&nbsp;<\/p>\n<p>Las fiestas ya pasaron y tambi\u00e9n los buenos deseos y ahora se debe enfrentar la realidad de nuestro pa\u00eds en donde la sangre escurre todos los d\u00edas en los medios de comunicaci\u00f3n.<\/p>\n<p>Empezar 2018 con informaciones sangrientas y macabras, provenientes de varias entidades, como los estados de M\u00e9xico, Veracruz, \u00a0Guerrero y Chihuahua, da miedo a los ciudadanos que ante tanto asesinato se preguntan el por qu\u00e9 de esta desgracia y el porqu\u00e9 los gobiernos no trabajan por la paz y la justicia. Andr\u00e9s Manuel L\u00f3pez \u00a0Obrador, precandidato de Morena a la Presidencia de la Rep\u00fablica, afirma que en M\u00e9xico existe una guerra no declarada \u00a0que el gobierno no quiere aceptarlo.<\/p>\n<p>Y las informaciones espantan: 32 muertos en un d\u00eda en Chihuahua. Lo macabro: En Veracruz, cerca de Tlacotlalpan, dejan cinco cabezas en la cajuela de un taxi. Y en Tec\u00e1mac, Estado de M\u00e9xico, hallan tres cuerpos calcinados dentro de un autom\u00f3vil.<\/p>\n<p>Adem\u00e1s han asesinado a presidentes municipales, incluyendo a un ex edil, de Tenampa, Veracruz.<\/p>\n<p>Y el colmo,\u00a0secuestraron al \u00a0jefe de la Polic\u00eda Municipal de Cruz de Elota, en Sinaloa. Y en Guerrero se registraron diez cr\u00edmenes..<\/p>\n<p>Son tantos los asesinatos, que de enero a noviembre de 2017 se registraron\u00a0 m\u00e1s de 26 mil, lo que da escalofr\u00edo pensar \u00a0qu\u00e9 pueda ocurrir \u00a0en este a\u00f1o.<\/p>\n<p>Los homicidios \u00a0son tantos que los Semefos \u00a0ya no tienen cupo en los estados de Baja California, Veracruz , Hidalgo, Sinaloa, Morelos y Tabasco.<\/p>\n<p>Los cad\u00e1veres est\u00e1n amontonados en los refrigeradores y el olor a carne podrida priva en el medio ambiente.<\/p>\n<p>Los periodistas informan de los asesinatos ocurridos en sus entidades y denuncian la relaci\u00f3n narcopol\u00edtica y eso los lleva a la muerte.<\/p>\n<p>El a\u00f1o pasado murieron asesinados 12 comunicadores y hasta ahora no hay culpables en la c\u00e1rcel.<\/p>\n<p>Y la noche de Reyes asesinaron al periodista Jos\u00e9 Gerardo Mart\u00ednez, a quien trataron de robar y lo mataron, en la delegaci\u00f3n de Coyoac\u00e1n.<\/p>\n<p>Los gobiernos federal, estatal y municipal \u00a0tienen la obligaci\u00f3n de proteger a los ciudadanos, pero ante los hechos sangrientos de los cuales se informa, solamente se puede pedir la protecci\u00f3n del \u00e1ngel de tu guarda y encomendarse \u00a0a Dios al salir de tu casa.<\/p>\n<p>Los periodistas que se la juegan todos los d\u00edas con sus informaciones se les debe de pagar un seguro de vida para en caso de su muerte, su familia no quede desamparada.<\/p>\n<p>El gobierno se hace el desentendido para proteger y ayudar a la familia de los comunicadores que caen asesinados en el cumplimiento de su deber y tambi\u00e9n \u201cse hace el occiso\u201d para no investigar \u00a0esas muertes y castigar a los culpables.<\/p>\n<p>Ojal\u00e1 y la maldad se acabe en este pa\u00eds y la negra noche, que amenaza en este inicio de a\u00f1o, se vaya pronto y venga un nuevo amanecer lleno de luz, de paz y de justicia. Am\u00e9n.<\/p>\n<p><em><a href=\"mailto:chavasec@yahoo.com.mx\" target=\"_blank\" rel=\"noopener noreferrer\">chavasec@yahoo.com.mx<\/a><\/em><\/p>\n","protected":false},"excerpt":{"rendered":"<p><span style=\"color: #005497;\"><strong>Salvador Estrada<\/strong><\/span><\/p>\n","protected":false},"author":3,"featured_media":0,"comment_status":"open","ping_status":"open","sticky":false,"template":"","format":"standard","meta":{"_monsterinsights_skip_tracking":false,"_monsterinsights_sitenote_active":false,"_monsterinsights_sitenote_note":"","_monsterinsights_sitenote_category":0,"footnotes":""},"categories":[41601],"tags":[41599,43674,41600],"class_list":["post-358841","post","type-post","status-publish","format-standard","hentry","category-salvador-estrada-opinion","tag-folclor-urbano","tag-opinion","tag-salvador-estrada"],"_links":{"self":[{"href":"https:\/\/www.diarioimagen.net\/index.php?rest_route=\/wp\/v2\/posts\/358841","targetHints":{"allow":["GET"]}}],"collection":[{"href":"https:\/\/www.diarioimagen.net\/index.php?rest_route=\/wp\/v2\/posts"}],"about":[{"href":"https:\/\/www.diarioimagen.net\/index.php?rest_route=\/wp\/v2\/types\/post"}],"author":[{"embeddable":true,"href":"https:\/\/www.diarioimagen.net\/index.php?rest_route=\/wp\/v2\/users\/3"}],"replies":[{"embeddable":true,"href":"https:\/\/www.diarioimagen.net\/index.php?rest_route=%2Fwp%2Fv2%2Fcomments&post=358841"}],"version-history":[{"count":0,"href":"https:\/\/www.diarioimagen.net\/index.php?rest_route=\/wp\/v2\/posts\/358841\/revisions"}],"wp:attachment":[{"href":"https:\/\/www.diarioimagen.net\/index.php?rest_route=%2Fwp%2Fv2%2Fmedia&parent=358841"}],"wp:term":[{"taxonomy":"category","embeddable":true,"href":"https:\/\/www.diarioimagen.net\/index.php?rest_route=%2Fwp%2Fv2%2Fcategories&post=358841"},{"taxonomy":"post_tag","embeddable":true,"href":"https:\/\/www.diarioimagen.net\/index.php?rest_route=%2Fwp%2Fv2%2Ftags&post=358841"}],"curies":[{"name":"wp","href":"https:\/\/api.w.org\/{rel}","templated":true}]}}