{"id":358999,"date":"2018-01-10T00:01:03","date_gmt":"2018-01-10T06:01:03","guid":{"rendered":"http:\/\/www.diarioimagen.net\/?p=358999"},"modified":"2018-01-10T03:22:47","modified_gmt":"2018-01-10T09:22:47","slug":"iberia-y-bbva-bancomer-firmaron-acuerdo-para-que-los-socios-del-programa-de-fidelizacion-obtengan-mas-beneficios","status":"publish","type":"post","link":"https:\/\/www.diarioimagen.net\/?p=358999","title":{"rendered":"Iberia y BBVA Bancomer firmaron acuerdo, para que los socios del programa de fidelizaci\u00f3n obtengan m\u00e1s beneficios"},"content":{"rendered":"<h2>De cinco estrellas<\/h2>\n<h5>Victoria Gonz\u00e1lez Prado<\/h5>\n<p>&nbsp;<\/p>\n<ul>\n<li><em><strong>Tras una inversi\u00f3n de 2.5 millones de d\u00f3lares, abre en Chile, el <\/strong><\/em><strong>Radisson Blu Acqua Hotel &amp; Spa Conc\u00f3n<\/strong><\/li>\n<li><em><strong>Los empleados de <\/strong><\/em><strong>Alitalia<\/strong><em><strong> estrenan uniformes, creados por la dise\u00f1adora italiana, Alberta Ferretti<\/strong><\/em><\/li>\n<\/ul>\n<p>&nbsp;<\/p>\n<div id=\"attachment_359066\" style=\"width: 310px\" class=\"wp-caption alignleft\"><a href=\"http:\/\/www.diarioimagen.net\/?attachment_id=359066\" rel=\"attachment wp-att-359066\"><img loading=\"lazy\" decoding=\"async\" aria-describedby=\"caption-attachment-359066\" class=\" wp-image-359066\" src=\"http:\/\/www.diarioimagen.net\/wp-content\/uploads\/2018\/01\/turismo-3281-387x460.jpg\" alt=\"\" width=\"300\" height=\"357\" srcset=\"https:\/\/www.diarioimagen.net\/wp-content\/uploads\/2018\/01\/turismo-3281-387x460.jpg 387w, https:\/\/www.diarioimagen.net\/wp-content\/uploads\/2018\/01\/turismo-3281-202x240.jpg 202w, https:\/\/www.diarioimagen.net\/wp-content\/uploads\/2018\/01\/turismo-3281.jpg 700w\" sizes=\"auto, (max-width: 300px) 100vw, 300px\" \/><\/a><p id=\"caption-attachment-359066\" class=\"wp-caption-text\">Firman convenio para beneficiarse mutuamente.<\/p><\/div>\n<p>La compa\u00f1\u00eda a\u00e9rea Iberia y BBVA Bancomer firmaron un acuerdo para que los socios del programa de fidelizaci\u00f3n <em>Iberia Plus<\/em>, y los titulares de las tarjetas de cr\u00e9dito del banco mexicano, puedan disfrutar de m\u00e1s beneficios cuando utilicen los servicios de ambas empresas.<\/p>\n<p>A partir de ahora, los titulares de las tarjetas de cr\u00e9dito <em>BBVA Bancomer <\/em>podr\u00e1n cambiar sus Puntos por Av\u00edos de <em>Iberia Plus, <\/em>con los que podr\u00e1n reservar vuelos con Iberia y el resto de las compa\u00f1\u00edas a\u00e9reas asociadas. Con los Av\u00edos obtenidos, tambi\u00e9n podr\u00e1n comprar <em>upgradings <\/em>en las cabinas Turista <em>Premium<\/em> y <em>Business<\/em> en vuelos de la aerol\u00ednea o disfrutar de los servicios que ofrecen el otro centenar de compa\u00f1\u00edas asociadas al programa de la compa\u00f1\u00eca a\u00e9rea espa\u00f1ola.<\/p>\n<p>Por cada dos Puntos de la tarjeta bancaria los clientes obtendr\u00e1n un Av\u00edo. Podr\u00e1n reservar un boleto de ida y vuelta en clase turista entre Ciudad de M\u00e9xico y Madrid desde 85 mil puntos, equivalentes a 42 mil 500 Av\u00edos. Adem\u00e1s, podr\u00e1n disfrutar de un 10 por ciento de descuento cuando compren boletos adicionales en clase turista para viajar con la aerol\u00ednea, y de un 15 por ciento de descuento en cabina <em>Business.<\/em> Tanto el intercambio de puntos por Av\u00edos y la compra de boletos se pueden realizar ya en la p\u00e1gina web www.iberiapluspuntosbancomer.mx.<\/p>\n<p><strong>Renata Rached de Oliveira<\/strong>, gerente<em> Loyalty<\/em> de la compa\u00f1\u00eda a\u00e9rea, afirma: \u201cestamos encantados de contar con un socio tan especial como BBVA <em>Bancomer<\/em> en nuestro programa, pues refuerza m\u00e1s nuestra posici\u00f3n en M\u00e9xico, uno de los mercados m\u00e1s importantes fuera de Espa\u00f1a. A partir de ahora, los titulares de las tarjetas de cr\u00e9dito del banco podr\u00e1n cambiar su puntos por boletos de Iberia, ya sea en clase <em>Business,<\/em> T<em>urista Premium<\/em> o Turista, desde la Ciudad de M\u00e9xico o en conexi\u00f3n desde cualquiera de los otros 34 destinos mexicanos que ofrecemos en c\u00f3digo compartido con Interjet; comprar <em>upgradings<\/em> o adquirir boletos de avi\u00f3n combinando Av\u00edos y pesos\u201d<\/p>\n<p>M\u00e1s informaci\u00f3n sobre la equivalencia y uso de Puntos Bancomer y Avios en iberiapluspuntosbancomer.mx<\/p>\n<p>\u2730\u2730\u2730\u2730\u2730 Tras una inversi\u00f3n de 2.5 millones de d\u00f3lares, el ex <em>Radisson Aqua Hotel &amp; Spa Conc\u00f3n,<\/em> abri\u00f3 como <em>Radisson Blu Acqua Hotel &amp; Spa Conc\u00f3n, <\/em>otorg\u00e1ndole un aspecto nuevo y renovado a las habitaciones, terraza, restaurante y spa.<\/p>\n<p><strong>Frances Gonz\u00e1lez<\/strong>, vicepresidenta de Operaciones de <em>Carlson Rezidor Hotel Group<\/em> para Latinoam\u00e9rica, asegur\u00f3 \u201cestamos muy orgullosos de la continua expansi\u00f3n de <em>Radisson Blu<\/em> en destinos clave en Am\u00e9rica Latina. Nuestro impulso en Chile demuestra el compromiso de aumentar la huella de nuestra marca y es una significativa incorporaci\u00f3n a nuestra cartera internacional de hoteles de alta gama\u201d.<\/p>\n<p>El hotel cuenta con 66 habitaciones y suites con vistas al oc\u00e9ano y una gran variedad de comodidades de primer nivel. Los hu\u00e9spedes pueden disfrutar de una piscina al aire libre o acceder a la playa frente al hotel. Wi-Fi gratuito, junto con un <em>Fitness Center<\/em> y <em>Business Center<\/em> tambi\u00e9n est\u00e1n disponibles. Encuentra el m\u00e1ximo relax en el <em>Acqua Spa,<\/em> que ofrece masajes, tratamientos faciales y corporales y talasoterapia; adem\u00e1s de terapias alternativas, como <em>Reiki<\/em> y masajes de piedra, junto con una piscina cubierta de agua de mar.<\/p>\n<p>La opci\u00f3n gastron\u00f3mica del hotel, <em>Acqua Restaurant,<\/em> ofrece un men\u00fa con mariscos locales frescos. Los hu\u00e9spedes pueden disfrutar de cocteles artesanales en el recientemente renovado bar con terraza, que tiene un dise\u00f1o elegante con vistas al Oc\u00e9ano Pac\u00edfico Sur. <em>Room Service<\/em> tambi\u00e9n est\u00e1 disponible para los hu\u00e9spedes que quieran saborear su comida en la comodidad de su propia habitaci\u00f3n.<\/p>\n<p>La propiedad sirve como una excelente ubicaci\u00f3n para albergar reuniones y eventos. Hay tres salas de reuniones disponibles con capacidad para hasta 80 personas. El hotel ofrece asistencia de planificaci\u00f3n, servicio de <em>catering in situ<\/em> y equipos audiovisuales para garantizar que cada evento sea un \u00e9xito. La terraza de la azotea tambi\u00e9n puede proporcionar el escenario perfecto para capturar una foto de un evento especial con su vista panor\u00e1mica de Conc\u00f3n.<\/p>\n<p>Por su parte, <strong>Christian Bernales<\/strong>, gerente general del hotel dijo: \u201cestamos encantados de abrir nuestras puertas como <em>Radisson Blu<\/em>\u201d. La hermosa renovaci\u00f3n de nuestro hotel presenta el estilo ic\u00f3nico y sofisticado de la marca, junto con su cultura de servicio mejorada, ya que nuestro personal de profesionales de la hospitalidad ha recibido una amplia capacitaci\u00f3n en la filosof\u00eda de servicio <em>Yes I Can<\/em>!<sup>\u201d<\/sup>.<\/p>\n<p>\u2730\u2730\u2730\u2730\u2730 El pr\u00f3ximo verano <em>Alitalia<\/em> lanza una colecci\u00f3n especial que combinar\u00e1 elegancia y comodidad ya que la casa de moda italiana de <strong>Alberta Ferreti<\/strong> se encargar\u00e1 de confeccionar los nuevos uniformes de la aerol\u00ednea para su personal de vuelo y tierra.<\/p>\n<p>\u201cLa compa\u00f1\u00eda a\u00e9rea de bandera italiana es un s\u00edmbolo institucional reconocido para nuestro pa\u00eds. Por eso he dado la bienvenida a la oportunidad de crear una colecci\u00f3n especial, la cual simboliza a Italia y ofrece lo mejor de la creatividad, la elegancia y el estilo italiano en el mundo\u201d, dijo <strong>Alberta Ferretti<\/strong>.<\/p>\n<p>\u201cDebido al da\u00f1o causado a las prendas por el uso diario y desgaste natural, es necesario un reabastecimiento de uniformes despu\u00e9s de un cierto tiempo. En vista de la pr\u00f3xima orden programada para su reposici\u00f3n, se decidi\u00f3 reemplazar el uniforme actual por una nueva colecci\u00f3n creada por una dise\u00f1adora italiana de fama mundial\u201d, declararon los comisionados especiales de Alitalia, <strong>Luigi Gubitosi<\/strong>, <strong>Enrico Laghi<\/strong> y <strong>Stefano Paleari<\/strong>, y agregaron, estar orgullosos de que <strong>Alberta Ferretti<\/strong> haya aceptado dise\u00f1ar el nuevo uniforme, \u201ctradicionalmente son un \u00edcono de estilo y queremos que sean un s\u00edmbolo del esp\u00edritu italiano\u201d.<\/p>\n<p>Esta elecci\u00f3n se realiz\u00f3 tambi\u00e9n para satisfacer las numerosas solicitudes provenientes del personal operativo con el objetivo de proporcionar una mayor comodidad y mejorar la calidad del trabajo para quienes lo usan todos los d\u00edas.<\/p>\n<p><em><b><\/b><a href=\"mailto:victoriagprado@gmail.com\" target=\"_blank\" rel=\"noopener noreferrer\">victoriagprado@gmail.com<\/a><br \/>\nTwitter: <a href=\"https:\/\/twitter.com\/victoriagprado\" target=\"_blank\" rel=\"noopener noreferrer\">@victoriagprado<\/a><\/em><\/p>\n","protected":false},"excerpt":{"rendered":"<p>La compa\u00f1\u00eda a\u00e9rea Iberia y BBVA Bancomer firmaron un acuerdo para que los socios del programa de fidelizaci\u00f3n <em>Iberia Plus<\/em>, y los titulares de las tarjetas de cr\u00e9dito del banco mexicano, puedan disfrutar de m\u00e1s beneficios cuando utilicen los servicios de ambas empresas.<\/p>\n","protected":false},"author":3,"featured_media":359067,"comment_status":"open","ping_status":"open","sticky":false,"template":"","format":"standard","meta":{"_monsterinsights_skip_tracking":false,"_monsterinsights_sitenote_active":false,"_monsterinsights_sitenote_note":"","_monsterinsights_sitenote_category":0,"footnotes":""},"categories":[11],"tags":[107,43674,43681,106],"class_list":["post-358999","post","type-post","status-publish","format-standard","has-post-thumbnail","hentry","category-turismo","tag-de-cinco-estrellas","tag-opinion","tag-turismo","tag-victoria-gonzalez-prado"],"_links":{"self":[{"href":"https:\/\/www.diarioimagen.net\/index.php?rest_route=\/wp\/v2\/posts\/358999","targetHints":{"allow":["GET"]}}],"collection":[{"href":"https:\/\/www.diarioimagen.net\/index.php?rest_route=\/wp\/v2\/posts"}],"about":[{"href":"https:\/\/www.diarioimagen.net\/index.php?rest_route=\/wp\/v2\/types\/post"}],"author":[{"embeddable":true,"href":"https:\/\/www.diarioimagen.net\/index.php?rest_route=\/wp\/v2\/users\/3"}],"replies":[{"embeddable":true,"href":"https:\/\/www.diarioimagen.net\/index.php?rest_route=%2Fwp%2Fv2%2Fcomments&post=358999"}],"version-history":[{"count":0,"href":"https:\/\/www.diarioimagen.net\/index.php?rest_route=\/wp\/v2\/posts\/358999\/revisions"}],"wp:featuredmedia":[{"embeddable":true,"href":"https:\/\/www.diarioimagen.net\/index.php?rest_route=\/wp\/v2\/media\/359067"}],"wp:attachment":[{"href":"https:\/\/www.diarioimagen.net\/index.php?rest_route=%2Fwp%2Fv2%2Fmedia&parent=358999"}],"wp:term":[{"taxonomy":"category","embeddable":true,"href":"https:\/\/www.diarioimagen.net\/index.php?rest_route=%2Fwp%2Fv2%2Fcategories&post=358999"},{"taxonomy":"post_tag","embeddable":true,"href":"https:\/\/www.diarioimagen.net\/index.php?rest_route=%2Fwp%2Fv2%2Ftags&post=358999"}],"curies":[{"name":"wp","href":"https:\/\/api.w.org\/{rel}","templated":true}]}}