{"id":359368,"date":"2018-01-12T00:11:30","date_gmt":"2018-01-12T06:11:30","guid":{"rendered":"http:\/\/www.diarioimagen.net\/?p=359368"},"modified":"2018-01-12T05:56:20","modified_gmt":"2018-01-12T11:56:20","slug":"apoya-edomex-a-ninas-ninos-y-adolescentes","status":"publish","type":"post","link":"https:\/\/www.diarioimagen.net\/?p=359368","title":{"rendered":"Apoya Edomex a ni\u00f1as, ni\u00f1os y adolescentes"},"content":{"rendered":"<ul>\n<li><strong><em>Hijos de mujeres v\u00edctimas de violencia<\/em><\/strong><\/li>\n<\/ul>\n<p>&nbsp;<\/p>\n<p><a href=\"http:\/\/www.diarioimagen.net\/?attachment_id=359462\" rel=\"attachment wp-att-359462\"><img loading=\"lazy\" decoding=\"async\" class=\"size-large wp-image-359462 aligncenter\" src=\"http:\/\/www.diarioimagen.net\/wp-content\/uploads\/2018\/01\/edomex-3283-460x259.jpg\" alt=\"\" width=\"460\" height=\"259\" srcset=\"https:\/\/www.diarioimagen.net\/wp-content\/uploads\/2018\/01\/edomex-3283-460x259.jpg 460w, https:\/\/www.diarioimagen.net\/wp-content\/uploads\/2018\/01\/edomex-3283-240x135.jpg 240w, https:\/\/www.diarioimagen.net\/wp-content\/uploads\/2018\/01\/edomex-3283-235x132.jpg 235w, https:\/\/www.diarioimagen.net\/wp-content\/uploads\/2018\/01\/edomex-3283-202x114.jpg 202w, https:\/\/www.diarioimagen.net\/wp-content\/uploads\/2018\/01\/edomex-3283-350x196.jpg 350w, https:\/\/www.diarioimagen.net\/wp-content\/uploads\/2018\/01\/edomex-3283-220x123.jpg 220w, https:\/\/www.diarioimagen.net\/wp-content\/uploads\/2018\/01\/edomex-3283-237x132.jpg 237w, https:\/\/www.diarioimagen.net\/wp-content\/uploads\/2018\/01\/edomex-3283.jpg 480w\" sizes=\"auto, (max-width: 460px) 100vw, 460px\" \/><\/a><\/p>\n<p>&nbsp;<\/p>\n<p><strong>Toluca, Estado de M\u00e9xico<\/strong>.- Para asegurar que las ni\u00f1as, ni\u00f1os y adolescentes en situaci\u00f3n de orfandad, luego de que su madre fue v\u00edctima de feminicidio, no dejen la escuela, el gobierno del Estado de M\u00e9xico bec\u00f3 a 109 infantes en esta circunstancia.<\/p>\n<p>La entidad es pionera en la creaci\u00f3n de un programa de becas para garantizar la formaci\u00f3n escolar hasta el nivel superior de este sector de la poblaci\u00f3n infantil, por medio del cual, a cada uno se le otorga la cantidad de 800 pesos mensuales.<\/p>\n<p>Este programa se ejecuta de manera coordinada a trav\u00e9s de la Comisi\u00f3n Ejecutiva de Atenci\u00f3n a V\u00edctimas (CEAVEM) y la Secretar\u00eda de Educaci\u00f3n desde el 14 de febrero de 2017, cuando se public\u00f3 el Acuerdo por el que se crea el Programa de Est\u00edmulos Econ\u00f3micos para Hijas e Hijos de Madre o Tutora Desaparecida, V\u00edctima de Feminicidio u Homicidio Doloso y se establecieron sus reglas de operaci\u00f3n.<\/p>\n<p>A trav\u00e9s de \u00e9l se busca evitar la revictimizaci\u00f3n de estos menores y multiplicar sus posibilidades de superarse.<\/p>\n<p>\u201cM\u201d, ofendida de identidad reservada, fue asesinada por su marido hace cinco a\u00f1os. El sujeto fue detenido y est\u00e1 sujeto a proceso penal acusado por feminicidio. Sus hijos, entonces de 5 y 6 a\u00f1os, quedaron a cargo de su abuela materna, \u201cC\u201d, cuya identidad tambi\u00e9n est\u00e1 reservada.<\/p>\n","protected":false},"excerpt":{"rendered":"<p>Para asegurar que las ni\u00f1as, ni\u00f1os y adolescentes en situaci\u00f3n de orfandad, luego de que su madre fue v\u00edctima de feminicidio, no dejen la escuela, el gobierno del Estado de M\u00e9xico bec\u00f3 a 109 infantes en esta circunstancia.<\/p>\n","protected":false},"author":3,"featured_media":359462,"comment_status":"open","ping_status":"open","sticky":false,"template":"","format":"standard","meta":{"_monsterinsights_skip_tracking":false,"_monsterinsights_sitenote_active":false,"_monsterinsights_sitenote_note":"","_monsterinsights_sitenote_category":0,"footnotes":""},"categories":[5],"tags":[12519,43675,16164,6187,452,5066],"class_list":["post-359368","post","type-post","status-publish","format-standard","has-post-thumbnail","hentry","category-estado-de-mexico","tag-adolescentes","tag-estado-de-mexico","tag-ninas","tag-ninos","tag-toluca","tag-violencia"],"_links":{"self":[{"href":"https:\/\/www.diarioimagen.net\/index.php?rest_route=\/wp\/v2\/posts\/359368","targetHints":{"allow":["GET"]}}],"collection":[{"href":"https:\/\/www.diarioimagen.net\/index.php?rest_route=\/wp\/v2\/posts"}],"about":[{"href":"https:\/\/www.diarioimagen.net\/index.php?rest_route=\/wp\/v2\/types\/post"}],"author":[{"embeddable":true,"href":"https:\/\/www.diarioimagen.net\/index.php?rest_route=\/wp\/v2\/users\/3"}],"replies":[{"embeddable":true,"href":"https:\/\/www.diarioimagen.net\/index.php?rest_route=%2Fwp%2Fv2%2Fcomments&post=359368"}],"version-history":[{"count":0,"href":"https:\/\/www.diarioimagen.net\/index.php?rest_route=\/wp\/v2\/posts\/359368\/revisions"}],"wp:featuredmedia":[{"embeddable":true,"href":"https:\/\/www.diarioimagen.net\/index.php?rest_route=\/wp\/v2\/media\/359462"}],"wp:attachment":[{"href":"https:\/\/www.diarioimagen.net\/index.php?rest_route=%2Fwp%2Fv2%2Fmedia&parent=359368"}],"wp:term":[{"taxonomy":"category","embeddable":true,"href":"https:\/\/www.diarioimagen.net\/index.php?rest_route=%2Fwp%2Fv2%2Fcategories&post=359368"},{"taxonomy":"post_tag","embeddable":true,"href":"https:\/\/www.diarioimagen.net\/index.php?rest_route=%2Fwp%2Fv2%2Ftags&post=359368"}],"curies":[{"name":"wp","href":"https:\/\/api.w.org\/{rel}","templated":true}]}}