{"id":359535,"date":"2018-01-15T00:14:48","date_gmt":"2018-01-15T06:14:48","guid":{"rendered":"http:\/\/www.diarioimagen.net\/?p=359535"},"modified":"2018-01-15T00:08:45","modified_gmt":"2018-01-15T06:08:45","slug":"mexico-deporta-a-fugitivo-de-alta-peligrosidad-a-panama","status":"publish","type":"post","link":"https:\/\/www.diarioimagen.net\/?p=359535","title":{"rendered":"M\u00e9xico deporta a fugitivo de alta peligrosidad a Panam\u00e1"},"content":{"rendered":"<ul>\n<li><strong><em>Germ\u00e1n Eliecer \u201cEl Fakir\u201d<\/em><\/strong><\/li>\n<\/ul>\n<p>&nbsp;<\/p>\n<div id=\"attachment_359536\" style=\"width: 430px\" class=\"wp-caption aligncenter\"><img loading=\"lazy\" decoding=\"async\" aria-describedby=\"caption-attachment-359536\" class=\"wp-image-359536\" src=\"http:\/\/www.diarioimagen.net\/wp-content\/uploads\/2018\/01\/DEPRTA15a-pooortal-258x460.jpg\" alt=\"\" width=\"420\" height=\"750\" srcset=\"https:\/\/www.diarioimagen.net\/wp-content\/uploads\/2018\/01\/DEPRTA15a-pooortal-258x460.jpg 258w, https:\/\/www.diarioimagen.net\/wp-content\/uploads\/2018\/01\/DEPRTA15a-pooortal-134x240.jpg 134w, https:\/\/www.diarioimagen.net\/wp-content\/uploads\/2018\/01\/DEPRTA15a-pooortal.jpg 430w\" sizes=\"auto, (max-width: 420px) 100vw, 420px\" \/><p id=\"caption-attachment-359536\" class=\"wp-caption-text\">El comisionado del INM, Ardelio Vargas, inform\u00f3 que Germ\u00e1n Eliecer \u201cEl Fakir\u201d, es considerado en Panam\u00e1 como un delincuente de alta peligrosidad.<\/p><\/div>\n<p>&nbsp;<\/p>\n<p>M\u00e9xico deport\u00f3 a Panam\u00e1 a Germ\u00e1n Eliecer \u201cEl Fakir\u201d, quien es se\u00f1alado por fungir como enlace y negociador entre diversos c\u00e1rteles del narcotr\u00e1fico en Am\u00e9rica Latina, as\u00ed como acusado de m\u00faltiples homicidios.<\/p>\n<p>Adem\u00e1s, es considerado en Panam\u00e1 como un delincuente de alta peligrosidad, indic\u00f3 en un mensaje a medios el comisionado del Instituto Nacional de Migraci\u00f3n (INM), Ardelio Vargas Fosado.<\/p>\n<p>Precis\u00f3 que el presunto delincuente fue detenido la noche del s\u00e1bado en un hotel de Ciudad Hidalgo, Chiapas, donde se hab\u00eda registrado con un nombre falso para evadir a las autoridades.<\/p>\n<p>El ahora deportado -quien ingres\u00f3 a M\u00e9xico en calidad irregular-, viaj\u00f3 a Panam\u00e1 a bordo de un vuelo que parti\u00f3 del Aeropuerto Internacional de la Ciudad de M\u00e9xico a las 9:20 horas y lleg\u00f3 a su destino a las 13:45 hora local.<\/p>\n<p>Vargas Fosado coment\u00f3 que la colaboraci\u00f3n entre las autoridades de M\u00e9xico y Panam\u00e1, hizo posible la detenci\u00f3n de Germ\u00e1n, quien representa un serio riesgo para la seguridad.<\/p>\n<p>\u201cCon esta acci\u00f3n se asesta un importante golpe a la delincuencia organizada trasnacional\u201d, dijo el funcionario federal, quien estuvo acompa\u00f1ado de la subsecretaria de Poblaci\u00f3n, Migraci\u00f3n y Asuntos Religiosos de la Secretar\u00eda de Gobernaci\u00f3n (Segob), Patricia Mart\u00ednez. El comisionado de Migraci\u00f3n refiri\u00f3 que la captura se realiz\u00f3 el s\u00e1bado y fueron las autoridades migratorias de M\u00e9xico quienes entregaron al fugitivo a las autoridades judiciales que lo requieren en Panam\u00e1.<\/p>\n<p>Abund\u00f3 que por ser extranjero, el detenido fue trasladado a la estaci\u00f3n migratoria Siglo XXI de Tapachula, Chiapas y, tras realizar el procedimiento administrativo migratorio, fue enviado a la Ciudad de M\u00e9xico para su posterior deportaci\u00f3n.<\/p>\n<p>Ardelio Vargas se\u00f1al\u00f3 que la detenci\u00f3n se realiz\u00f3 en cumplimiento a lo dispuesto por la Ley de Migraci\u00f3n y se notific\u00f3 de forma oportuna a la representaci\u00f3n consular paname\u00f1a. El funcionario present\u00f3 fotograf\u00edas del deportado, as\u00ed como un video de su detenci\u00f3n y traslado a Panam\u00e1, y ratific\u00f3 el compromiso de la Secretar\u00eda de Gobernaci\u00f3n para garantizar el cumplimiento de la ley y mantener una pol\u00edtica migratoria eficaz a trav\u00e9s de procedimientos migratorios legales, seguros y ordenados.<\/p>\n","protected":false},"excerpt":{"rendered":"<p>M\u00e9xico deport\u00f3 a Panam\u00e1 a Germ\u00e1n Eliecer \u201cEl Fakir\u201d, quien es se\u00f1alado por fungir como enlace y negociador entre diversos c\u00e1rteles del narcotr\u00e1fico en Am\u00e9rica Latina, as\u00ed como acusado de m\u00faltiples homicidios.<\/p>\n","protected":false},"author":5,"featured_media":359537,"comment_status":"open","ping_status":"open","sticky":false,"template":"","format":"standard","meta":{"_monsterinsights_skip_tracking":false,"_monsterinsights_sitenote_active":false,"_monsterinsights_sitenote_note":"","_monsterinsights_sitenote_category":0,"footnotes":""},"categories":[7],"tags":[2269,69584,69583,69582,43679,69581],"class_list":["post-359535","post","type-post","status-publish","format-standard","has-post-thumbnail","hentry","category-seguridad","tag-chiapas","tag-ciudad-hidalgo","tag-deporta-a-fugitivo","tag-german-eliecer","tag-mundo","tag-el-fakir"],"_links":{"self":[{"href":"https:\/\/www.diarioimagen.net\/index.php?rest_route=\/wp\/v2\/posts\/359535","targetHints":{"allow":["GET"]}}],"collection":[{"href":"https:\/\/www.diarioimagen.net\/index.php?rest_route=\/wp\/v2\/posts"}],"about":[{"href":"https:\/\/www.diarioimagen.net\/index.php?rest_route=\/wp\/v2\/types\/post"}],"author":[{"embeddable":true,"href":"https:\/\/www.diarioimagen.net\/index.php?rest_route=\/wp\/v2\/users\/5"}],"replies":[{"embeddable":true,"href":"https:\/\/www.diarioimagen.net\/index.php?rest_route=%2Fwp%2Fv2%2Fcomments&post=359535"}],"version-history":[{"count":0,"href":"https:\/\/www.diarioimagen.net\/index.php?rest_route=\/wp\/v2\/posts\/359535\/revisions"}],"wp:featuredmedia":[{"embeddable":true,"href":"https:\/\/www.diarioimagen.net\/index.php?rest_route=\/wp\/v2\/media\/359537"}],"wp:attachment":[{"href":"https:\/\/www.diarioimagen.net\/index.php?rest_route=%2Fwp%2Fv2%2Fmedia&parent=359535"}],"wp:term":[{"taxonomy":"category","embeddable":true,"href":"https:\/\/www.diarioimagen.net\/index.php?rest_route=%2Fwp%2Fv2%2Fcategories&post=359535"},{"taxonomy":"post_tag","embeddable":true,"href":"https:\/\/www.diarioimagen.net\/index.php?rest_route=%2Fwp%2Fv2%2Ftags&post=359535"}],"curies":[{"name":"wp","href":"https:\/\/api.w.org\/{rel}","templated":true}]}}