{"id":359539,"date":"2018-01-15T00:08:14","date_gmt":"2018-01-15T06:08:14","guid":{"rendered":"http:\/\/www.diarioimagen.net\/?p=359539"},"modified":"2018-01-15T22:39:42","modified_gmt":"2018-01-16T04:39:42","slug":"garantiza-diconsa-compra-de-30-mil-toneladas-de-maiz-mexiquense","status":"publish","type":"post","link":"https:\/\/www.diarioimagen.net\/?p=359539","title":{"rendered":"Diconsa comprar\u00e1 30 mil toneladas de ma\u00edz mexiquense"},"content":{"rendered":"<ul>\n<li><strong><em>Entregan ayuda e insumos por m\u00e1s de 101 millones de pesos<\/em><\/strong><\/li>\n<\/ul>\n<p>&nbsp;<\/p>\n<div id=\"attachment_359540\" style=\"width: 470px\" class=\"wp-caption aligncenter\"><img loading=\"lazy\" decoding=\"async\" aria-describedby=\"caption-attachment-359540\" class=\"wp-image-359540 size-large\" src=\"http:\/\/www.diarioimagen.net\/wp-content\/uploads\/2018\/01\/DICONSA15-portal-460x268.jpg\" alt=\"\" width=\"460\" height=\"268\" srcset=\"https:\/\/www.diarioimagen.net\/wp-content\/uploads\/2018\/01\/DICONSA15-portal-460x268.jpg 460w, https:\/\/www.diarioimagen.net\/wp-content\/uploads\/2018\/01\/DICONSA15-portal-240x140.jpg 240w, https:\/\/www.diarioimagen.net\/wp-content\/uploads\/2018\/01\/DICONSA15-portal.jpg 480w\" sizes=\"auto, (max-width: 460px) 100vw, 460px\" \/><p id=\"caption-attachment-359540\" class=\"wp-caption-text\">Productores agropecuarios de varios municipios recibieron material, herramienta y apoyos econ\u00f3micos.<\/p><\/div>\n<p>&nbsp;<\/p>\n<p><strong>Sultepec, Estado de M\u00e9xico<\/strong>.- Para apoyar a m\u00e1s de 2 mil 500 productores mexiquenses, el gobernador del Estado de M\u00e9xico, Alfredo Del Mazo Maza, y el director general de Diconsa, H\u00e9ctor Velasco Monroy, firmaron un convenio de colaboraci\u00f3n, el cual garantiza la comercializaci\u00f3n de 30 mil toneladas de ma\u00edz blanco del pasado ciclo agr\u00edcola.<\/p>\n<p>\u201cCon este convenio que firmamos el d\u00eda de hoy, son 30 mil toneladas de ma\u00edz que se van a comprar por parte de Diconsa, y que apoya a m\u00e1s de 2 mil 500 productores de ma\u00edz del Estado de M\u00e9xico, al garantizarles la compra de esa producci\u00f3n de ma\u00edz\u201d, puntualiz\u00f3.<\/p>\n<p>Luego de firmar el convenio de colaboraci\u00f3n para la comercializaci\u00f3n de ma\u00edz entre el gobierno del Estado de M\u00e9xico y Diconsa, H\u00e9ctor Velasco explic\u00f3 que el ma\u00edz mexiquense se distribuir\u00e1 en diferentes regiones del pa\u00eds, a trav\u00e9s de casi 27 mil tiendas Diconsa, y que ser\u00e1 comprado a un precio de 3.65 pesos el kilo, y vendido al p\u00fablico en 4.30 pesos.<\/p>\n<p>En esta gira de trabajo, Del Mazo Maza reiter\u00f3 el compromiso del gobierno estatal para seguir fortaleciendo al sector agropecuario de la entidad, con acciones como ser el primer estado del pa\u00eds en integrar a la producci\u00f3n de aguacate, a la cobertura del\u00a0 \u201cSeguro Nacional Catastr\u00f3fico\u201d.<\/p>\n<p>Mediante esta acci\u00f3n, dijo, se asegura el pago de la cosecha en caso de que las condiciones climatol\u00f3gicas da\u00f1en este producto.<\/p>\n<p>Tambi\u00e9n el mandatario mexiquense se comprometi\u00f3 a mejorar infraestructura, equipamiento, tecnolog\u00eda, capacitaci\u00f3n, semilla y espacios de almacenamiento e impulsar la comercializaci\u00f3n de los productos del agro de la entidad.<\/p>\n<p>\u201cD\u00e1ndole el apoyo al campo mexiquense le damos el apoyo a las familias mexiquenses y hacemos familias fuertes en el Estado de M\u00e9xico, que tengan mejores ingresos, mejores oportunidades y la posibilidad de un mayor desarrollo, nuestro mayor objetivo es que tengamos familias fuertes en el Estado de M\u00e9xico\u201d, manifest\u00f3.<\/p>\n<p>El titular del Ejecutivo estatal destac\u00f3 que al apoyar al campo mexiquense, este sector continuar\u00e1 siendo l\u00edder a nivel nacional en producci\u00f3n flor\u00edcola, de durazno, haba, tuna, nopal y ma\u00edz, entre otros.<\/p>\n<p>\u201cDebemos de estar muy orgullosos de lo que se ha logrado y debemos de seguir impulsando este gran talento que tiene el campo mexiquense para ser l\u00edder, como lo es hoy en d\u00eda, y continuar siendo l\u00edder a nivel nacional\u201d, sostuvo.<\/p>\n<p>En este evento, productores agropecuarios de los municipios de Almoloya de Alquisiras, Almoloya\u00a0 de Ju\u00e1rez, Amanalco, Otzoloapan, Sultepec, Villa Victoria Texcaltitl\u00e1n y Tejupilco, entre otros, recibieron material de construcci\u00f3n, herramienta\u00a0 y apoyos econ\u00f3micos para fomentar el desarrollo agrario de la entidad.<\/p>\n<p>Dar\u00edo Zacar\u00edas Capuchino, Secretario de Desarrollo Agropecuario, precis\u00f3 que para la entrega de estos apoyos se destinaron m\u00e1s 101 millones de pesos, en beneficio de 3 mil 794 productores.<\/p>\n","protected":false},"excerpt":{"rendered":"<p>Para apoyar a m\u00e1s de 2 mil 500 productores mexiquenses, el gobernador del Estado de M\u00e9xico, Alfredo Del Mazo Maza, y el director general de Diconsa, H\u00e9ctor Velasco Monroy, firmaron un convenio de colaboraci\u00f3n, el cual garantiza la comercializaci\u00f3n de 30 mil toneladas de ma\u00edz blanco del pasado ciclo agr\u00edcola.<\/p>\n","protected":false},"author":5,"featured_media":359540,"comment_status":"open","ping_status":"open","sticky":false,"template":"","format":"standard","meta":{"_monsterinsights_skip_tracking":false,"_monsterinsights_sitenote_active":false,"_monsterinsights_sitenote_note":"","_monsterinsights_sitenote_category":0,"footnotes":""},"categories":[5],"tags":[69585,2505,17882,43675,69586,15946,277,4170],"class_list":["post-359539","post","type-post","status-publish","format-standard","has-post-thumbnail","hentry","category-estado-de-mexico","tag-30-mil-toneladas","tag-alfredo-del-mazo-maza","tag-diconsa","tag-estado-de-mexico","tag-hector-velasco-monroy","tag-maiz","tag-mexiquense","tag-sultepec"],"_links":{"self":[{"href":"https:\/\/www.diarioimagen.net\/index.php?rest_route=\/wp\/v2\/posts\/359539","targetHints":{"allow":["GET"]}}],"collection":[{"href":"https:\/\/www.diarioimagen.net\/index.php?rest_route=\/wp\/v2\/posts"}],"about":[{"href":"https:\/\/www.diarioimagen.net\/index.php?rest_route=\/wp\/v2\/types\/post"}],"author":[{"embeddable":true,"href":"https:\/\/www.diarioimagen.net\/index.php?rest_route=\/wp\/v2\/users\/5"}],"replies":[{"embeddable":true,"href":"https:\/\/www.diarioimagen.net\/index.php?rest_route=%2Fwp%2Fv2%2Fcomments&post=359539"}],"version-history":[{"count":0,"href":"https:\/\/www.diarioimagen.net\/index.php?rest_route=\/wp\/v2\/posts\/359539\/revisions"}],"wp:featuredmedia":[{"embeddable":true,"href":"https:\/\/www.diarioimagen.net\/index.php?rest_route=\/wp\/v2\/media\/359540"}],"wp:attachment":[{"href":"https:\/\/www.diarioimagen.net\/index.php?rest_route=%2Fwp%2Fv2%2Fmedia&parent=359539"}],"wp:term":[{"taxonomy":"category","embeddable":true,"href":"https:\/\/www.diarioimagen.net\/index.php?rest_route=%2Fwp%2Fv2%2Fcategories&post=359539"},{"taxonomy":"post_tag","embeddable":true,"href":"https:\/\/www.diarioimagen.net\/index.php?rest_route=%2Fwp%2Fv2%2Ftags&post=359539"}],"curies":[{"name":"wp","href":"https:\/\/api.w.org\/{rel}","templated":true}]}}