{"id":359588,"date":"2018-01-15T00:10:56","date_gmt":"2018-01-15T06:10:56","guid":{"rendered":"http:\/\/www.diarioimagen.net\/?p=359588"},"modified":"2018-01-15T04:04:46","modified_gmt":"2018-01-15T10:04:46","slug":"mas-apoyo-para-el-sector-agropecuario","status":"publish","type":"post","link":"https:\/\/www.diarioimagen.net\/?p=359588","title":{"rendered":"M\u00e1s apoyo para el sector agropecuario"},"content":{"rendered":"<h2>Arco Norte<\/h2>\n<h5>Jos\u00e9 Luis Monta\u00f1ez Aguilar<\/h5>\n<p>&nbsp;<\/p>\n<p>El gobernador Alfredo Del Mazo, y el director general de Diconsa, H\u00e9ctor Velasco, firmaron un convenio para garantizar la comercializaci\u00f3n de 30 mil toneladas de ma\u00edz blanco del pasado ciclo agr\u00edcola, en apoyo a m\u00e1s de 2 mil 500 productores mexiquenses.<\/p>\n<p>H\u00e9ctor Velasco explic\u00f3 que el ma\u00edz mexiquense se distribuir\u00e1 en diferentes regiones del pa\u00eds, a trav\u00e9s de casi 27 mil tiendas Diconsa, y que ser\u00e1 comprado a un precio de 3.65 pesos el kilo, y vendido al p\u00fablico en 4.30 pesos.<\/p>\n<p>Del Mazo reiter\u00f3 el compromiso del gobierno estatal para seguir fortaleciendo al sector agropecuario de la entidad, con acciones como ser el primer estado del pa\u00eds en integrar a la producci\u00f3n de aguacate, a la cobertura del\u00a0 \u201cSeguro Nacional Catastr\u00f3fico\u201d, acci\u00f3n con la cual se asegura el pago de la cosecha en caso de que las condiciones climatol\u00f3gicas da\u00f1en este producto.<\/p>\n<p>Tambi\u00e9n se comprometi\u00f3 a mejorar infraestructura, equipamiento, tecnolog\u00eda, capacitaci\u00f3n, semilla y espacios de almacenamiento, e impulsar la comercializaci\u00f3n de los productos del agro.<\/p>\n<p>Destac\u00f3 que este sector continuar\u00e1 siendo l\u00edder a nivel nacional en producci\u00f3n flor\u00edcola, de durazno, haba, tuna, nopal y ma\u00edz.<\/p>\n<p style=\"text-align: center;\"><strong>Capacita Sedesem a mujeres mexiquenses en pol\u00edtica social<\/strong><\/p>\n<p><a href=\"http:\/\/www.diarioimagen.net\/?attachment_id=359682\" rel=\"attachment wp-att-359682\"><img loading=\"lazy\" decoding=\"async\" class=\"aligncenter size-large wp-image-359682\" src=\"http:\/\/www.diarioimagen.net\/wp-content\/uploads\/2018\/01\/arco-3284-460x259.jpg\" alt=\"\" width=\"460\" height=\"259\" srcset=\"https:\/\/www.diarioimagen.net\/wp-content\/uploads\/2018\/01\/arco-3284-460x259.jpg 460w, https:\/\/www.diarioimagen.net\/wp-content\/uploads\/2018\/01\/arco-3284-240x135.jpg 240w, https:\/\/www.diarioimagen.net\/wp-content\/uploads\/2018\/01\/arco-3284-235x132.jpg 235w, https:\/\/www.diarioimagen.net\/wp-content\/uploads\/2018\/01\/arco-3284-202x114.jpg 202w, https:\/\/www.diarioimagen.net\/wp-content\/uploads\/2018\/01\/arco-3284-350x196.jpg 350w, https:\/\/www.diarioimagen.net\/wp-content\/uploads\/2018\/01\/arco-3284-220x123.jpg 220w, https:\/\/www.diarioimagen.net\/wp-content\/uploads\/2018\/01\/arco-3284-237x132.jpg 237w, https:\/\/www.diarioimagen.net\/wp-content\/uploads\/2018\/01\/arco-3284.jpg 480w\" sizes=\"auto, (max-width: 460px) 100vw, 460px\" \/><\/a><\/p>\n<p>Para que las mujeres puedan ser voceras en sus comunidades y ayudar a otras mujeres a prevenir la violencia, conocer los programas sociales y vincularse con los centros de atenci\u00f3n y desarrollo integral para ellas, se impartieron las Jornadas de Promoci\u00f3n del Desarrollo Humano con Mujeres Mexiquenses.<\/p>\n<p>Organizadas por la Secretar\u00eda de Desarrollo Social (Sedesem), el titular de la dependencia, Eric Sevilla Montes de Oca, afirm\u00f3 que la nueva pol\u00edtica social busca transitar del desarrollo social al humano, promoviendo la calidad de vida y la participaci\u00f3n de todos los habitantes, principalmente de las mujeres.<\/p>\n<p>Por ello, el objetivo es capacitarlas y brindarles informaci\u00f3n sobre los programas que desarrolla la dependencia durante la presente administraci\u00f3n.<\/p>\n<p>\u201cLleg\u00f3 el tiempo de que las pol\u00edticas sociales las hagan las mujeres, por eso tiene que ser gente de la regi\u00f3n, gente que conoce a sus vecinos, gente que sabe qui\u00e9n necesita las cosas para que lleven los apoyos a quien as\u00ed lo requiere\u201d.<\/p>\n<p><em><a href=\"mailto:montanezaguilar@gmail.com\" target=\"_blank\" rel=\"noopener noreferrer\">montanezaguilar@gmail.com<\/a><\/em><\/p>\n","protected":false},"excerpt":{"rendered":"<p><span style=\"color: #005497;\">Jos\u00e9 Luis Monta\u00f1ez Aguilar<\/span><br \/>\n<br \/>\nEl gobernador Alfredo Del Mazo, y el director general de Diconsa, H\u00e9ctor Velasco, firmaron un convenio para garantizar la comercializaci\u00f3n de 30 mil toneladas de ma\u00edz blanco del pasado ciclo agr\u00edcola, en apoyo a m\u00e1s de 2 mil 500 productores mexiquenses.<\/p>\n","protected":false},"author":3,"featured_media":359682,"comment_status":"open","ping_status":"open","sticky":false,"template":"","format":"standard","meta":{"_monsterinsights_skip_tracking":false,"_monsterinsights_sitenote_active":false,"_monsterinsights_sitenote_note":"","_monsterinsights_sitenote_category":0,"footnotes":""},"categories":[5],"tags":[13284,43704,43674],"class_list":["post-359588","post","type-post","status-publish","format-standard","has-post-thumbnail","hentry","category-estado-de-mexico","tag-arco-norte","tag-jose-luis-montanez-aguilar","tag-opinion"],"_links":{"self":[{"href":"https:\/\/www.diarioimagen.net\/index.php?rest_route=\/wp\/v2\/posts\/359588","targetHints":{"allow":["GET"]}}],"collection":[{"href":"https:\/\/www.diarioimagen.net\/index.php?rest_route=\/wp\/v2\/posts"}],"about":[{"href":"https:\/\/www.diarioimagen.net\/index.php?rest_route=\/wp\/v2\/types\/post"}],"author":[{"embeddable":true,"href":"https:\/\/www.diarioimagen.net\/index.php?rest_route=\/wp\/v2\/users\/3"}],"replies":[{"embeddable":true,"href":"https:\/\/www.diarioimagen.net\/index.php?rest_route=%2Fwp%2Fv2%2Fcomments&post=359588"}],"version-history":[{"count":0,"href":"https:\/\/www.diarioimagen.net\/index.php?rest_route=\/wp\/v2\/posts\/359588\/revisions"}],"wp:featuredmedia":[{"embeddable":true,"href":"https:\/\/www.diarioimagen.net\/index.php?rest_route=\/wp\/v2\/media\/359682"}],"wp:attachment":[{"href":"https:\/\/www.diarioimagen.net\/index.php?rest_route=%2Fwp%2Fv2%2Fmedia&parent=359588"}],"wp:term":[{"taxonomy":"category","embeddable":true,"href":"https:\/\/www.diarioimagen.net\/index.php?rest_route=%2Fwp%2Fv2%2Fcategories&post=359588"},{"taxonomy":"post_tag","embeddable":true,"href":"https:\/\/www.diarioimagen.net\/index.php?rest_route=%2Fwp%2Fv2%2Ftags&post=359588"}],"curies":[{"name":"wp","href":"https:\/\/api.w.org\/{rel}","templated":true}]}}