{"id":359618,"date":"2018-01-15T00:06:50","date_gmt":"2018-01-15T06:06:50","guid":{"rendered":"http:\/\/www.diarioimagen.net\/?p=359618"},"modified":"2018-01-15T04:47:35","modified_gmt":"2018-01-15T10:47:35","slug":"compromete-david-lopez-mas-acciones-para-cuidar-a-la-ninez-metepequense","status":"publish","type":"post","link":"https:\/\/www.diarioimagen.net\/?p=359618","title":{"rendered":"Compromete David L\u00f3pez m\u00e1s acciones para cuidar  a la ni\u00f1ez metepequense"},"content":{"rendered":"<p><a href=\"http:\/\/www.diarioimagen.net\/?attachment_id=359703\" rel=\"attachment wp-att-359703\"><img loading=\"lazy\" decoding=\"async\" class=\"aligncenter size-large wp-image-359703\" src=\"http:\/\/www.diarioimagen.net\/wp-content\/uploads\/2018\/01\/METEPEC-3284-460x259.jpg\" alt=\"\" width=\"460\" height=\"259\" srcset=\"https:\/\/www.diarioimagen.net\/wp-content\/uploads\/2018\/01\/METEPEC-3284-460x259.jpg 460w, https:\/\/www.diarioimagen.net\/wp-content\/uploads\/2018\/01\/METEPEC-3284-240x135.jpg 240w, https:\/\/www.diarioimagen.net\/wp-content\/uploads\/2018\/01\/METEPEC-3284-235x132.jpg 235w, https:\/\/www.diarioimagen.net\/wp-content\/uploads\/2018\/01\/METEPEC-3284-202x114.jpg 202w, https:\/\/www.diarioimagen.net\/wp-content\/uploads\/2018\/01\/METEPEC-3284-350x196.jpg 350w, https:\/\/www.diarioimagen.net\/wp-content\/uploads\/2018\/01\/METEPEC-3284-220x123.jpg 220w, https:\/\/www.diarioimagen.net\/wp-content\/uploads\/2018\/01\/METEPEC-3284-237x132.jpg 237w, https:\/\/www.diarioimagen.net\/wp-content\/uploads\/2018\/01\/METEPEC-3284.jpg 480w\" sizes=\"auto, (max-width: 460px) 100vw, 460px\" \/><\/a><\/p>\n<p>&nbsp;<\/p>\n<p><strong>Metepec, Estado de M\u00e9xico.-<\/strong>\u00a0En un ambiente desborado por la alegr\u00eda con motivo del festejo del D\u00eda de Reyes, organizado por el ayuntamiento de Metepec, el alcalde David L\u00f3pez C\u00e1rdenas, comprometi\u00f3 seguir impulsando pol\u00edticas p\u00fablicas que garanticen su cuidado y desarrollo, a trav\u00e9s de la educaci\u00f3n, salud y su protecci\u00f3n.<\/p>\n<p>Acompa\u00f1ado de la titular del DIF municipal, Gabriela Bringas Abarca, el edil record\u00f3 quie lo m\u00e1s valioso de la sociedad es la ni\u00f1ez, generaciones actuales que son motivo de un trabajo permanente, pues son, dijo, garantes de un futuro promisorio.<\/p>\n","protected":false},"excerpt":{"rendered":"<p>En un ambiente desborado por la alegr\u00eda con motivo del festejo del D\u00eda de Reyes, organizado por el ayuntamiento de Metepec, el alcalde David L\u00f3pez C\u00e1rdenas, comprometi\u00f3 seguir impulsando pol\u00edticas p\u00fablicas que garanticen su cuidado y desarrollo, a trav\u00e9s de la educaci\u00f3n, salud y su protecci\u00f3n. <\/p>\n","protected":false},"author":3,"featured_media":359703,"comment_status":"open","ping_status":"open","sticky":false,"template":"","format":"standard","meta":{"_monsterinsights_skip_tracking":false,"_monsterinsights_sitenote_active":false,"_monsterinsights_sitenote_note":"","_monsterinsights_sitenote_category":0,"footnotes":""},"categories":[35155],"tags":[14250,14935,43675,69616],"class_list":["post-359618","post","type-post","status-publish","format-standard","has-post-thumbnail","hentry","category-estado-de-mexico-estado-de-mexico","tag-david-lopez-cardenas","tag-dia-de-reyes","tag-estado-de-mexico","tag-metepe"],"_links":{"self":[{"href":"https:\/\/www.diarioimagen.net\/index.php?rest_route=\/wp\/v2\/posts\/359618","targetHints":{"allow":["GET"]}}],"collection":[{"href":"https:\/\/www.diarioimagen.net\/index.php?rest_route=\/wp\/v2\/posts"}],"about":[{"href":"https:\/\/www.diarioimagen.net\/index.php?rest_route=\/wp\/v2\/types\/post"}],"author":[{"embeddable":true,"href":"https:\/\/www.diarioimagen.net\/index.php?rest_route=\/wp\/v2\/users\/3"}],"replies":[{"embeddable":true,"href":"https:\/\/www.diarioimagen.net\/index.php?rest_route=%2Fwp%2Fv2%2Fcomments&post=359618"}],"version-history":[{"count":0,"href":"https:\/\/www.diarioimagen.net\/index.php?rest_route=\/wp\/v2\/posts\/359618\/revisions"}],"wp:featuredmedia":[{"embeddable":true,"href":"https:\/\/www.diarioimagen.net\/index.php?rest_route=\/wp\/v2\/media\/359703"}],"wp:attachment":[{"href":"https:\/\/www.diarioimagen.net\/index.php?rest_route=%2Fwp%2Fv2%2Fmedia&parent=359618"}],"wp:term":[{"taxonomy":"category","embeddable":true,"href":"https:\/\/www.diarioimagen.net\/index.php?rest_route=%2Fwp%2Fv2%2Fcategories&post=359618"},{"taxonomy":"post_tag","embeddable":true,"href":"https:\/\/www.diarioimagen.net\/index.php?rest_route=%2Fwp%2Fv2%2Ftags&post=359618"}],"curies":[{"name":"wp","href":"https:\/\/api.w.org\/{rel}","templated":true}]}}