{"id":359823,"date":"2018-01-16T00:09:36","date_gmt":"2018-01-16T06:09:36","guid":{"rendered":"http:\/\/www.diarioimagen.net\/?p=359823"},"modified":"2018-01-16T03:15:55","modified_gmt":"2018-01-16T09:15:55","slug":"gobierno-decide-seguridad-en-mitines-no-precandidatos-mam","status":"publish","type":"post","link":"https:\/\/www.diarioimagen.net\/?p=359823","title":{"rendered":"Gobierno decide seguridad en m\u00edtines, no precandidatos: MAM"},"content":{"rendered":"<ul>\n<li><strong><em>Reprocha a Claudia Sheinbaum<\/em><\/strong><\/li>\n<\/ul>\n<p>&nbsp;<\/p>\n<div id=\"attachment_359913\" style=\"width: 470px\" class=\"wp-caption aligncenter\"><a href=\"http:\/\/www.diarioimagen.net\/?attachment_id=359913\" rel=\"attachment wp-att-359913\"><img loading=\"lazy\" decoding=\"async\" aria-describedby=\"caption-attachment-359913\" class=\"size-large wp-image-359913\" src=\"http:\/\/www.diarioimagen.net\/wp-content\/uploads\/2018\/01\/MANCERA-3285-460x259.jpg\" alt=\"\" width=\"460\" height=\"259\" srcset=\"https:\/\/www.diarioimagen.net\/wp-content\/uploads\/2018\/01\/MANCERA-3285-460x259.jpg 460w, https:\/\/www.diarioimagen.net\/wp-content\/uploads\/2018\/01\/MANCERA-3285-240x135.jpg 240w, https:\/\/www.diarioimagen.net\/wp-content\/uploads\/2018\/01\/MANCERA-3285-235x132.jpg 235w, https:\/\/www.diarioimagen.net\/wp-content\/uploads\/2018\/01\/MANCERA-3285-202x114.jpg 202w, https:\/\/www.diarioimagen.net\/wp-content\/uploads\/2018\/01\/MANCERA-3285-350x196.jpg 350w, https:\/\/www.diarioimagen.net\/wp-content\/uploads\/2018\/01\/MANCERA-3285-220x123.jpg 220w, https:\/\/www.diarioimagen.net\/wp-content\/uploads\/2018\/01\/MANCERA-3285-237x132.jpg 237w, https:\/\/www.diarioimagen.net\/wp-content\/uploads\/2018\/01\/MANCERA-3285.jpg 480w\" sizes=\"auto, (max-width: 460px) 100vw, 460px\" \/><\/a><p id=\"caption-attachment-359913\" class=\"wp-caption-text\">Miguel \u00c1ngel Mancera aclar\u00f3 que su gobierno decidir\u00e1 c\u00f3mo implementar los operativos en m\u00edtines pol\u00edticos, no los precandidatos.<\/p><\/div>\n<p>&nbsp;<\/p>\n<p>El Instituto Electoral de la Ciudad (IECM) notific\u00f3 al gobierno de la Ciudad de M\u00e9xico que debe dar garant\u00eda a la seguridad de la precandidata de Morena, Claudia Sheinbaum, por ello, sostuvo el jefe de gobierno, Miguel \u00c1ngel Mancera, su gobierno decidir\u00e1 c\u00f3mo implementar los operativos.<\/p>\n<p>Esto, luego de que la morenista solicitara que se disminuyera la presencia policial en su mitin en la delegaci\u00f3n Coyoac\u00e1n, adonde finalmente llegaron 70 elementos.<\/p>\n<p>\u201cAyer hicieron la solicitud de que se retirara la polic\u00eda, yo quiero dejar claro algo (&#8230;) estas solicitudes de que ahora quiten la polic\u00eda, ahora queremos polic\u00eda, ahora queremos menos, ahora queremos m\u00e1s.<\/p>\n<p>\u201cDefinitivamente habl\u00e9 con el secretario de Seguridad P\u00fablica y la operatividad que plantee el gobierno de la Ciudad de M\u00e9xico, esa es la que se va implementar\u201d, se\u00f1al\u00f3 Mancera Espinosa.<\/p>\n<p>\u201cNo estamos y no vamos a estar preguntando c\u00f3mo es que se quiere, simple y sencillamente hay una petici\u00f3n y adem\u00e1s la medida que ha sido notificada ya al gobierno de la Ciudad de M\u00e9xico por parte del Instituto, no dice entremos a una negociaci\u00f3n a ver cu\u00e1ntos polic\u00edas se quieren o d\u00f3nde se quieren colocados, as\u00ed que, la operatividad que tenga que plantear el gobierno de la ciudad, \u00e9sa es la que se va a llevar a cabo\u201d.<\/p>\n<p>Mancera expuso que su gobierno har\u00e1 todo lo que est\u00e9 en su cancha operativa para garantizar la seguridad de la precandidata y de los asistentes.<\/p>\n<p>Adem\u00e1s, reproch\u00f3 que Sheinbaum hablara ayer con el jefe de la Polic\u00eda, Hiram Almeida y le solicitara que retirara elementos.<\/p>\n<p>A\u00fan cuando en d\u00edas pasados y tras las ri\u00f1as suscitadas tambi\u00e9n en Coyoac\u00e1n pidi\u00f3 al gobierno local seguridad en sus eventos.<\/p>\n<p>\u201cLo que se tenga que hacer operativamente as\u00ed se va a hacer, porque ayer la comunicaci\u00f3n que tuvo directamente por parte de la precandidata, el Secretario de Seguridad, es para que se retirara la polic\u00eda y para que solo se dejaran algunas patrullas. Entonces, as\u00ed no se puede dar la garant\u00eda que se est\u00e1 exigiendo el instituto\u201d.<\/p>\n<p>Se espera que hacia el mediod\u00eda de este lunes, los 16 delegados firmen un pacto de civilidad con el Gobierno local, tal como la semana pasada lo hicieron los partidos pol\u00edticos a excepci\u00f3n de Morena, PT y Encuentro Social.<\/p>\n","protected":false},"excerpt":{"rendered":"<p>El Instituto Electoral de la Ciudad (IECM) notific\u00f3 al gobierno de la Ciudad de M\u00e9xico que debe dar garant\u00eda a la seguridad de la precandidata de Morena, Claudia Sheinbaum, por ello, sostuvo el jefe de gobierno, Miguel \u00c1ngel Mancera, su gobierno decidir\u00e1 c\u00f3mo implementar los operativos.<\/p>\n","protected":false},"author":3,"featured_media":359913,"comment_status":"open","ping_status":"open","sticky":false,"template":"","format":"standard","meta":{"_monsterinsights_skip_tracking":false,"_monsterinsights_sitenote_active":false,"_monsterinsights_sitenote_note":"","_monsterinsights_sitenote_category":0,"footnotes":""},"categories":[6],"tags":[204,5314,43677],"class_list":["post-359823","post","type-post","status-publish","format-standard","has-post-thumbnail","hentry","category-cd-de-mexico","tag-ciudad-de-mexico","tag-miguel-angel-mancera-espinosa","tag-seguridad"],"_links":{"self":[{"href":"https:\/\/www.diarioimagen.net\/index.php?rest_route=\/wp\/v2\/posts\/359823","targetHints":{"allow":["GET"]}}],"collection":[{"href":"https:\/\/www.diarioimagen.net\/index.php?rest_route=\/wp\/v2\/posts"}],"about":[{"href":"https:\/\/www.diarioimagen.net\/index.php?rest_route=\/wp\/v2\/types\/post"}],"author":[{"embeddable":true,"href":"https:\/\/www.diarioimagen.net\/index.php?rest_route=\/wp\/v2\/users\/3"}],"replies":[{"embeddable":true,"href":"https:\/\/www.diarioimagen.net\/index.php?rest_route=%2Fwp%2Fv2%2Fcomments&post=359823"}],"version-history":[{"count":0,"href":"https:\/\/www.diarioimagen.net\/index.php?rest_route=\/wp\/v2\/posts\/359823\/revisions"}],"wp:featuredmedia":[{"embeddable":true,"href":"https:\/\/www.diarioimagen.net\/index.php?rest_route=\/wp\/v2\/media\/359913"}],"wp:attachment":[{"href":"https:\/\/www.diarioimagen.net\/index.php?rest_route=%2Fwp%2Fv2%2Fmedia&parent=359823"}],"wp:term":[{"taxonomy":"category","embeddable":true,"href":"https:\/\/www.diarioimagen.net\/index.php?rest_route=%2Fwp%2Fv2%2Fcategories&post=359823"},{"taxonomy":"post_tag","embeddable":true,"href":"https:\/\/www.diarioimagen.net\/index.php?rest_route=%2Fwp%2Fv2%2Ftags&post=359823"}],"curies":[{"name":"wp","href":"https:\/\/api.w.org\/{rel}","templated":true}]}}