{"id":360001,"date":"2018-01-17T00:10:37","date_gmt":"2018-01-17T06:10:37","guid":{"rendered":"http:\/\/www.diarioimagen.net\/?p=360001"},"modified":"2018-01-17T03:06:42","modified_gmt":"2018-01-17T09:06:42","slug":"viven-en-edomex-14-de-cada-100-mexicanos","status":"publish","type":"post","link":"https:\/\/www.diarioimagen.net\/?p=360001","title":{"rendered":"Viven en Edomex 14 de cada 100 mexicanos"},"content":{"rendered":"<ul>\n<li><strong><em>Es la entidad m\u00e1s poblada del pa\u00eds<\/em><\/strong><\/li>\n<\/ul>\n<p>&nbsp;<\/p>\n<div id=\"attachment_360096\" style=\"width: 470px\" class=\"wp-caption aligncenter\"><a href=\"http:\/\/www.diarioimagen.net\/?attachment_id=360096\" rel=\"attachment wp-att-360096\"><img loading=\"lazy\" decoding=\"async\" aria-describedby=\"caption-attachment-360096\" class=\"size-large wp-image-360096\" src=\"http:\/\/www.diarioimagen.net\/wp-content\/uploads\/2018\/01\/poblacion-3286-460x259.jpg\" alt=\"\" width=\"460\" height=\"259\" srcset=\"https:\/\/www.diarioimagen.net\/wp-content\/uploads\/2018\/01\/poblacion-3286-460x259.jpg 460w, https:\/\/www.diarioimagen.net\/wp-content\/uploads\/2018\/01\/poblacion-3286-240x135.jpg 240w, https:\/\/www.diarioimagen.net\/wp-content\/uploads\/2018\/01\/poblacion-3286-235x132.jpg 235w, https:\/\/www.diarioimagen.net\/wp-content\/uploads\/2018\/01\/poblacion-3286-202x114.jpg 202w, https:\/\/www.diarioimagen.net\/wp-content\/uploads\/2018\/01\/poblacion-3286-350x196.jpg 350w, https:\/\/www.diarioimagen.net\/wp-content\/uploads\/2018\/01\/poblacion-3286-220x123.jpg 220w, https:\/\/www.diarioimagen.net\/wp-content\/uploads\/2018\/01\/poblacion-3286-237x132.jpg 237w, https:\/\/www.diarioimagen.net\/wp-content\/uploads\/2018\/01\/poblacion-3286.jpg 480w\" sizes=\"auto, (max-width: 460px) 100vw, 460px\" \/><\/a><p id=\"caption-attachment-360096\" class=\"wp-caption-text\">El Estado de M\u00e9xico se mantiene como el m\u00e1s poblado del pa\u00eds, con 16 millones 187 mil 608 habitantes.<\/p><\/div>\n<p>&nbsp;<\/p>\n<p><strong>Toluca, Estado de M\u00e9xico<\/strong>.- Aunque ocupa el lugar 25 por su extensi\u00f3n territorial, el Estado de M\u00e9xico se mantiene como el m\u00e1s poblado del pa\u00eds: en esta entidad viven 14 de cada 100 mexicanos.<\/p>\n<p>De acuerdo con los principales resultados de la Encuesta Intercensal 2015, el Estado de M\u00e9xico concentra el mayor n\u00famero de habitantes a nivel nacional, a pesar de que, en comparaci\u00f3n con otras entidades, la extensi\u00f3n territorial es menor.<\/p>\n<p>Al respecto, Carlos Gabriel Rodarte Cordero, secretario T\u00e9cnico del Consejo Estatal de Poblaci\u00f3n (Coespo), organismo adscrito a la Secretar\u00eda General de Gobierno, se\u00f1al\u00f3 que el Instituto Nacional de Estad\u00edstica y Geograf\u00eda (Inegi), levant\u00f3 la Encuesta Intercensal 2015 para actualizar la informaci\u00f3n enfatizando que \u201cel Estado de M\u00e9xico es similar a la suma de la poblaci\u00f3n total de los estados de Yucat\u00e1n, Quer\u00e9taro, Morelos, Durango, Zacatecas, Quintana Roo, Aguascalientes, Tlaxcala, Nayarit, Campeche y Baja California\u201d.<\/p>\n<p>Para el Inegi, en 2015 el Estado de M\u00e9xico concentr\u00f3 el 13.5 por ciento de poblaci\u00f3n, que representa 16 millones 187 mil 608 habitantes de las 119 millones 530 personas en el pa\u00eds.<\/p>\n<p>Adem\u00e1s de que la entidad cuenta con 22,351 km2, por lo que ocupa el lugar 25 a nivel nacional por su extensi\u00f3n territorial.<\/p>\n<p>Rodarte Cordero destac\u00f3 que por cada 100 personas en M\u00e9xico, alrededor de 14 viven distribuidas en los 125 municipios del Estado de M\u00e9xico.\u00a0 Agreg\u00f3 que en el Estado de M\u00e9xico por cada 100 habitantes, 52 son mujeres, esto quiere decir que ellas son el grueso de la poblaci\u00f3n en la entidad.<\/p>\n<p>Las mujeres representan 51.6 por ciento de la poblaci\u00f3n total en el Estado, y los hombres 48.4 por ciento; es decir, hay 8 millones 353 mil mujeres y 7 millones 834 mil 68 hombres.<\/p>\n<p>De acuerdo con las proyecciones del Consejo Nacional de Poblaci\u00f3n (Conapo), se estima que en el a\u00f1o 2020, 11 de cada 100 habitantes ser\u00e1n adultos mayores y las cifras seguir\u00e1n increment\u00e1ndose; en el a\u00f1o 2025, 13 de cada 100; y en 2030 se ubicar\u00e1 en 15 de cada 100, precis\u00f3.<\/p>\n","protected":false},"excerpt":{"rendered":"<p>Aunque ocupa el lugar 25 por su extensi\u00f3n territorial, el Estado de M\u00e9xico se mantiene como el m\u00e1s poblado del pa\u00eds: en esta entidad viven 14 de cada 100 mexicanos.<\/p>\n","protected":false},"author":3,"featured_media":360096,"comment_status":"open","ping_status":"open","sticky":false,"template":"","format":"standard","meta":{"_monsterinsights_skip_tracking":false,"_monsterinsights_sitenote_active":false,"_monsterinsights_sitenote_note":"","_monsterinsights_sitenote_category":0,"footnotes":""},"categories":[5],"tags":[43675,47157,7017,452],"class_list":["post-360001","post","type-post","status-publish","format-standard","has-post-thumbnail","hentry","category-estado-de-mexico","tag-estado-de-mexico","tag-habitantes","tag-poblacion","tag-toluca"],"_links":{"self":[{"href":"https:\/\/www.diarioimagen.net\/index.php?rest_route=\/wp\/v2\/posts\/360001","targetHints":{"allow":["GET"]}}],"collection":[{"href":"https:\/\/www.diarioimagen.net\/index.php?rest_route=\/wp\/v2\/posts"}],"about":[{"href":"https:\/\/www.diarioimagen.net\/index.php?rest_route=\/wp\/v2\/types\/post"}],"author":[{"embeddable":true,"href":"https:\/\/www.diarioimagen.net\/index.php?rest_route=\/wp\/v2\/users\/3"}],"replies":[{"embeddable":true,"href":"https:\/\/www.diarioimagen.net\/index.php?rest_route=%2Fwp%2Fv2%2Fcomments&post=360001"}],"version-history":[{"count":0,"href":"https:\/\/www.diarioimagen.net\/index.php?rest_route=\/wp\/v2\/posts\/360001\/revisions"}],"wp:featuredmedia":[{"embeddable":true,"href":"https:\/\/www.diarioimagen.net\/index.php?rest_route=\/wp\/v2\/media\/360096"}],"wp:attachment":[{"href":"https:\/\/www.diarioimagen.net\/index.php?rest_route=%2Fwp%2Fv2%2Fmedia&parent=360001"}],"wp:term":[{"taxonomy":"category","embeddable":true,"href":"https:\/\/www.diarioimagen.net\/index.php?rest_route=%2Fwp%2Fv2%2Fcategories&post=360001"},{"taxonomy":"post_tag","embeddable":true,"href":"https:\/\/www.diarioimagen.net\/index.php?rest_route=%2Fwp%2Fv2%2Ftags&post=360001"}],"curies":[{"name":"wp","href":"https:\/\/api.w.org\/{rel}","templated":true}]}}