{"id":360026,"date":"2018-01-17T00:01:44","date_gmt":"2018-01-17T06:01:44","guid":{"rendered":"http:\/\/www.diarioimagen.net\/?p=360026"},"modified":"2018-01-17T03:42:02","modified_gmt":"2018-01-17T09:42:02","slug":"fitur-se-une-a-la-confederacion-espanola-de-agencias-de-viajes-y-a-medicos-sin-fronteras-para-promover-la-campana-volandova-com-y-fitur-shopping-una-de-las-motivaciones-de-viaje","status":"publish","type":"post","link":"https:\/\/www.diarioimagen.net\/?p=360026","title":{"rendered":"Fitur se une a la Confederaci\u00f3n Espa\u00f1ola de Agencias de Viajes y a M\u00e9dicos Sin Fronteras, para promover la campa\u00f1a \u201cVolandoVa.com\u201d y Fitur Shopping, una de las motivaciones de viaje"},"content":{"rendered":"<h2>De cinco estrellas<\/h2>\n<h5>Victoria Gonz\u00e1lez Prado<\/h5>\n<p>&nbsp;<\/p>\n<ul>\n<li><em><strong>52 millones de d\u00f3lares invertir\u00e1 el Aeropuerto Internacional de Dallas Fort Worth para remodelar pistas y mejorar la iluminaci\u00f3n<\/strong><\/em><\/li>\n<li><em><strong>Desde el 1 de abril de 2018, usar el programa de viajero frecuente de Air France-KLM, Flying Blue, ser\u00e1 mucho m\u00e1s f\u00e1cil<\/strong><\/em><\/li>\n<li><em><strong>El fabricante canadiense, Bombardier, anunci\u00f3 que Korean Air recibi\u00f3 el primero de los 10 birreactores de la familia C Series<\/strong><\/em><\/li>\n<\/ul>\n<p>&nbsp;<\/p>\n<div id=\"attachment_360126\" style=\"width: 470px\" class=\"wp-caption aligncenter\"><a href=\"http:\/\/www.diarioimagen.net\/?attachment_id=360126\" rel=\"attachment wp-att-360126\"><img loading=\"lazy\" decoding=\"async\" aria-describedby=\"caption-attachment-360126\" class=\"size-large wp-image-360126\" src=\"http:\/\/www.diarioimagen.net\/wp-content\/uploads\/2018\/01\/turismo-3286-460x259.jpg\" alt=\"\" width=\"460\" height=\"259\" srcset=\"https:\/\/www.diarioimagen.net\/wp-content\/uploads\/2018\/01\/turismo-3286-460x259.jpg 460w, https:\/\/www.diarioimagen.net\/wp-content\/uploads\/2018\/01\/turismo-3286-240x135.jpg 240w, https:\/\/www.diarioimagen.net\/wp-content\/uploads\/2018\/01\/turismo-3286-235x132.jpg 235w, https:\/\/www.diarioimagen.net\/wp-content\/uploads\/2018\/01\/turismo-3286-202x114.jpg 202w, https:\/\/www.diarioimagen.net\/wp-content\/uploads\/2018\/01\/turismo-3286-350x196.jpg 350w, https:\/\/www.diarioimagen.net\/wp-content\/uploads\/2018\/01\/turismo-3286-220x123.jpg 220w, https:\/\/www.diarioimagen.net\/wp-content\/uploads\/2018\/01\/turismo-3286-237x132.jpg 237w, https:\/\/www.diarioimagen.net\/wp-content\/uploads\/2018\/01\/turismo-3286.jpg 480w\" sizes=\"auto, (max-width: 460px) 100vw, 460px\" \/><\/a><p id=\"caption-attachment-360126\" class=\"wp-caption-text\">Aqu\u00ed se inaugura la Fitur 2018.<\/p><\/div>\n<p>&nbsp;<\/p>\n<p><strong>Madrid, Espa\u00f1a<\/strong>.- Hoy ser\u00e1 inaugurada la Feria Internacional de Turismo 2018 (Fitur), en esta capital y una de las noticias es la uni\u00f3n de la Fitur a la Confederaci\u00f3n Espa\u00f1ola de Agencias de Viajes, (CEAV),\u00a0 y M\u00e9dicos Sin Fronteras, (MSF), para promover la campa\u00f1a \u201cVolandoVa.com\u201d, colaboraci\u00f3n que se materializa en la promoci\u00f3n de esta iniciativa, a trav\u00e9s de distintas plataformas de comunicaci\u00f3n.<\/p>\n<p>As\u00ed, entre los participantes en la Fitur se har\u00e1 la campa\u00f1a para conseguir el reto que se han propuesto: apoyo suficiente para llenar 100 aviones de ayuda humanitaria.<\/p>\n<p>Sumarse a este\u00a0 reto es muy sencillo, pues durante la feria y en el stand de CEAV habr\u00e1\u00a0 equipos de VolandoVa.com que\u00a0 explicar\u00e1n a los visitantes c\u00f3mo pueden reservar una plaza en estos aviones y les obsequiar\u00e1n identificador para la maleta con el que podr\u00e1n presumir de haber sido una de las personas que ha hecho posible este reto conjunto.<\/p>\n<p>Adem\u00e1s, la secci\u00f3n <em>Fitur Shopping<\/em> abordar\u00e1\u00a0 algunas de las cuestiones clave de este segmento de turismo, que es ya una de las motivaciones principales de millones de personas a la hora de elegir un destino.<\/p>\n<p>En esta ocasi\u00f3n, <em>Fitur Shopping<\/em> se articular\u00e1 en torno a una serie de mesas redondas que tratar\u00e1n temas como: \u2018El turismo de compras en destinos: marcas globales y dise\u00f1o local\u2019; \u2018Turismo de compras en comercios singulares de Madrid y \u2018Turismo de Compras y Digitalizaci\u00f3n\u2019.<\/p>\n<p>En las conferencias participar\u00e1 la Organizaci\u00f3n Mundial del Turismo (OMT), Ayuntamiento de Madrid, Comunidad de Madrid, Festitur (ente de promoci\u00f3n de Buenos Aires), <em>Andorra Turisme<\/em>, Fundaci\u00f3n Turismo Valencia, Mercado Municipal de Vallehermoso, Federaci\u00f3n de \u00c1reas Urbanas de Canarias-Fauca y empresas, como Acotex, Soluciones Tur\u00edsticas, <em>Isol\u00e9e, Squarefer, Dufry, Williamsburg Vintage Clothes <\/em>y <em>Casual Hotels<\/em>.<\/p>\n<p>Es importante se\u00f1alar que entre enero y septiembre de 2017, el <em>tax free<\/em> ha incrementado en Espa\u00f1a un 18 por ciento, por lo que los ingresos podr\u00edan superar los 2 mil 300 millones de euros.<\/p>\n<p>\u2730\u2730\u2730\u2730\u2730 52 millones de d\u00f3lares, fondos de subvenci\u00f3n federal, otorgados por la Administraci\u00f3n Federal de Aviaci\u00f3n (FAA), son lo que invertir\u00e1 el Aeropuerto Internacional de Dallas Fort Worth para remodelar pistas y mejorar la iluminaci\u00f3n de las mismas, como parte de una b\u00fasqueda de mejoramiento continuo.<\/p>\n<p>Una de las novedades ser\u00e1 el equipamiento con un sensor de pavimento actualizado, que medir\u00e1 los cambios bruscos que puedan afectar de alguna forma los despegues y aterrizaje en la pista 17C\/35C, esto, para aumentar su capacidad y atraer m\u00e1s rutas internacionales.<\/p>\n<p><strong>Sean Donohue<\/strong>, director ejecutivo del Aeropuerto DFW, agradeci\u00f3 a los socios que apoyaron al aer\u00f3dromo, a trav\u00e9s de FAA. \u201crehabilitaremos la pista utilizada para m\u00e1s llegadas que ninguna otra en DFW, y esta donaci\u00f3n contribuir\u00e1 en gran medida a financiar esa necesidad cr\u00edtica de infraestructura\u201d.<\/p>\n<p>La pista estar\u00e1 cerrada durante los cuatro meses que dure la remodelaci\u00f3n; sin embargo, seis pistas adicionales se encargaran de operar el tr\u00e1fico, sin ocasionar en ning\u00fan momento un motivo de atraso en los vuelos.<\/p>\n<p>\u2730\u2730\u2730\u2730\u2730 Desde el 1 de abril de 2018, usar el programa de viajero frecuente de <em>Air France-KLM<\/em>, <em>Flying Blue,<\/em> ser\u00e1 mucho m\u00e1s f\u00e1cil, ya que las millas recaudadas depender\u00e1n directamente de la distancia realizada desde el momento del despegue hasta el aterrizaje. Esto aplica para todos los vuelos operados por este consorcio, as\u00ed como aquellos realizados con <em>HOP!<\/em> y <em>Joon.<\/em><\/p>\n<p>Cada cantidad monetaria gastada por los socios <em>Ivory, Silver, Gold <\/em>y <em>Platinum <\/em>recibir\u00e1n 4, 6, 7 y 8 millas, respectivamente. Con <em>Flying Blue<\/em> acumular\u00e1s tambi\u00e9n \u201cpuntos de experiencia\u201d, que podr\u00e1n ser utilizados para moverse entre las categor\u00edas de usuario frecuente (la categor\u00eda <em>Silver <\/em>es igual a 100 XP, <em>Gold<\/em> a 180 XP y Platinum a 300 XP). Los XP se calcular\u00e1n dependiendo del vuelo, as\u00ed como la cabina seleccionada.<\/p>\n<p><strong>Fr\u00e9d\u00e9ric Kahane<\/strong>, vicepresidente de <em>Flying Blue<\/em>, dijo \u201ccumplir con las expectativas de los clientes gracias a un sistema m\u00e1s sencillo y personalizado ha sido uno de los objetivos principales durante estos dos a\u00f1os que trabajamos en la reinvenci\u00f3n de <em>Flying Blue.<\/em> Esperamos que se convierta en el mejor programa de viajero frecuente, fruto de escuchar a nuestros clientes\u201d.<\/p>\n<p>Se pueden obtener puntos adicionales al momento de adquirir servicios adicionales, como pedir alimentos <em>\u00c0 la Carte<\/em>, el equipaje adicional y la reserva de asientos.<\/p>\n<p>\u2730\u2730\u2730\u2730\u2730 E<strong>l <\/strong>fabricante canadiense, <em>Bombardier, <\/em>anunci\u00f3 que la aerol\u00ednea <em>Korean Air<\/em> recibi\u00f3 su primer birreactor de la familia C Series, el primero de diez ejemplares del modelo CS300. De esta forma, la mayor aerol\u00ednea surcoreana se ha convertido en el tercer operador de este equipo en el mundo, tras <em>Swiss<\/em> y <em>Air Baltic.<\/em><\/p>\n<p><em>Korean Air<\/em> ha elegido para sus CS300 una configuraci\u00f3n de 127 asientos, de los que 25 son Turista Premium y 102 turista.<\/p>\n<p>\u201cEste es un hito muy importante para el programa C Series, porque es nuestra entrada en el mercado asi\u00e1tico de r\u00e1pido crecimiento, y nos sentimos honrados de tener a <em>Korean Air<\/em> como nuestro embajador de la marca en la regi\u00f3n\u201d, coment\u00f3 <strong>Fred Cromer<\/strong>, presidente de <em>Bombardier Commercial Aircraft.<\/em><\/p>\n<p><em><a href=\"mailto:victoriagprado@gmail.com\" target=\"_blank\" rel=\"noopener noreferrer\">victoriagprado@gmail.com<\/a><br \/>\nTwitter: <a href=\"https:\/\/twitter.com\/victoriagprado\" target=\"_blank\" rel=\"noopener noreferrer\">@victoriagprado<\/a><\/em><\/p>\n","protected":false},"excerpt":{"rendered":"<p>Hoy ser\u00e1 inaugurada la Feria Internacional de Turismo 2018 (Fitur), en esta capital y una de las noticias es la uni\u00f3n de la Fitur a la Confederaci\u00f3n Espa\u00f1ola de Agencias de Viajes, (CEAV),  y M\u00e9dicos Sin Fronteras, (MSF), para promover la campa\u00f1a \u201cVolandoVa.com\u201d, colaboraci\u00f3n que se materializa en la promoci\u00f3n de esta iniciativa, a trav\u00e9s de distintas plataformas de comunicaci\u00f3n.<\/p>\n","protected":false},"author":3,"featured_media":360126,"comment_status":"open","ping_status":"open","sticky":false,"template":"","format":"standard","meta":{"_monsterinsights_skip_tracking":false,"_monsterinsights_sitenote_active":false,"_monsterinsights_sitenote_note":"","_monsterinsights_sitenote_category":0,"footnotes":""},"categories":[11],"tags":[107,850,2659,43681,106],"class_list":["post-360026","post","type-post","status-publish","format-standard","has-post-thumbnail","hentry","category-turismo","tag-de-cinco-estrellas","tag-espana","tag-madrid","tag-turismo","tag-victoria-gonzalez-prado"],"_links":{"self":[{"href":"https:\/\/www.diarioimagen.net\/index.php?rest_route=\/wp\/v2\/posts\/360026","targetHints":{"allow":["GET"]}}],"collection":[{"href":"https:\/\/www.diarioimagen.net\/index.php?rest_route=\/wp\/v2\/posts"}],"about":[{"href":"https:\/\/www.diarioimagen.net\/index.php?rest_route=\/wp\/v2\/types\/post"}],"author":[{"embeddable":true,"href":"https:\/\/www.diarioimagen.net\/index.php?rest_route=\/wp\/v2\/users\/3"}],"replies":[{"embeddable":true,"href":"https:\/\/www.diarioimagen.net\/index.php?rest_route=%2Fwp%2Fv2%2Fcomments&post=360026"}],"version-history":[{"count":0,"href":"https:\/\/www.diarioimagen.net\/index.php?rest_route=\/wp\/v2\/posts\/360026\/revisions"}],"wp:featuredmedia":[{"embeddable":true,"href":"https:\/\/www.diarioimagen.net\/index.php?rest_route=\/wp\/v2\/media\/360126"}],"wp:attachment":[{"href":"https:\/\/www.diarioimagen.net\/index.php?rest_route=%2Fwp%2Fv2%2Fmedia&parent=360026"}],"wp:term":[{"taxonomy":"category","embeddable":true,"href":"https:\/\/www.diarioimagen.net\/index.php?rest_route=%2Fwp%2Fv2%2Fcategories&post=360026"},{"taxonomy":"post_tag","embeddable":true,"href":"https:\/\/www.diarioimagen.net\/index.php?rest_route=%2Fwp%2Fv2%2Ftags&post=360026"}],"curies":[{"name":"wp","href":"https:\/\/api.w.org\/{rel}","templated":true}]}}