{"id":360045,"date":"2018-01-17T00:02:26","date_gmt":"2018-01-17T06:02:26","guid":{"rendered":"http:\/\/www.diarioimagen.net\/?p=360045"},"modified":"2018-01-17T04:05:20","modified_gmt":"2018-01-17T10:05:20","slug":"convocatoria-para-participar-en-la-fuerza-policial-de-tultepec","status":"publish","type":"post","link":"https:\/\/www.diarioimagen.net\/?p=360045","title":{"rendered":"Convocatoria para participar en la fuerza policial de Tultepec"},"content":{"rendered":"<ul>\n<li><strong><em>Esperan reclutar al menos a 50 aspirantes<\/em><\/strong><\/li>\n<\/ul>\n<p>&nbsp;<\/p>\n<div id=\"attachment_360149\" style=\"width: 470px\" class=\"wp-caption aligncenter\"><a href=\"http:\/\/www.diarioimagen.net\/?attachment_id=360149\" rel=\"attachment wp-att-360149\"><img loading=\"lazy\" decoding=\"async\" aria-describedby=\"caption-attachment-360149\" class=\"size-large wp-image-360149\" src=\"http:\/\/www.diarioimagen.net\/wp-content\/uploads\/2018\/01\/TULTEPEC-3286-460x259.jpg\" alt=\"\" width=\"460\" height=\"259\" srcset=\"https:\/\/www.diarioimagen.net\/wp-content\/uploads\/2018\/01\/TULTEPEC-3286-460x259.jpg 460w, https:\/\/www.diarioimagen.net\/wp-content\/uploads\/2018\/01\/TULTEPEC-3286-240x135.jpg 240w, https:\/\/www.diarioimagen.net\/wp-content\/uploads\/2018\/01\/TULTEPEC-3286-235x132.jpg 235w, https:\/\/www.diarioimagen.net\/wp-content\/uploads\/2018\/01\/TULTEPEC-3286-202x114.jpg 202w, https:\/\/www.diarioimagen.net\/wp-content\/uploads\/2018\/01\/TULTEPEC-3286-350x196.jpg 350w, https:\/\/www.diarioimagen.net\/wp-content\/uploads\/2018\/01\/TULTEPEC-3286-220x123.jpg 220w, https:\/\/www.diarioimagen.net\/wp-content\/uploads\/2018\/01\/TULTEPEC-3286-237x132.jpg 237w, https:\/\/www.diarioimagen.net\/wp-content\/uploads\/2018\/01\/TULTEPEC-3286.jpg 480w\" sizes=\"auto, (max-width: 460px) 100vw, 460px\" \/><\/a><p id=\"caption-attachment-360149\" class=\"wp-caption-text\">Abren convocatoria para participar en el proceso de selecci\u00f3n de aspirantes a ingresar en la Comisar\u00eda de Seguridad Ciudadana y Tr\u00e1nsito Municipal.<\/p><\/div>\n<p>&nbsp;<\/p>\n<p><strong>Tultepec, Estado de M\u00e9xico<\/strong>.- El Ayuntamiento 2016-2018, abri\u00f3 una convocatoria dirigida a todos los ciudadanos con vocaci\u00f3n de servicio, para participar en el proceso de selecci\u00f3n de aspirantes a ingresar en la Comisar\u00eda de Seguridad Ciudadana y Tr\u00e1nsito Municipal, cuya capacitaci\u00f3n para la primera generaci\u00f3n de 2018, se llevar\u00e1 a cabo de febrero a mayo.<\/p>\n<p>Con el objetivo de reclutar al menos a 50 aspirantes, en esta ocasi\u00f3n se estableci\u00f3 el modelo de solicitantes sin perfil espec\u00edfico, es decir, los interesados s\u00f3lo deben presentar su documentaci\u00f3n completa del 15 al 31 de enero de 2018, para participar en el proceso de selecci\u00f3n.<\/p>\n<p>Los resultados se dar\u00e1n a conocer v\u00eda telef\u00f3nica a los aspirantes aprobados del 1 al 4 de febrero, iniciando el proceso de capacitaci\u00f3n del Curso B\u00e1sico de Formaci\u00f3n Policial el 6 de febrero, con una duraci\u00f3n aproximada de tres meses, tiempo durante el cual contar\u00e1n con el apoyo de una beca.<\/p>\n<p>As\u00ed lo inform\u00f3 Pablo Tapia Almaraz, comisario de Seguridad Ciudadana y Tr\u00e1nsito Municipal, quien explic\u00f3 que los interesados deber\u00e1n presentarse y cumplir con los requisitos establecidos en la convocatoria y aprobar el proceso de selecci\u00f3n en las instalaciones de Seguridad Ciudadana y Tr\u00e1nsito Municipal, ubicadas en Avenida 2 de marzo s\/n, calle Aguascalientes, Col. El Quemado, Tultepec.<\/p>\n<p>Los requisitos son: acta de nacimiento, CURP, cartilla de SMN, certificado de estudios (secundaria terminada), identificaci\u00f3n oficial con fotograf\u00eda, dos fotograf\u00edas tama\u00f1o infantil en blanco y negro, comprobante de domicilio, certificado m\u00e9dico (instituci\u00f3n p\u00fablica), requisito de ingreso y permanencia a la acreditaci\u00f3n de Examen de Centro de Control y Confianza del Estado de M\u00e9xico.<\/p>\n<p>Los aspirantes deben ser mexicanos de nacimiento, escolaridad media b\u00e1sica con certificado que lo acredite, tener acreditado su Servicio Militar Nacional, gozar de buena salud f\u00edsica y mental, buena conducta, solvencia moral, no hacer uso de sustancias psicotr\u00f3picas y estupefacientes ni padecer alcoholismo.<\/p>\n<p>Los aspirantes deben tener entre 18 y 35 a\u00f1os cumplidos y ser preferentemente residentes de Tultepec, no estar sujetos a procedimientos penales o administrativos, ni tener sobrepeso; la estatura m\u00ednima es de 1.65 metros para hombres, y 1.60 en mujeres. En esta ocasi\u00f3n se recibir\u00e1 documentaci\u00f3n de ex polic\u00edas con baja voluntaria.<\/p>\n<p>En las oficinas de la Comisar\u00eda, se har\u00e1 la revisi\u00f3n de documentos y aplicaci\u00f3n de ex\u00e1menes m\u00e9dicos, aptitudes f\u00edsicas, conocimientos generales, psicol\u00f3gicos y toxicol\u00f3gicos, adem\u00e1s de que se les realizar\u00e1 una visita domiciliaria y examen de control de confianza.<\/p>\n<p>El titular de Seguridad Ciudadana, precis\u00f3 que \u00fanicamente deben acudir quienes re\u00fanan todos los requisitos, dado que la documentaci\u00f3n se cotejar\u00e1 y devolver\u00e1, pero en caso de aquella que resulte falsa, ser\u00e1 puesta a disposici\u00f3n de las autoridades competentes para los efectos legales que ameriten.<\/p>\n","protected":false},"excerpt":{"rendered":"<p>El Ayuntamiento 2016-2018, abri\u00f3 una convocatoria dirigida a todos los ciudadanos con vocaci\u00f3n de servicio, para participar en el proceso de selecci\u00f3n de aspirantes a ingresar en la Comisar\u00eda de Seguridad Ciudadana y Tr\u00e1nsito Municipal, cuya capacitaci\u00f3n para la primera generaci\u00f3n de 2018, se llevar\u00e1 a cabo de febrero a mayo.<\/p>\n","protected":false},"author":3,"featured_media":360149,"comment_status":"open","ping_status":"open","sticky":false,"template":"","format":"standard","meta":{"_monsterinsights_skip_tracking":false,"_monsterinsights_sitenote_active":false,"_monsterinsights_sitenote_note":"","_monsterinsights_sitenote_category":0,"footnotes":""},"categories":[35155],"tags":[51106,43675,66854,3802],"class_list":["post-360045","post","type-post","status-publish","format-standard","has-post-thumbnail","hentry","category-estado-de-mexico-estado-de-mexico","tag-convocatoria","tag-estado-de-mexico","tag-fuerza-policial","tag-tultepec"],"_links":{"self":[{"href":"https:\/\/www.diarioimagen.net\/index.php?rest_route=\/wp\/v2\/posts\/360045","targetHints":{"allow":["GET"]}}],"collection":[{"href":"https:\/\/www.diarioimagen.net\/index.php?rest_route=\/wp\/v2\/posts"}],"about":[{"href":"https:\/\/www.diarioimagen.net\/index.php?rest_route=\/wp\/v2\/types\/post"}],"author":[{"embeddable":true,"href":"https:\/\/www.diarioimagen.net\/index.php?rest_route=\/wp\/v2\/users\/3"}],"replies":[{"embeddable":true,"href":"https:\/\/www.diarioimagen.net\/index.php?rest_route=%2Fwp%2Fv2%2Fcomments&post=360045"}],"version-history":[{"count":0,"href":"https:\/\/www.diarioimagen.net\/index.php?rest_route=\/wp\/v2\/posts\/360045\/revisions"}],"wp:featuredmedia":[{"embeddable":true,"href":"https:\/\/www.diarioimagen.net\/index.php?rest_route=\/wp\/v2\/media\/360149"}],"wp:attachment":[{"href":"https:\/\/www.diarioimagen.net\/index.php?rest_route=%2Fwp%2Fv2%2Fmedia&parent=360045"}],"wp:term":[{"taxonomy":"category","embeddable":true,"href":"https:\/\/www.diarioimagen.net\/index.php?rest_route=%2Fwp%2Fv2%2Fcategories&post=360045"},{"taxonomy":"post_tag","embeddable":true,"href":"https:\/\/www.diarioimagen.net\/index.php?rest_route=%2Fwp%2Fv2%2Ftags&post=360045"}],"curies":[{"name":"wp","href":"https:\/\/api.w.org\/{rel}","templated":true}]}}