{"id":360065,"date":"2018-01-17T00:00:05","date_gmt":"2018-01-17T06:00:05","guid":{"rendered":"http:\/\/www.diarioimagen.net\/?p=360065"},"modified":"2018-01-16T23:59:12","modified_gmt":"2018-01-17T05:59:12","slug":"anaya-en-el-prd-creel-se-refleja-en-candidatura-del-panista","status":"publish","type":"post","link":"https:\/\/www.diarioimagen.net\/?p=360065","title":{"rendered":"Anaya en el PRD; Creel se refleja en candidatura del panista"},"content":{"rendered":"<h2>La Retaguardia<\/h2>\n<h5>Adriana Moreno Cordero<\/h5>\n<p><em>\u00a0<\/em><\/p>\n<ul>\n<li><strong><em>Barrales le puede ganar a Sheinbaum<\/em><\/strong><\/li>\n<li><em><strong>Gonz\u00e1lez Ziri\u00f3n paga brigadistas a Sodi<\/strong> <\/em><\/li>\n<\/ul>\n<p>&nbsp;<\/p>\n<p>\u201cEs para m\u00ed un verdadero honor encontrarme en la sede nacional del PRD\u201d, as\u00ed empez\u00f3 el discurso que el candidato presidencial de la coalici\u00f3n \u201cPor M\u00e9xico al Frente\u201d, <strong>Ricardo Anaya Cort\u00e9s<\/strong>, ofreci\u00f3 ni m\u00e1s ni menos que en la sede nacional del sol azteca.<\/p>\n<p>Inmediatamente el l\u00edder del partido negro-amarillo, <strong>Manuel Granados<\/strong>, le dio un chaleco amarillo con el nombre del tambi\u00e9n llamado \u201cJoven Maravilla\u201d, bordado a la izquierda, del lado del coraz\u00f3n y \u00e9ste, \u201cni tardo ni perezoso\u201d, se lo\u00a0 puso.<\/p>\n<p>Y bueno, s\u00ed para el panista fue un verdadero honor asistir a las instalaciones del PRD pero, \u00bfqu\u00e9 habr\u00eda ocurrido si no se hubiera convertido pr\u00e1cticamente en el abanderado presidencial tambi\u00e9n del sol azteca?<\/p>\n<p>Si bien, como dice un refr\u00e1n, \u201cel hubiera, no existe\u201d, no es dif\u00edcil pronosticar que Anaya hubiera montado en c\u00f3lera y arremetido contra los perredistas hasta aniquilarlos.<\/p>\n<p>Pero, en fin, esas son p\u00e1ginas a las que ya se les ha dado vuelta y quedaron en el pasado, \u00bfo no?<\/p>\n<p>En una fotograf\u00eda antes, impensable, Anaya aparece flanqueado por los \u201cChuchos\u201d, <strong>Zambrano<\/strong> y <strong>Ortega<\/strong>, as\u00ed como muy cerca de quien se ha convertido en su \u201cguarura\u201d, o m\u00e1s bien, en su sombra, y se trata de quien fuera el \u201cdelfin\u201d presidencial de <strong>Vicente<\/strong> y <strong>Marta Fox<\/strong>: <strong>Santiago Creel<\/strong>, quien se ve reflejado en la candidatura que a toda costa obtuvo Anaya y que en su momento, \u00e9l no pudo alcanzar cuando crey\u00f3 que por el 2006, ya la ten\u00eda \u201cen la bolsa\u201d.<\/p>\n<p>Tambi\u00e9n acompa\u00f1aron al ex dirigente panista: el coordinador de la corriente Vanguardia Progresista, <strong>H\u00e9ctor Serrano; <\/strong>el coordinador de los senadores del PRD<strong>, Luis S\u00e1nchez; Angel \u00c1vila, Guadalupe Acosta Naranjo<\/strong>, <strong>Luis \u00c1rias, Hortensia Arag\u00f3n<\/strong> y <strong>Agust\u00edn Basave<\/strong>.<\/p>\n<p>\u201cLa realidad de M\u00e9xico hoy nos convoca a luchar juntos\u201d, se\u00f1al\u00f3 en otra parte de su discurso Anaya Cort\u00e9s, dir\u00edase que a modo de justificaci\u00f3n por aquellos analistas que estiman que los viejos fundadores del PAN, con apellidos de raigambre, \u201cse revuelven en sus tumbas\u201d al ver la alianza que ellos juzgan \u201centre el agua y el aceite\u201d.<\/p>\n<p>Probablemente el legendario panista <strong>Manuel Clouthier<\/strong>, no lo har\u00eda tanto por esa raz\u00f3n, pues el \u201cMaqu\u00edo\u201d, (como se recordar\u00e1), fue quien llev\u00f3 a <strong>Vicente Fox<\/strong> al PAN para que contendiera por la Presidencia de la Rep\u00fablica.<\/p>\n<p>Tampoco lo har\u00eda porque su hijo, <strong>Manuel Clouthier Jr<\/strong>., se haya vuelto independiente; dicen los que saben que Maqu\u00edo se revolver\u00eda en su tumba porque <strong>Tatiana Clouthier<\/strong> fue presentada como la coordinadora de la campa\u00f1a del candidato y due\u00f1o de Morena, <strong>Andr\u00e9s Manuel L\u00f3pez Obrador<\/strong>. \u00bfSer\u00e1?<\/p>\n<p style=\"text-align: center;\"><strong>Municiones<\/strong><\/p>\n<p>*** La cuenta regresiva contin\u00faa y ser\u00e1 hoy cuando se de a conocer el resultado de las encuestas y se podr\u00e1 saber qui\u00e9n ser\u00e1 el candidato de \u201cPor M\u00e9xico a Frente\u201d al gobierno de la CDMX, entre <strong>Alejandra Barrales, Salom\u00f3n Chertorivski<\/strong> y el doctor <strong>Armando Ahued<\/strong>.<\/p>\n<p>Algo que llama poderosamente la atenci\u00f3n es que la senadora con licencia es la \u00fanica que ha dicho que en la Ciudad de M\u00e9xico, no es imposible ganarle a Morena y su candidata <strong>Claudia Sheinbaum<\/strong>, declaraci\u00f3n que ha sembrado preocupaci\u00f3n en las filas de ese partido, incluso, en su dirigente L\u00f3pez Obrador, raz\u00f3n por la cual, Barrales Magdaleno se perfila, para ocupar el Antiguo Palacio del ayuntamiento, de tal forma que tampoco es imposible que, en un duelo de mujeres, Barrales le gane a Sheinbaum, que nom\u00e1s no prende.<\/p>\n<p>*** Tal parece que la moda del tr\u00e1fico y compra de firmas electorales alcanza ahora a la Ciudad de M\u00e9xico, pues coinciden los especialistas en que esa ser\u00eda la \u00fanica explicaci\u00f3n posible para que en tan solo dos d\u00edas, el aspirante a la\u00a0 alcald\u00eda de Miguel Hidalgo, <strong>Demetrio Sodi de la Tijera<\/strong>, alcanzara m\u00e1s de cinco mil firmas para consolidar su candiatura \u201cindependiente\u201d.<\/p>\n<p>Sin embargo, el ex pri\u00edsta, ex panista y ex perredista, -seg\u00fan se sabe-, le debe este \u201cmilagrito\u201d ni m\u00e1s ni menos que al empresario <strong>Miguel Gonz\u00e1lez Ziri\u00f3n<\/strong>, quien habr\u00eda contratado de su bolsa a mil brigadistas a las \u00f3rdenes de Sodi de la Tijera, para que le consiguieran (al precio que sea, como puede apreciarse), al ex delegado tal n\u00famero de firmas; entre otras razones, porque el aspirante a la MH, anda rondando por los 75 a\u00f1os de edad, por lo cual, no pertenece a la generaci\u00f3n de los j\u00f3venes que manejan las redes y las Apps, de manera impresionante.<\/p>\n<p>*** En lo que, definitivamente, result\u00f3 ser todo un experto Sodi, es en aquello de las maniobras electorales.<\/p>\n<p>Por ejemplo no se puede olvidar cuando el entonces panista, all\u00e1 por el a\u00f1o 2009, era candidato a la delegaci\u00f3n Miguel Hidalgo por el partido albiceleste, fue entrevistado, \u201cpor casualidad\u201d, al medio tiempo de la final de futbol entre Pumas y Puebla.<\/p>\n<p>Nunca se logr\u00f3 comprobarle el gasto al ex pri\u00edsta, ex panista, ex perredista, pero es bien sabido c\u00f3mo se acuerdan esos espacios de horario estelar y, lo que cuestan en Televisa.<\/p>\n<p>*** Por cierto, de las m\u00e1s recientes \u201cperlas\u201d que nos ha obsequiado la a\u00fan delegada en Miguel Hidalgo, <strong>X\u00f3chitl G\u00e1lvez<\/strong>, tendr\u00e1 que dar por lo menos un par de explicaciones sobre un antro que se pretende construir en Campos El\u00edseos # 269, en Polanco.<\/p>\n<p>Eso s\u00ed, se dijo sorprendida ante vecinos porque dicho proyecto avanza con permisos de suelo a todas luces ilegales. Prometi\u00f3 investigar a fondo pero hasta el momento, la foxista no ha movido \u201cun dedo\u201d.<\/p>\n<p>Entonces, (se preguntan por aquellos rumbos), \u00bfpara que le seguir\u00e1 pagando \u201cpor debajo del agua\u201d a su ex city manager, <strong>Arne Aus Ruthen<\/strong>?<\/p>\n<p>*** El que s\u00ed se lanz\u00f3 a la yugular de los pri\u00edstas, fue el coordinador de la bancada del PAN en el Senado, <strong>Fernando Herrera<\/strong>, quien acus\u00f3 a los tricolores de que si el Sistema Nacional Anticorrupci\u00f3n\u00a0 no se ha concretado, \u201cpor la oposici\u00f3n del PRI-gobierno\u201d, por lo cual, el llamado que hiciera desde La Paz, Baja California Sur, <strong>Jos\u00e9 Antonio Meade<\/strong> a todos los partidos y coaliciones\u00a0 para avanzar en la implementaci\u00f3n del Sistema Nacional Anticorrupci\u00f3n.<\/p>\n<p><a href=\"mailto:morcora@gmail.com\" target=\"_blank\" rel=\"noopener\"><em>morcora@gmail.com<\/em><\/a><\/p>\n","protected":false},"excerpt":{"rendered":"<p><span style=\"color: #005497;\"><strong>Adriana Moreno Cordero<\/strong><\/span><\/p>\n","protected":false},"author":3,"featured_media":0,"comment_status":"open","ping_status":"open","sticky":false,"template":"","format":"standard","meta":{"_monsterinsights_skip_tracking":false,"_monsterinsights_sitenote_active":false,"_monsterinsights_sitenote_note":"","_monsterinsights_sitenote_category":0,"footnotes":""},"categories":[69370],"tags":[69369,69368,43674],"class_list":["post-360065","post","type-post","status-publish","format-standard","hentry","category-adriana-moreno-cordero","tag-adriana-moreno-cordero","tag-la-retaguardia","tag-opinion"],"_links":{"self":[{"href":"https:\/\/www.diarioimagen.net\/index.php?rest_route=\/wp\/v2\/posts\/360065","targetHints":{"allow":["GET"]}}],"collection":[{"href":"https:\/\/www.diarioimagen.net\/index.php?rest_route=\/wp\/v2\/posts"}],"about":[{"href":"https:\/\/www.diarioimagen.net\/index.php?rest_route=\/wp\/v2\/types\/post"}],"author":[{"embeddable":true,"href":"https:\/\/www.diarioimagen.net\/index.php?rest_route=\/wp\/v2\/users\/3"}],"replies":[{"embeddable":true,"href":"https:\/\/www.diarioimagen.net\/index.php?rest_route=%2Fwp%2Fv2%2Fcomments&post=360065"}],"version-history":[{"count":0,"href":"https:\/\/www.diarioimagen.net\/index.php?rest_route=\/wp\/v2\/posts\/360065\/revisions"}],"wp:attachment":[{"href":"https:\/\/www.diarioimagen.net\/index.php?rest_route=%2Fwp%2Fv2%2Fmedia&parent=360065"}],"wp:term":[{"taxonomy":"category","embeddable":true,"href":"https:\/\/www.diarioimagen.net\/index.php?rest_route=%2Fwp%2Fv2%2Fcategories&post=360065"},{"taxonomy":"post_tag","embeddable":true,"href":"https:\/\/www.diarioimagen.net\/index.php?rest_route=%2Fwp%2Fv2%2Ftags&post=360065"}],"curies":[{"name":"wp","href":"https:\/\/api.w.org\/{rel}","templated":true}]}}