{"id":360265,"date":"2018-01-18T00:09:12","date_gmt":"2018-01-18T06:09:12","guid":{"rendered":"http:\/\/www.diarioimagen.net\/?p=360265"},"modified":"2018-01-18T01:40:42","modified_gmt":"2018-01-18T07:40:42","slug":"aumenta-en-6-la-recaudacion-del-pago-del-predial-en-atizapan","status":"publish","type":"post","link":"https:\/\/www.diarioimagen.net\/?p=360265","title":{"rendered":"Aumenta en 6% la recaudaci\u00f3n del pago del predial en Atizap\u00e1n"},"content":{"rendered":"<ul>\n<li><strong><em>Excelente respuesta de los contribuyentes<\/em><\/strong><\/li>\n<\/ul>\n<p>&nbsp;<\/p>\n<div id=\"attachment_360326\" style=\"width: 470px\" class=\"wp-caption aligncenter\"><a href=\"http:\/\/www.diarioimagen.net\/?attachment_id=360326\" rel=\"attachment wp-att-360326\"><img loading=\"lazy\" decoding=\"async\" aria-describedby=\"caption-attachment-360326\" class=\"size-large wp-image-360326\" src=\"http:\/\/www.diarioimagen.net\/wp-content\/uploads\/2018\/01\/ATIZAPAN-3287-460x259.jpg\" alt=\"\" width=\"460\" height=\"259\" srcset=\"https:\/\/www.diarioimagen.net\/wp-content\/uploads\/2018\/01\/ATIZAPAN-3287-460x259.jpg 460w, https:\/\/www.diarioimagen.net\/wp-content\/uploads\/2018\/01\/ATIZAPAN-3287-240x135.jpg 240w, https:\/\/www.diarioimagen.net\/wp-content\/uploads\/2018\/01\/ATIZAPAN-3287-235x132.jpg 235w, https:\/\/www.diarioimagen.net\/wp-content\/uploads\/2018\/01\/ATIZAPAN-3287-202x114.jpg 202w, https:\/\/www.diarioimagen.net\/wp-content\/uploads\/2018\/01\/ATIZAPAN-3287-350x196.jpg 350w, https:\/\/www.diarioimagen.net\/wp-content\/uploads\/2018\/01\/ATIZAPAN-3287-220x123.jpg 220w, https:\/\/www.diarioimagen.net\/wp-content\/uploads\/2018\/01\/ATIZAPAN-3287-237x132.jpg 237w, https:\/\/www.diarioimagen.net\/wp-content\/uploads\/2018\/01\/ATIZAPAN-3287.jpg 480w\" sizes=\"auto, (max-width: 460px) 100vw, 460px\" \/><\/a><p id=\"caption-attachment-360326\" class=\"wp-caption-text\">Manuel de la Vega Su\u00e1rez explic\u00f3 a diferentes medios de comunicaci\u00f3n datos relevantes sobre el pago del predial.<\/p><\/div>\n<p>&nbsp;<\/p>\n<p><strong>Atizap\u00e1n, Estado de M\u00e9xico<\/strong>.- El tesorero municipal, Manuel de la Vega Su\u00e1rez, explic\u00f3 a diferentes medios de comunicaci\u00f3n datos relevantes sobre el pago del predial en Atizap\u00e1n de Zaragoza en lo que va del ejercicio 2018 comparado al ejercicio 2017.<\/p>\n<p>Recalc\u00f3 que este a\u00f1o se logr\u00f3 rebasar los importes recaudados en el ejercicio 2017 con un incremento del 6%, se\u00f1al\u00f3 que en este ejercicio fiscal la legislatura no autoriz\u00f3 incremento en las tablas de valor,\u00a0 por ende se esperaba que la recaudaci\u00f3n fuera en el mismo sentido que el a\u00f1o anterior.<\/p>\n<p>Cabe destacar que Vega Su\u00e1rez atribuy\u00f3 la excelente respuesta de los atizapenses del pago del predial, a la confianza y seguridad de que sus recursos ser\u00e1n empleados adecuadamente en obras en beneficio de la comunidad y a que se ha actualizado la base catastral.<\/p>\n<p>Al ser cuestionado sobre el rezago del pago que se present\u00f3 el a\u00f1o pasado, se\u00f1al\u00f3 que fue del 32% y que a\u00fan no es tiempo para considerar que haya un rezago en este ejercicio, se tendr\u00e1 conocimiento hasta que termine el primer trimestre del a\u00f1o.<\/p>\n<p>\u201cNos apegamos a lo que marca el c\u00f3digo financiero, que cualquier due\u00f1o dentro del territorio debe estar registrado en catastro, aun estando en zonas ejidales\u201d concluy\u00f3 el tesorero.<\/p>\n<p>A diferencia del a\u00f1o pasado en el cual se cobraron 27,162 cuentas, en este a\u00f1o en las mismas fechas se han cobrado \u00a028,108. Se ha brindado mayor facilidad a los atizapenses para realizar su pago de predial, con importantes descuentos; en enero el descuento ser\u00e1 del 8% en febrero del 6% y en marzo del 4%, recalc\u00f3 que se cuenta con 5 oficinas de recaudaci\u00f3n ubicadas en el Centro Cultural Luis Nishizawa, en Plaza La Cantera, a un lado de Sumesa Arboledas, en las oficinas de SAPASA, y en Villas de la Hacienda.<\/p>\n<p>Cabe destacar que el Tesorero Municipal coment\u00f3 que existe una deuda heredada por administraciones anteriores, una a largo plazo y otra a corto plazo.<\/p>\n<p>Por \u00faltimo destac\u00f3 que \u00a0se tienen finanzas estables en el Ayuntamiento de Atizap\u00e1n de Zaragoza.<\/p>\n","protected":false},"excerpt":{"rendered":"<p>El tesorero municipal, Manuel de la Vega Su\u00e1rez, explic\u00f3 a diferentes medios de comunicaci\u00f3n datos relevantes sobre el pago del predial en Atizap\u00e1n de Zaragoza en lo que va del ejercicio 2018 comparado al ejercicio 2017.<\/p>\n","protected":false},"author":3,"featured_media":360326,"comment_status":"open","ping_status":"open","sticky":false,"template":"","format":"standard","meta":{"_monsterinsights_skip_tracking":false,"_monsterinsights_sitenote_active":false,"_monsterinsights_sitenote_note":"","_monsterinsights_sitenote_category":0,"footnotes":""},"categories":[35155],"tags":[969,43675,21487,48967],"class_list":["post-360265","post","type-post","status-publish","format-standard","has-post-thumbnail","hentry","category-estado-de-mexico-estado-de-mexico","tag-atizapan","tag-estado-de-mexico","tag-predial","tag-recaudacion"],"_links":{"self":[{"href":"https:\/\/www.diarioimagen.net\/index.php?rest_route=\/wp\/v2\/posts\/360265","targetHints":{"allow":["GET"]}}],"collection":[{"href":"https:\/\/www.diarioimagen.net\/index.php?rest_route=\/wp\/v2\/posts"}],"about":[{"href":"https:\/\/www.diarioimagen.net\/index.php?rest_route=\/wp\/v2\/types\/post"}],"author":[{"embeddable":true,"href":"https:\/\/www.diarioimagen.net\/index.php?rest_route=\/wp\/v2\/users\/3"}],"replies":[{"embeddable":true,"href":"https:\/\/www.diarioimagen.net\/index.php?rest_route=%2Fwp%2Fv2%2Fcomments&post=360265"}],"version-history":[{"count":0,"href":"https:\/\/www.diarioimagen.net\/index.php?rest_route=\/wp\/v2\/posts\/360265\/revisions"}],"wp:featuredmedia":[{"embeddable":true,"href":"https:\/\/www.diarioimagen.net\/index.php?rest_route=\/wp\/v2\/media\/360326"}],"wp:attachment":[{"href":"https:\/\/www.diarioimagen.net\/index.php?rest_route=%2Fwp%2Fv2%2Fmedia&parent=360265"}],"wp:term":[{"taxonomy":"category","embeddable":true,"href":"https:\/\/www.diarioimagen.net\/index.php?rest_route=%2Fwp%2Fv2%2Fcategories&post=360265"},{"taxonomy":"post_tag","embeddable":true,"href":"https:\/\/www.diarioimagen.net\/index.php?rest_route=%2Fwp%2Fv2%2Ftags&post=360265"}],"curies":[{"name":"wp","href":"https:\/\/api.w.org\/{rel}","templated":true}]}}